{"id":78255,"date":"2020-03-25T15:15:21","date_gmt":"2020-03-25T14:15:21","guid":{"rendered":"https:\/\/www.intarcon.com\/camaras-frigorificas-para-conservacion-y-maduracion-de-carne-en-horeca\/"},"modified":"2024-12-12T10:02:29","modified_gmt":"2024-12-12T09:02:29","slug":"camaras-frigorificas-para-a-conservacao-e-maturacao-das-carnes-no-sector-horeca","status":"publish","type":"post","link":"https:\/\/www.intarcon.com\/pt-pt\/camaras-frigorificas-para-a-conservacao-e-maturacao-das-carnes-no-sector-horeca\/","title":{"rendered":"C\u00e2maras frigor\u00edficas para a conserva\u00e7\u00e3o e matura\u00e7\u00e3o das carnes no sector HORECA"},"content":{"rendered":"\t\t<div data-elementor-type=\"wp-post\" data-elementor-id=\"78255\" class=\"elementor elementor-78255 elementor-18223\" data-elementor-post-type=\"post\">\n\t\t\t\t\t\t<section class=\"elementor-section elementor-top-section elementor-element elementor-element-427c28ba elementor-section-boxed elementor-section-height-default elementor-section-height-default\" data-id=\"427c28ba\" data-element_type=\"section\">\r\n\t\t\r\n\t\t\t\t\t\t\t<div class=\"elementor-container elementor-column-gap-default\">\r\n\t\t\t\t\t\t\t\t\t\t\t<div class=\"elementor-column elementor-col-100 elementor-top-column elementor-element elementor-element-5e973cd2\" data-id=\"5e973cd2\" data-element_type=\"column\">\r\n\t\t\t\t\t<div class=\"elementor-widget-wrap elementor-element-populated\">\r\n\t\t\t\t\t\t\t\t<div class=\"elementor-element elementor-element-7b1b5275 elementor-widget elementor-widget-text-editor\" data-id=\"7b1b5275\" data-element_type=\"widget\" data-widget_type=\"text-editor.default\">\n\t\t\t\t<div class=\"elementor-widget-container\">\n\t\t\t\t\t\t\t\t\t<p>Neste post vamos falar sobre a import\u00e2ncia das c\u00e2maras frigor\u00edficas para a conserva\u00e7\u00e3o e matura\u00e7\u00e3o da carne no sector HORECA.<\/p><p>A carne \u00e9 um produto naturalmente perec\u00edvel, pelo que a sua exposi\u00e7\u00e3o ao calor, \u00e0 luz, \u00e0s vibra\u00e7\u00f5es ou \u00e0s flutua\u00e7\u00f5es de temperatura e humidade pode provocar a deteriora\u00e7\u00e3o de qualquer tipo de carne. Quando armazenada corretamente, a carne n\u00e3o s\u00f3 mant\u00e9m a sua qualidade, como pode melhorar consideravelmente a sua tenrura, textura e sabor nas pe\u00e7as mais requintadas.<\/p><h2>O que \u00e9 o &#8220;rigor mortis&#8221;?<\/h2><p>O &#8220;rigor mortis&#8221; ou &#8220;rigidez da morte&#8221; \u00e9 uma altera\u00e7\u00e3o qu\u00edmica nos m\u00fasculos de um animal que surge normalmente 3 a 4 horas ap\u00f3s a morte e que, em geral, produz todos os seus efeitos ap\u00f3s cerca de 12 horas. Quando o rigor mortis ocorre, \u00e9 um sintoma de que a glicose deixou de chegar aos m\u00fasculos, gerando \u00e1cido l\u00e1tico para cobrir a falta de glicose e resultando em rigidez muscular.<\/p><p>Depois de o \u00e1cido l\u00e1tico ter invadido o organismo e ap\u00f3s alguns dias, come\u00e7a a ser eliminado lentamente. Os m\u00fasculos relaxam e os tecidos come\u00e7am a descontrair, resultando num produto de consumo \u00f3timo.<\/p><p>Se a carne for consumida imediatamente ap\u00f3s o abate do animal, ser\u00e1 mais ou menos borrachenta e dura, dependendo do stress a que o animal foi submetido durante o abate. Por outro lado, se a carne for consumida ap\u00f3s um processo de matura\u00e7\u00e3o \u00f3timo, ser\u00e1 muito mais tenra e saborosa. Por esta raz\u00e3o, \u00e9 habitual na ind\u00fastria da carne que esta seja deixada a repousar durante pelo menos 10 dias antes de ser comercializada.<\/p><h2>O que \u00e9 a matura\u00e7\u00e3o da carne?<\/h2><p>O processo de matura\u00e7\u00e3o da carne tem como objetivo obter uma carne mais saborosa e tenra antes de ser consumida, e consiste basicamente em deix\u00e1-la em repouso durante o tempo necess\u00e1rio para dar descanso aos m\u00fasculos que est\u00e3o r\u00edgidos (rigor mortis) at\u00e9 que essa rigidez desapare\u00e7a, conseguindo assim um envelhecimento da carne.<\/p><p><a href=\"https:\/\/www.intarcon.com\/producto\/carne\/\"><img fetchpriority=\"high\" decoding=\"async\" class=\"alignnone wp-image-69770 size-full\" src=\"https:\/\/www.intarcon.com\/wp-content\/uploads\/2022\/09\/Cta-CP-Maduracion-de-carne-PT.webp\" alt=\"Matura\u00e7\u00e3o da carne INTARCON\" width=\"1204\" height=\"347\" srcset=\"https:\/\/www.intarcon.com\/wp-content\/uploads\/2022\/09\/Cta-CP-Maduracion-de-carne-PT.webp 1204w, https:\/\/www.intarcon.com\/wp-content\/uploads\/2022\/09\/Cta-CP-Maduracion-de-carne-PT-768x221.webp 768w, https:\/\/www.intarcon.com\/wp-content\/uploads\/2022\/09\/Cta-CP-Maduracion-de-carne-PT-640x184.webp 640w, https:\/\/www.intarcon.com\/wp-content\/uploads\/2022\/09\/Cta-CP-Maduracion-de-carne-PT-400x115.webp 400w, https:\/\/www.intarcon.com\/wp-content\/uploads\/2022\/09\/Cta-CP-Maduracion-de-carne-PT-367x106.webp 367w, https:\/\/www.intarcon.com\/wp-content\/uploads\/2022\/09\/Cta-CP-Maduracion-de-carne-PT-600x173.webp 600w\" sizes=\"(max-width: 1204px) 100vw, 1204px\" \/><\/a><\/p><h2>Como \u00e9 efectuada a matura\u00e7\u00e3o da carne?<\/h2><p>Existem basicamente dois tipos de processos de matura\u00e7\u00e3o da carne:<\/p><h3>Matura\u00e7\u00e3o por via h\u00famida ou por v\u00e1cuo<\/h3><p>Este processo consiste em embalar em v\u00e1cuo as pe\u00e7as de carne pelo menos 48 horas ap\u00f3s o abate, retirando todo o ar que as envolve, de modo a minimizar o crescimento de bact\u00e9rias aer\u00f3bias e, assim, retardar o processo de degrada\u00e7\u00e3o bacteriana.<\/p><p>Condi\u00e7\u00f5es de temperatura e de armazenamento para a matura\u00e7\u00e3o em h\u00famido ou em v\u00e1cuo<\/p><p>Desta forma, para al\u00e9m de conservar, podemos tamb\u00e9m maturar a carne minimizando a perda de peso, desde que a temperatura seja rigorosamente mantida<em><strong> entre 1,5 e 3 \u00b0C<\/strong><\/em>, sem necessidade de controlar a humidade neste caso.<\/p><p>Neste tipo de matura\u00e7\u00e3o, n\u00e3o \u00e9 necess\u00e1rio que os peda\u00e7os de carne tenham gordura uniformemente distribu\u00edda e o espa\u00e7o de armazenamento necess\u00e1rio \u00e9 muito menor do que noutros processos de matura\u00e7\u00e3o.<\/p><p>As pe\u00e7as refrigeradas s\u00e3o geralmente deixadas a maturar durante 7 a 14 dias, com um m\u00e1ximo de 20 a 25 dias, uma vez que ap\u00f3s esse per\u00edodo a carne pode adquirir odores e sabores indesej\u00e1veis.<\/p><h3>Matura\u00e7\u00e3o a seco<\/h3><p>Neste tipo de matura\u00e7\u00e3o da carne, s\u00e3o seleccionadas pe\u00e7as de alta qualidade com um elevado teor de gordura que deve ser distribu\u00eddo uniformemente, o que proteger\u00e1 as pe\u00e7as da deteriora\u00e7\u00e3o interna. A carne \u00e9 deixada a repousar num ambiente com <strong><em>temperatura e humidade controladas<\/em><\/strong> durante um longo per\u00edodo de tempo para envelhecer. O resultado \u00e9 uma carne de qualidade excecional, com um \u00f3timo sabor, segundo os especialistas.<\/p><p>Da mesma forma, \u00e9 importante manter uma baixa velocidade do caudal de ar na c\u00e2mara. Isto \u00e9 conseguido com evaporadores de caudal de ar duplo que incorporam ventiladores regulados a uma velocidade de rota\u00e7\u00e3o m\u00ednima para simular o caudal de ar de convec\u00e7\u00e3o natural, tal como um evaporador est\u00e1tico.<\/p><h3>Temperatura e condi\u00e7\u00f5es de armazenamento para a matura\u00e7\u00e3o em seco<\/h3><p><em><strong>A chave para o equipamento de matura\u00e7\u00e3o de carne seca \u00e9 o controlo da humidade<\/strong><\/em>. Recomenda-se uma humidade relativa elevada, uma vez que mant\u00e9m o produto h\u00famido e a evapora\u00e7\u00e3o a um n\u00edvel m\u00ednimo. <a href=\"https:\/\/www.intarcon.com\/producto\/carne\/\">As unidades de refrigera\u00e7\u00e3o para a matura\u00e7\u00e3o da carne<\/a> est\u00e3o configuradas para c\u00e2maras de cerca de<strong> 0 \u00b0C<\/strong> e humidade relativa na gama de<strong> 65 % a 85 %<\/strong>. Deve tamb\u00e9m ter-se em conta que uma humidade demasiado baixa pode secar o produto.<\/p><p>O tempo m\u00ednimo recomendado para este tipo de processo de matura\u00e7\u00e3o depender\u00e1 do sexo e da idade do animal em causa, mas em qualquer caso \u00e9 longo.<\/p><p>Este processo de matura\u00e7\u00e3o a seco garante que, por um lado, a a\u00e7\u00e3o das enzimas end\u00f3genas naturalmente presentes na carne desintegra os tecidos conjuntivos do m\u00fasculo, produzindo um amolecimento da carne. Por outro lado, a perda de humidade permite obter uma elevada concentra\u00e7\u00e3o de sabor, muito superior \u00e0 da carne fresca embalada em v\u00e1cuo, bem como uma textura muito mais suave.<\/p><p><a href=\"https:\/\/www.intarcon.com\/producto\/carne\/\"><img fetchpriority=\"high\" decoding=\"async\" class=\"alignnone wp-image-69770 size-full\" src=\"https:\/\/www.intarcon.com\/wp-content\/uploads\/2022\/09\/Cta-CP-Maduracion-de-carne-PT.webp\" alt=\"Matura\u00e7\u00e3o da carne INTARCON\" width=\"1204\" height=\"347\" srcset=\"https:\/\/www.intarcon.com\/wp-content\/uploads\/2022\/09\/Cta-CP-Maduracion-de-carne-PT.webp 1204w, https:\/\/www.intarcon.com\/wp-content\/uploads\/2022\/09\/Cta-CP-Maduracion-de-carne-PT-768x221.webp 768w, https:\/\/www.intarcon.com\/wp-content\/uploads\/2022\/09\/Cta-CP-Maduracion-de-carne-PT-640x184.webp 640w, https:\/\/www.intarcon.com\/wp-content\/uploads\/2022\/09\/Cta-CP-Maduracion-de-carne-PT-400x115.webp 400w, https:\/\/www.intarcon.com\/wp-content\/uploads\/2022\/09\/Cta-CP-Maduracion-de-carne-PT-367x106.webp 367w, https:\/\/www.intarcon.com\/wp-content\/uploads\/2022\/09\/Cta-CP-Maduracion-de-carne-PT-600x173.webp 600w\" sizes=\"(max-width: 1204px) 100vw, 1204px\" \/><\/a><\/p><h4>Vantagens<\/h4><p>Este tipo de matura\u00e7\u00e3o favorece a prolifera\u00e7\u00e3o de bolores (fungos) na superf\u00edcie da carne, o que n\u00e3o implica qualquer perda de qualidade, contribuindo mesmo para amaciar e real\u00e7ar o sabor da carne. Basta ter o cuidado de cortar e deitar fora a crosta antes da cozedura.<\/p><p>Face ao exposto, podemos deduzir que a carne maturada a seco \u00e9 um produto destinado fundamentalmente a estabelecimentos de restaura\u00e7\u00e3o onde se valoriza a qualidade, deixando o aspeto econ\u00f3mico para segundo plano, pois \u00e9 evidente que o valor de uma pe\u00e7a de carne maturada a seco ter\u00e1 um pre\u00e7o muito superior ao de uma pe\u00e7a n\u00e3o maturada. Este aumento \u00e9 justificado, em primeiro lugar, pela perda de peso que a carne sofrer\u00e1, em segundo lugar, pela complexidade do pr\u00f3prio processo de matura\u00e7\u00e3o (controlo preciso da temperatura e da humidade) e, em terceiro lugar, pelo tempo de matura\u00e7\u00e3o das pe\u00e7as de carne.<\/p><p>Uma cave ou arm\u00e1rio de matura\u00e7\u00e3o de carne \u00e9 normalmente integrada na sala de jantar de um restaurante para melhorar a qualidade do produto de carne, permitindo aos comensais ver e escolher a pe\u00e7a de que mais gostam.<\/p><h3>Amadurecimento no v\u00e1cuo vs. amadurecimento a seco<\/h3><p><img decoding=\"async\" class=\"alignnone size-full wp-image-78261\" src=\"https:\/\/www.intarcon.com\/wp-content\/uploads\/2023\/07\/conservacion-y-maduracion-de-carne-pt.webp\" alt=\"Conserva\u00e7\u00e3o e matura\u00e7\u00e3o da carne\" width=\"1486\" height=\"389\" srcset=\"https:\/\/www.intarcon.com\/wp-content\/uploads\/2023\/07\/conservacion-y-maduracion-de-carne-pt.webp 1486w, https:\/\/www.intarcon.com\/wp-content\/uploads\/2023\/07\/conservacion-y-maduracion-de-carne-pt-768x201.webp 768w, https:\/\/www.intarcon.com\/wp-content\/uploads\/2023\/07\/conservacion-y-maduracion-de-carne-pt-640x168.webp 640w, https:\/\/www.intarcon.com\/wp-content\/uploads\/2023\/07\/conservacion-y-maduracion-de-carne-pt-400x105.webp 400w, https:\/\/www.intarcon.com\/wp-content\/uploads\/2023\/07\/conservacion-y-maduracion-de-carne-pt-367x96.webp 367w, https:\/\/www.intarcon.com\/wp-content\/uploads\/2023\/07\/conservacion-y-maduracion-de-carne-pt-600x157.webp 600w\" sizes=\"(max-width: 1486px) 100vw, 1486px\" \/><\/p><p>Analisando esta compara\u00e7\u00e3o, podemos constatar que ambos os m\u00e9todos s\u00e3o perfeitamente v\u00e1lidos e, de facto, ambos s\u00e3o atualmente de uso corrente, embora cada um deles esteja orientado para um mercado e um cliente diferentes. Podemos ver que os processos de matura\u00e7\u00e3o em v\u00e1cuo s\u00e3o r\u00e1pidos e eficazes, pelo que s\u00e3o adequados quando o que se valoriza \u00e9 a rapidez e o pre\u00e7o. Por outro lado, a matura\u00e7\u00e3o a seco oferece-nos uma not\u00e1vel vantagem qualitativa, mas logicamente a um pre\u00e7o mais elevado.<\/p><p>Uma vez conhecidas as condi\u00e7\u00f5es de conserva\u00e7\u00e3o, vamos conhecer os<strong> equipamentos INTARCON<\/strong> dispon\u00edveis, especialmente concebidos para estas aplica\u00e7\u00f5es, que garantem condi\u00e7\u00f5es \u00f3ptimas de conserva\u00e7\u00e3o e matura\u00e7\u00e3o das carnes:<\/p><h2>Gama de equipamentos INTARCON para matura\u00e7\u00e3o de carne seca<\/h2><p>O <a href=\"https:\/\/www.intarcon.com\/producto\/carne\/\">equipamento de matura\u00e7\u00e3o da carne<\/a> est\u00e1 dispon\u00edvel em constru\u00e7\u00e3o semi-compacta, silenciosa ou centr\u00edfuga<\/p><p>As principais caracter\u00edsticas s\u00e3o as seguintes:<\/p><ul><li>Evaporador quase-est\u00e1tico de fluxo duplo de velocidade muito baixa, especialmente concebido para a conserva\u00e7\u00e3o de carne.<\/li><li>Controlo ativo da humidade relativa da c\u00e2mara, incorporando um humidificador de vapor de 3 kg\/h de capacidade, com lan\u00e7as de vapor integradas na unidade evaporadora.<\/li><li>Comando eletr\u00f3nico com controlo remoto e controlo digital da condensa\u00e7\u00e3o<\/li><li>Pr\u00e9-carga de refrigerante inclu\u00edda<\/li><\/ul><p>Gra\u00e7as ao equipamento de matura\u00e7\u00e3o da carne, esta pode ser mantida em condi\u00e7\u00f5es \u00f3ptimas a <em><strong>uma temperatura de 0 \u00b0C e uma humidade relativa de 65-85 %.<\/strong><\/em><\/p><p>\u00a0<\/p><h2>Supervis\u00e3o e controlo da instala\u00e7\u00e3o<\/h2><p>Dada a import\u00e2ncia da manuten\u00e7\u00e3o da cadeia de frio na conserva\u00e7\u00e3o e matura\u00e7\u00e3o da carne, a instala\u00e7\u00e3o de equipamentos de refrigera\u00e7\u00e3o pode ser equipada com o inovador sistema <a href=\"https:\/\/www.kiconex.com\/\">kiconex<\/a>, que disponibiliza equipamentos e instala\u00e7\u00f5es com hiperconectividade \u00e0 internet com armazenamento de dados e computa\u00e7\u00e3o em nuvem.<\/p><p>Atrav\u00e9s da sua plataforma, tanto o instalador como o propriet\u00e1rio da instala\u00e7\u00e3o podem aceder remotamente \u00e0 supervis\u00e3o e ao controlo da instala\u00e7\u00e3o, com gr\u00e1ficos de dados em tempo real e permitindo modificar os par\u00e2metros de arrefecimento da instala\u00e7\u00e3o, se desejado.<\/p>\t\t\t\t\t\t\t\t<\/div>\n\t\t\t\t<\/div>\n\t\t\t\t\t<\/div>\r\n\t\t\t\t<\/div>\r\n\t\t\t\t\t<\/div>\r\n\t\t\t\t<\/section>\r\n\t\t\t\t<section class=\"elementor-section elementor-top-section elementor-element elementor-element-1bb4755 elementor-section-height-min-height elementor-section-content-middle elementor-section-boxed elementor-section-height-default elementor-section-items-middle\" data-id=\"1bb4755\" data-element_type=\"section\" data-settings=\"{&quot;background_background&quot;:&quot;classic&quot;}\">\r\n\t\t\r\n\t\t\t\t\t\t\t<div class=\"elementor-container elementor-column-gap-default\">\r\n\t\t\t\t\t\t\t\t\t\t\t<div class=\"elementor-column elementor-col-50 elementor-top-column elementor-element elementor-element-9de0f38\" data-id=\"9de0f38\" data-element_type=\"column\">\r\n\t\t\t\t\t<div class=\"elementor-widget-wrap\">\r\n\t\t\t\t\t\t\t\t\t<\/div>\r\n\t\t\t\t<\/div>\r\n\t\t\t\t<div class=\"elementor-column elementor-col-50 elementor-top-column elementor-element elementor-element-2df95c5\" data-id=\"2df95c5\" data-element_type=\"column\">\r\n\t\t\t\t\t<div class=\"elementor-widget-wrap elementor-element-populated\">\r\n\t\t\t\t\t\t\t\t<div class=\"elementor-element elementor-element-666ca1a elementor-widget elementor-widget-heading\" data-id=\"666ca1a\" data-element_type=\"widget\" data-widget_type=\"heading.default\">\n\t\t\t\t<div class=\"elementor-widget-container\">\n\t\t\t\t\t<h2 class=\"elementor-heading-title elementor-size-default\">Achou este post interessante?\n<\/h2>\t\t\t\t<\/div>\n\t\t\t\t<\/div>\n\t\t\t\t<div class=\"elementor-element elementor-element-0aa32f8 elementor-widget elementor-widget-text-editor\" data-id=\"0aa32f8\" data-element_type=\"widget\" data-widget_type=\"text-editor.default\">\n\t\t\t\t<div class=\"elementor-widget-container\">\n\t\t\t\t\t\t\t\t\t<p>Ler mais sobre <span style=\"color: #0085bb;\">c\u00e2maras frigor\u00edficas&#8230;<\/span><\/p>\t\t\t\t\t\t\t\t<\/div>\n\t\t\t\t<\/div>\n\t\t\t\t\t<\/div>\r\n\t\t\t\t<\/div>\r\n\t\t\t\t\t<\/div>\r\n\t\t\t\t<\/section>\r\n\t\t\t\t<section class=\"elementor-section elementor-top-section elementor-element elementor-element-e594f8c elementor-section-boxed elementor-section-height-default elementor-section-height-default\" data-id=\"e594f8c\" data-element_type=\"section\">\r\n\t\t\r\n\t\t\t\t\t\t\t<div class=\"elementor-container elementor-column-gap-default\">\r\n\t\t\t\t\t\t\t\t\t\t\t<div class=\"elementor-column elementor-col-100 elementor-top-column elementor-element elementor-element-f35f7d3\" data-id=\"f35f7d3\" data-element_type=\"column\">\r\n\t\t\t\t\t<div class=\"elementor-widget-wrap elementor-element-populated\">\r\n\t\t\t\t\t\t\t\t<section class=\"elementor-section elementor-inner-section elementor-element elementor-element-52bd6e8 elementor-section-boxed elementor-section-height-default elementor-section-height-default\" data-id=\"52bd6e8\" data-element_type=\"section\">\r\n\t\t\r\n\t\t\t\t\t\t\t<div class=\"elementor-container elementor-column-gap-default\">\r\n\t\t\t\t\t\t\t\t\t\t\t<div class=\"elementor-column elementor-col-50 elementor-inner-column elementor-element elementor-element-43f6d3c\" data-id=\"43f6d3c\" data-element_type=\"column\">\r\n\t\t\t\t\t<div class=\"elementor-widget-wrap elementor-element-populated\">\r\n\t\t\t\t\t\t\t\t<div class=\"elementor-element elementor-element-b4caa14 elementor-widget elementor-widget-image\" data-id=\"b4caa14\" data-element_type=\"widget\" data-widget_type=\"image.default\">\n\t\t\t\t<div class=\"elementor-widget-container\">\n\t\t\t\t\t\t\t\t\t\t\t\t\t\t\t\t<a href=\"https:\/\/www.intarcon.com\/pt-pt\/tipos-de-camaras-frigorificas\/\">\n\t\t\t\t\t\t\t<img decoding=\"async\" width=\"128\" height=\"96\" src=\"https:\/\/www.intarcon.com\/wp-content\/uploads\/2022\/06\/camaras-frigorificas.webp\" class=\"attachment-thumbnail size-thumbnail wp-image-66639\" alt=\"Tipos de c\u00e1maras frigor\u00edficas miniatura\" \/>\t\t\t\t\t\t\t\t<\/a>\n\t\t\t\t\t\t\t\t\t\t\t\t\t\t\t<\/div>\n\t\t\t\t<\/div>\n\t\t\t\t<div class=\"elementor-element elementor-element-ef10563 elementor-widget elementor-widget-heading\" data-id=\"ef10563\" data-element_type=\"widget\" data-widget_type=\"heading.default\">\n\t\t\t\t<div class=\"elementor-widget-container\">\n\t\t\t\t\t<h4 class=\"elementor-heading-title elementor-size-default\"><a href=\"https:\/\/www.intarcon.com\/pt-pt\/tipos-de-camaras-frigorificas\/\">Tipos de c\u00e2maras frigor\u00edficas<\/a><\/h4>\t\t\t\t<\/div>\n\t\t\t\t<\/div>\n\t\t\t\t\t<\/div>\r\n\t\t\t\t<\/div>\r\n\t\t\t\t<div class=\"elementor-column elementor-col-50 elementor-inner-column elementor-element elementor-element-0f0e30a\" data-id=\"0f0e30a\" data-element_type=\"column\">\r\n\t\t\t\t\t<div class=\"elementor-widget-wrap elementor-element-populated\">\r\n\t\t\t\t\t\t\t\t<div class=\"elementor-element elementor-element-832200c elementor-widget elementor-widget-image\" data-id=\"832200c\" data-element_type=\"widget\" data-widget_type=\"image.default\">\n\t\t\t\t<div class=\"elementor-widget-container\">\n\t\t\t\t\t\t\t\t\t\t\t\t\t\t\t\t<a href=\"https:\/\/www.intarcon.com\/pt-pt\/refrigeracao-camaras-frigorificas\/\">\n\t\t\t\t\t\t\t<img loading=\"lazy\" decoding=\"async\" width=\"128\" height=\"96\" src=\"https:\/\/www.intarcon.com\/wp-content\/uploads\/2022\/06\/aplicaciones-camaras-frigorificas.webp\" class=\"attachment-thumbnail size-thumbnail wp-image-66634\" alt=\"Aplicaciones c\u00e1maras frigor\u00edficas miniatura\" \/>\t\t\t\t\t\t\t\t<\/a>\n\t\t\t\t\t\t\t\t\t\t\t\t\t\t\t<\/div>\n\t\t\t\t<\/div>\n\t\t\t\t<div class=\"elementor-element elementor-element-a31d9c5 elementor-widget elementor-widget-heading\" data-id=\"a31d9c5\" data-element_type=\"widget\" data-widget_type=\"heading.default\">\n\t\t\t\t<div class=\"elementor-widget-container\">\n\t\t\t\t\t<h4 class=\"elementor-heading-title elementor-size-default\"><a href=\"https:\/\/www.intarcon.com\/pt-pt\/refrigeracao-camaras-frigorificas\/\">C\u00e2maras frigor\u00edficas - Aplica\u00e7\u00f5es<\/a><\/h4>\t\t\t\t<\/div>\n\t\t\t\t<\/div>\n\t\t\t\t\t<\/div>\r\n\t\t\t\t<\/div>\r\n\t\t\t\t\t<\/div>\r\n\t\t\t\t<\/section>\r\n\t\t\t\t\t<\/div>\r\n\t\t\t\t<\/div>\r\n\t\t\t\t\t<\/div>\r\n\t\t\t\t<\/section>\r\n\t\t\t\t<\/div>\n\t\t","protected":false},"excerpt":{"rendered":"<p>Neste post vamos falar sobre a import\u00e2ncia das c\u00e2maras frigor\u00edficas para a conserva\u00e7\u00e3o e matura\u00e7\u00e3o da carne no sector HORECA. A carne \u00e9 um produto naturalmente perec\u00edvel, pelo que a sua exposi\u00e7\u00e3o ao calor, \u00e0 luz, \u00e0s vibra\u00e7\u00f5es ou \u00e0s flutua\u00e7\u00f5es de temperatura e humidade pode provocar a deteriora\u00e7\u00e3o de qualquer tipo de carne. Quando [&hellip;]<\/p>\n","protected":false},"author":2,"featured_media":78257,"comment_status":"closed","ping_status":"open","sticky":false,"template":"","format":"standard","meta":{"footnotes":""},"categories":[646,604],"tags":[],"class_list":["post-78255","post","type-post","status-publish","format-standard","has-post-thumbnail","hentry","category-camaras-frigorificas-pt","category-elementos-de-refrigeracao-pt-pt"],"featured_image_src":{"landsacpe":["https:\/\/www.intarcon.com\/wp-content\/uploads\/2020\/03\/Post-Maduraci\u00f3n-de-carne-1140x445.jpg",1140,445,true],"list":["https:\/\/www.intarcon.com\/wp-content\/uploads\/2020\/03\/Post-Maduraci\u00f3n-de-carne-463x348.jpg",463,348,true],"medium":["https:\/\/www.intarcon.com\/wp-content\/uploads\/2020\/03\/Post-Maduraci\u00f3n-de-carne-300x185.jpg",300,185,true],"full":["https:\/\/www.intarcon.com\/wp-content\/uploads\/2020\/03\/Post-Maduraci\u00f3n-de-carne.jpg",1226,757,false]},"yoast_head":"<!-- This site is optimized with the Yoast SEO plugin v25.5 - https:\/\/yoast.com\/wordpress\/plugins\/seo\/ -->\n<title>C\u00e1maras frigor\u00edficas para conservaci\u00f3n y maduraci\u00f3n de carne - INTARCON<\/title>\n<meta name=\"description\" content=\"Importancia de las c\u00e1maras frigor\u00edficas para conservaci\u00f3n y maduraci\u00f3n de carne en el sector HORECA. Maduraci\u00f3n en h\u00famedo o al vac\u00edo, y en seco.\" \/>\n<meta name=\"robots\" content=\"index, follow, max-snippet:-1, max-image-preview:large, max-video-preview:-1\" \/>\n<link rel=\"canonical\" href=\"https:\/\/www.intarcon.com\/pt-pt\/camaras-frigorificas-para-a-conservacao-e-maturacao-das-carnes-no-sector-horeca\/\" \/>\n<meta property=\"og:locale\" content=\"pt_PT\" \/>\n<meta property=\"og:type\" content=\"article\" \/>\n<meta property=\"og:title\" content=\"C\u00e1maras frigor\u00edficas para conservaci\u00f3n y maduraci\u00f3n de carne - INTARCON\" \/>\n<meta property=\"og:description\" content=\"Importancia de las c\u00e1maras frigor\u00edficas para conservaci\u00f3n y maduraci\u00f3n de carne en el sector HORECA. Maduraci\u00f3n en h\u00famedo o al vac\u00edo, y en seco.\" \/>\n<meta property=\"og:url\" content=\"https:\/\/www.intarcon.com\/pt-pt\/camaras-frigorificas-para-a-conservacao-e-maturacao-das-carnes-no-sector-horeca\/\" \/>\n<meta property=\"og:site_name\" content=\"INTARCON\" \/>\n<meta property=\"article:publisher\" content=\"https:\/\/www.facebook.com\/intarcon\/\" \/>\n<meta property=\"article:published_time\" content=\"2020-03-25T14:15:21+00:00\" \/>\n<meta property=\"article:modified_time\" content=\"2024-12-12T09:02:29+00:00\" \/>\n<meta property=\"og:image\" content=\"https:\/\/www.intarcon.com\/wp-content\/uploads\/2020\/03\/Post-Maduraci\u00f3n-de-carne.jpg\" \/>\n\t<meta property=\"og:image:width\" content=\"1226\" \/>\n\t<meta property=\"og:image:height\" content=\"757\" \/>\n\t<meta property=\"og:image:type\" content=\"image\/jpeg\" \/>\n<meta name=\"author\" content=\"INTARCON\" \/>\n<meta name=\"twitter:card\" content=\"summary_large_image\" \/>\n<meta name=\"twitter:creator\" content=\"@Intarcon\" \/>\n<meta name=\"twitter:site\" content=\"@Intarcon\" \/>\n<meta name=\"twitter:label1\" content=\"Written by\" \/>\n\t<meta name=\"twitter:data1\" content=\"INTARCON\" \/>\n\t<meta name=\"twitter:label2\" content=\"Est. reading time\" \/>\n\t<meta name=\"twitter:data2\" content=\"9 minutes\" \/>\n<script type=\"application\/ld+json\" class=\"yoast-schema-graph\">{\"@context\":\"https:\/\/schema.org\",\"@graph\":[{\"@type\":\"WebPage\",\"@id\":\"https:\/\/www.intarcon.com\/pt-pt\/camaras-frigorificas-para-a-conservacao-e-maturacao-das-carnes-no-sector-horeca\/\",\"url\":\"https:\/\/www.intarcon.com\/pt-pt\/camaras-frigorificas-para-a-conservacao-e-maturacao-das-carnes-no-sector-horeca\/\",\"name\":\"C\u00e1maras frigor\u00edficas para conservaci\u00f3n y maduraci\u00f3n de carne - INTARCON\",\"isPartOf\":{\"@id\":\"https:\/\/www.intarcon.com\/pt-pt\/#website\"},\"primaryImageOfPage\":{\"@id\":\"https:\/\/www.intarcon.com\/pt-pt\/camaras-frigorificas-para-a-conservacao-e-maturacao-das-carnes-no-sector-horeca\/#primaryimage\"},\"image\":{\"@id\":\"https:\/\/www.intarcon.com\/pt-pt\/camaras-frigorificas-para-a-conservacao-e-maturacao-das-carnes-no-sector-horeca\/#primaryimage\"},\"thumbnailUrl\":\"https:\/\/www.intarcon.com\/wp-content\/uploads\/2020\/03\/Post-Maduraci\u00f3n-de-carne.jpg\",\"datePublished\":\"2020-03-25T14:15:21+00:00\",\"dateModified\":\"2024-12-12T09:02:29+00:00\",\"author\":{\"@id\":\"https:\/\/www.intarcon.com\/pt-pt\/#\/schema\/person\/3953ab26cc806bd58bd91f8a62054c03\"},\"description\":\"Importancia de las c\u00e1maras frigor\u00edficas para conservaci\u00f3n y maduraci\u00f3n de carne en el sector HORECA. Maduraci\u00f3n en h\u00famedo o al vac\u00edo, y en seco.\",\"breadcrumb\":{\"@id\":\"https:\/\/www.intarcon.com\/pt-pt\/camaras-frigorificas-para-a-conservacao-e-maturacao-das-carnes-no-sector-horeca\/#breadcrumb\"},\"inLanguage\":\"pt\",\"potentialAction\":[{\"@type\":\"ReadAction\",\"target\":[\"https:\/\/www.intarcon.com\/pt-pt\/camaras-frigorificas-para-a-conservacao-e-maturacao-das-carnes-no-sector-horeca\/\"]}]},{\"@type\":\"ImageObject\",\"inLanguage\":\"pt\",\"@id\":\"https:\/\/www.intarcon.com\/pt-pt\/camaras-frigorificas-para-a-conservacao-e-maturacao-das-carnes-no-sector-horeca\/#primaryimage\",\"url\":\"https:\/\/www.intarcon.com\/wp-content\/uploads\/2020\/03\/Post-Maduraci\u00f3n-de-carne.jpg\",\"contentUrl\":\"https:\/\/www.intarcon.com\/wp-content\/uploads\/2020\/03\/Post-Maduraci\u00f3n-de-carne.jpg\",\"width\":1226,\"height\":757},{\"@type\":\"BreadcrumbList\",\"@id\":\"https:\/\/www.intarcon.com\/pt-pt\/camaras-frigorificas-para-a-conservacao-e-maturacao-das-carnes-no-sector-horeca\/#breadcrumb\",\"itemListElement\":[{\"@type\":\"ListItem\",\"position\":1,\"name\":\"Portada\",\"item\":\"https:\/\/www.intarcon.com\/pt-pt\/\"},{\"@type\":\"ListItem\",\"position\":2,\"name\":\"Elementos de refrigera\u00e7\u00e3o\",\"item\":\"https:\/\/www.intarcon.com\/pt-pt\/category\/elementos-de-refrigeracao-pt-pt\/\"},{\"@type\":\"ListItem\",\"position\":3,\"name\":\"C\u00e2maras frigor\u00edficas para a conserva\u00e7\u00e3o e matura\u00e7\u00e3o das carnes no sector HORECA\"}]},{\"@type\":\"WebSite\",\"@id\":\"https:\/\/www.intarcon.com\/pt-pt\/#website\",\"url\":\"https:\/\/www.intarcon.com\/pt-pt\/\",\"name\":\"INTARCON\",\"description\":\"\",\"potentialAction\":[{\"@type\":\"SearchAction\",\"target\":{\"@type\":\"EntryPoint\",\"urlTemplate\":\"https:\/\/www.intarcon.com\/pt-pt\/?s={search_term_string}\"},\"query-input\":{\"@type\":\"PropertyValueSpecification\",\"valueRequired\":true,\"valueName\":\"search_term_string\"}}],\"inLanguage\":\"pt\"},{\"@type\":\"Person\",\"@id\":\"https:\/\/www.intarcon.com\/pt-pt\/#\/schema\/person\/3953ab26cc806bd58bd91f8a62054c03\",\"name\":\"INTARCON\",\"image\":{\"@type\":\"ImageObject\",\"inLanguage\":\"pt\",\"@id\":\"https:\/\/www.intarcon.com\/pt-pt\/#\/schema\/person\/image\/\",\"url\":\"https:\/\/secure.gravatar.com\/avatar\/15e7dea3e8aff0fc73c1fbe5156ed313f6044f5727ad9a8c9752574cacdce03d?s=96&d=mm&r=g\",\"contentUrl\":\"https:\/\/secure.gravatar.com\/avatar\/15e7dea3e8aff0fc73c1fbe5156ed313f6044f5727ad9a8c9752574cacdce03d?s=96&d=mm&r=g\",\"caption\":\"INTARCON\"}}]}<\/script>\n<!-- \/ Yoast SEO plugin. -->","yoast_head_json":{"title":"C\u00e1maras frigor\u00edficas para conservaci\u00f3n y maduraci\u00f3n de carne - INTARCON","description":"Importancia de las c\u00e1maras frigor\u00edficas para conservaci\u00f3n y maduraci\u00f3n de carne en el sector HORECA. Maduraci\u00f3n en h\u00famedo o al vac\u00edo, y en seco.","robots":{"index":"index","follow":"follow","max-snippet":"max-snippet:-1","max-image-preview":"max-image-preview:large","max-video-preview":"max-video-preview:-1"},"canonical":"https:\/\/www.intarcon.com\/pt-pt\/camaras-frigorificas-para-a-conservacao-e-maturacao-das-carnes-no-sector-horeca\/","og_locale":"pt_PT","og_type":"article","og_title":"C\u00e1maras frigor\u00edficas para conservaci\u00f3n y maduraci\u00f3n de carne - INTARCON","og_description":"Importancia de las c\u00e1maras frigor\u00edficas para conservaci\u00f3n y maduraci\u00f3n de carne en el sector HORECA. Maduraci\u00f3n en h\u00famedo o al vac\u00edo, y en seco.","og_url":"https:\/\/www.intarcon.com\/pt-pt\/camaras-frigorificas-para-a-conservacao-e-maturacao-das-carnes-no-sector-horeca\/","og_site_name":"INTARCON","article_publisher":"https:\/\/www.facebook.com\/intarcon\/","article_published_time":"2020-03-25T14:15:21+00:00","article_modified_time":"2024-12-12T09:02:29+00:00","og_image":[{"width":1226,"height":757,"url":"https:\/\/www.intarcon.com\/wp-content\/uploads\/2020\/03\/Post-Maduraci\u00f3n-de-carne.jpg","type":"image\/jpeg"}],"author":"INTARCON","twitter_card":"summary_large_image","twitter_creator":"@Intarcon","twitter_site":"@Intarcon","twitter_misc":{"Written by":"INTARCON","Est. reading time":"9 minutes"},"schema":{"@context":"https:\/\/schema.org","@graph":[{"@type":"WebPage","@id":"https:\/\/www.intarcon.com\/pt-pt\/camaras-frigorificas-para-a-conservacao-e-maturacao-das-carnes-no-sector-horeca\/","url":"https:\/\/www.intarcon.com\/pt-pt\/camaras-frigorificas-para-a-conservacao-e-maturacao-das-carnes-no-sector-horeca\/","name":"C\u00e1maras frigor\u00edficas para conservaci\u00f3n y maduraci\u00f3n de carne - INTARCON","isPartOf":{"@id":"https:\/\/www.intarcon.com\/pt-pt\/#website"},"primaryImageOfPage":{"@id":"https:\/\/www.intarcon.com\/pt-pt\/camaras-frigorificas-para-a-conservacao-e-maturacao-das-carnes-no-sector-horeca\/#primaryimage"},"image":{"@id":"https:\/\/www.intarcon.com\/pt-pt\/camaras-frigorificas-para-a-conservacao-e-maturacao-das-carnes-no-sector-horeca\/#primaryimage"},"thumbnailUrl":"https:\/\/www.intarcon.com\/wp-content\/uploads\/2020\/03\/Post-Maduraci\u00f3n-de-carne.jpg","datePublished":"2020-03-25T14:15:21+00:00","dateModified":"2024-12-12T09:02:29+00:00","author":{"@id":"https:\/\/www.intarcon.com\/pt-pt\/#\/schema\/person\/3953ab26cc806bd58bd91f8a62054c03"},"description":"Importancia de las c\u00e1maras frigor\u00edficas para conservaci\u00f3n y maduraci\u00f3n de carne en el sector HORECA. Maduraci\u00f3n en h\u00famedo o al vac\u00edo, y en seco.","breadcrumb":{"@id":"https:\/\/www.intarcon.com\/pt-pt\/camaras-frigorificas-para-a-conservacao-e-maturacao-das-carnes-no-sector-horeca\/#breadcrumb"},"inLanguage":"pt","potentialAction":[{"@type":"ReadAction","target":["https:\/\/www.intarcon.com\/pt-pt\/camaras-frigorificas-para-a-conservacao-e-maturacao-das-carnes-no-sector-horeca\/"]}]},{"@type":"ImageObject","inLanguage":"pt","@id":"https:\/\/www.intarcon.com\/pt-pt\/camaras-frigorificas-para-a-conservacao-e-maturacao-das-carnes-no-sector-horeca\/#primaryimage","url":"https:\/\/www.intarcon.com\/wp-content\/uploads\/2020\/03\/Post-Maduraci\u00f3n-de-carne.jpg","contentUrl":"https:\/\/www.intarcon.com\/wp-content\/uploads\/2020\/03\/Post-Maduraci\u00f3n-de-carne.jpg","width":1226,"height":757},{"@type":"BreadcrumbList","@id":"https:\/\/www.intarcon.com\/pt-pt\/camaras-frigorificas-para-a-conservacao-e-maturacao-das-carnes-no-sector-horeca\/#breadcrumb","itemListElement":[{"@type":"ListItem","position":1,"name":"Portada","item":"https:\/\/www.intarcon.com\/pt-pt\/"},{"@type":"ListItem","position":2,"name":"Elementos de refrigera\u00e7\u00e3o","item":"https:\/\/www.intarcon.com\/pt-pt\/category\/elementos-de-refrigeracao-pt-pt\/"},{"@type":"ListItem","position":3,"name":"C\u00e2maras frigor\u00edficas para a conserva\u00e7\u00e3o e matura\u00e7\u00e3o das carnes no sector HORECA"}]},{"@type":"WebSite","@id":"https:\/\/www.intarcon.com\/pt-pt\/#website","url":"https:\/\/www.intarcon.com\/pt-pt\/","name":"INTARCON","description":"","potentialAction":[{"@type":"SearchAction","target":{"@type":"EntryPoint","urlTemplate":"https:\/\/www.intarcon.com\/pt-pt\/?s={search_term_string}"},"query-input":{"@type":"PropertyValueSpecification","valueRequired":true,"valueName":"search_term_string"}}],"inLanguage":"pt"},{"@type":"Person","@id":"https:\/\/www.intarcon.com\/pt-pt\/#\/schema\/person\/3953ab26cc806bd58bd91f8a62054c03","name":"INTARCON","image":{"@type":"ImageObject","inLanguage":"pt","@id":"https:\/\/www.intarcon.com\/pt-pt\/#\/schema\/person\/image\/","url":"https:\/\/secure.gravatar.com\/avatar\/15e7dea3e8aff0fc73c1fbe5156ed313f6044f5727ad9a8c9752574cacdce03d?s=96&d=mm&r=g","contentUrl":"https:\/\/secure.gravatar.com\/avatar\/15e7dea3e8aff0fc73c1fbe5156ed313f6044f5727ad9a8c9752574cacdce03d?s=96&d=mm&r=g","caption":"INTARCON"}}]}},"_links":{"self":[{"href":"https:\/\/www.intarcon.com\/pt-pt\/wp-json\/wp\/v2\/posts\/78255","targetHints":{"allow":["GET"]}}],"collection":[{"href":"https:\/\/www.intarcon.com\/pt-pt\/wp-json\/wp\/v2\/posts"}],"about":[{"href":"https:\/\/www.intarcon.com\/pt-pt\/wp-json\/wp\/v2\/types\/post"}],"author":[{"embeddable":true,"href":"https:\/\/www.intarcon.com\/pt-pt\/wp-json\/wp\/v2\/users\/2"}],"replies":[{"embeddable":true,"href":"https:\/\/www.intarcon.com\/pt-pt\/wp-json\/wp\/v2\/comments?post=78255"}],"version-history":[{"count":0,"href":"https:\/\/www.intarcon.com\/pt-pt\/wp-json\/wp\/v2\/posts\/78255\/revisions"}],"wp:featuredmedia":[{"embeddable":true,"href":"https:\/\/www.intarcon.com\/pt-pt\/wp-json\/wp\/v2\/media\/78257"}],"wp:attachment":[{"href":"https:\/\/www.intarcon.com\/pt-pt\/wp-json\/wp\/v2\/media?parent=78255"}],"wp:term":[{"taxonomy":"category","embeddable":true,"href":"https:\/\/www.intarcon.com\/pt-pt\/wp-json\/wp\/v2\/categories?post=78255"},{"taxonomy":"post_tag","embeddable":true,"href":"https:\/\/www.intarcon.com\/pt-pt\/wp-json\/wp\/v2\/tags?post=78255"}],"curies":[{"name":"wp","href":"https:\/\/api.w.org\/{rel}","templated":true}]}}