{"id":75310,"date":"2019-10-30T10:37:22","date_gmt":"2019-10-30T08:37:22","guid":{"rendered":"https:\/\/www.intarcon.com\/refrigeracion-de-cadaveres\/"},"modified":"2023-03-31T13:01:03","modified_gmt":"2023-03-31T11:01:03","slug":"refrigeracao-de-cadaveres","status":"publish","type":"post","link":"https:\/\/www.intarcon.com\/pt-pt\/refrigeracao-de-cadaveres\/","title":{"rendered":"Recomenda\u00e7\u00f5es para a refrigera\u00e7\u00e3o de carca\u00e7as"},"content":{"rendered":"\t\t<div data-elementor-type=\"wp-post\" data-elementor-id=\"75310\" class=\"elementor elementor-75310 elementor-12735\" data-elementor-post-type=\"post\">\n\t\t\t\t\t\t<section class=\"elementor-section elementor-top-section elementor-element elementor-element-511a902a elementor-section-boxed elementor-section-height-default elementor-section-height-default\" data-id=\"511a902a\" data-element_type=\"section\">\r\n\t\t\r\n\t\t\t\t\t\t\t<div class=\"elementor-container elementor-column-gap-default\">\r\n\t\t\t\t\t\t\t\t\t\t\t<div class=\"elementor-column elementor-col-100 elementor-top-column elementor-element elementor-element-69ba55ba\" data-id=\"69ba55ba\" data-element_type=\"column\">\r\n\t\t\t\t\t<div class=\"elementor-widget-wrap elementor-element-populated\">\r\n\t\t\t\t\t\t\t\t<div class=\"elementor-element elementor-element-c458df7 elementor-widget elementor-widget-text-editor\" data-id=\"c458df7\" data-element_type=\"widget\" data-widget_type=\"text-editor.default\">\n\t\t\t\t<div class=\"elementor-widget-container\">\n\t\t\t\t\t\t\t\t\t<p>A refrigera\u00e7\u00e3o de cad\u00e1veres \u00e9 pr\u00e1tica comum em mortu\u00e1rias e funer\u00e1rias, e em alguns casos obrigat\u00f3ria, para a preserva\u00e7\u00e3o tempor\u00e1ria do corpo ap\u00f3s a morte at\u00e9 ao enterro ou crema\u00e7\u00e3o.<strong> Com a entrada em vigor h\u00e1 alguns anos da nova regulamenta\u00e7\u00e3o regional sobre sa\u00fade mortu\u00e1ria<\/strong>, as ag\u00eancias funer\u00e1rias devem adaptar gradualmente as suas instala\u00e7\u00f5es com a incorpora\u00e7\u00e3o de sistemas de acondicionamento das salas de exposi\u00e7\u00e3o e prepara\u00e7\u00e3o dos cad\u00e1veres, bem como de c\u00e2maras de conserva\u00e7\u00e3o.<\/p><p>As temperaturas de armazenamento recomendadas entre 2 e 6 \u00b0C para salas de exposi\u00e7\u00e3o de cad\u00e1veres e as temperaturas recomendadas para salas de prepara\u00e7\u00e3o entre 15 e 18 \u00b0C<strong> tornam necess\u00e1rio equipar as mortu\u00e1rias com sistemas de arrefecimento a m\u00e9dia e alta temperatura como instala\u00e7\u00f5es separadas dos sistemas de ar condicionado para as salas p\u00fablicas.<\/strong><\/p><p>Este artigo trata da an\u00e1lise de tais instala\u00e7\u00f5es de refrigera\u00e7\u00e3o de carca\u00e7as e das suas diferentes solu\u00e7\u00f5es construtivas, tudo em conformidade com o quadro regulamentar aplic\u00e1vel.<\/p><h2><b>Refrigera\u00e7\u00e3o em salas de exposi\u00e7\u00e3o de carca\u00e7as<\/b><\/h2><p>As salas de exposi\u00e7\u00e3o de cad\u00e1veres, a uma temperatura entre 0 e 4\u00b0C, s\u00e3o tratadas, para todos os efeitos pr\u00e1ticos, como salas frias de temperatura positiva. Como tal, devem ser adequadamente isoladas para limitar o consumo de energia, e deve ser tomado especial cuidado para assegurar que os seus recintos sejam estanques para evitar a condensa\u00e7\u00e3o e o sistema de ventila\u00e7\u00e3o.<\/p><h3>Isolamento adequado para salas de exposi\u00e7\u00e3o de carca\u00e7as<\/h3><p>Sempre que poss\u00edvel, \u00e9 <strong>altamente recomendada a constru\u00e7\u00e3o de salas de exposi\u00e7\u00e3o em pain\u00e9is isolados para c\u00e2maras frigor\u00edficas.<\/strong> O painel isolante \u00e9 geralmente fabricado em m\u00f3dulos tipo sandu\u00edche autoportantes, consistindo numa chapa de a\u00e7o dupla injectada com isolamento t\u00e9rmico de espuma de poliuretano, com uma espessura entre 60 ou 80 mm, para limitar os ganhos de calor a 8W por m\u00b2. Neste caso, a pr\u00f3pria chapa de a\u00e7o actua como uma barreira de vapor para evitar a condensa\u00e7\u00e3o de \u00e1gua nas paredes da c\u00e2mara.<\/p><p>Nos casos em que a sala vai ser constru\u00edda com alvenaria, \u00e9 aconselh\u00e1vel incluir isolamento t\u00e9rmico em paredes e tectos, que podem ser revestidos com placas de gesso cartonado (embora seja poss\u00edvel evitar o isolamento em paredes divis\u00f3rias entre salas de exposi\u00e7\u00e3o). Para este efeito, recomenda-se a utiliza\u00e7\u00e3o de placas de isolamento que incluam uma folha estanque ao vapor, ou a inser\u00e7\u00e3o de uma barreira de vapor pelo menos no lado quente do isolamento para evitar a forma\u00e7\u00e3o de condensa\u00e7\u00e3o no interior dos recintos, o que levaria \u00e0 humidade em paredes e pavimentos.<\/p><p><span style=\"font-weight: 400;\">No caso particular dos pavilh\u00f5es de exposi\u00e7\u00e3o, estes ter\u00e3o um grande envidra\u00e7amento impratic\u00e1vel, cuja constru\u00e7\u00e3o deve ser adequadamente tratada. <strong>Idealmente, o envidra\u00e7amento deve ser duplamente envidra\u00e7ado com uma c\u00e2mara de ar (tipo Climalit) ou mesmo triplamente envidra\u00e7ado.<\/strong> Caso contr\u00e1rio, o envidra\u00e7amento ficaria embaciado no exterior.<\/span><\/p><figure id=\"attachment_75285\" aria-describedby=\"caption-attachment-75285\" style=\"width: 487px\" class=\"wp-caption aligncenter\"><img fetchpriority=\"high\" decoding=\"async\" class=\"wp-image-75285 size-full\" src=\"https:\/\/www.intarcon.com\/wp-content\/uploads\/2023\/03\/refrigeracion-cadaveres-pt.webp\" alt=\"Refrigera\u00e7\u00e3o de cad\u00e1veres - INTARCON\" width=\"487\" height=\"458\" srcset=\"https:\/\/www.intarcon.com\/wp-content\/uploads\/2023\/03\/refrigeracion-cadaveres-pt.webp 487w, https:\/\/www.intarcon.com\/wp-content\/uploads\/2023\/03\/refrigeracion-cadaveres-pt-400x376.webp 400w, https:\/\/www.intarcon.com\/wp-content\/uploads\/2023\/03\/refrigeracion-cadaveres-pt-367x345.webp 367w\" sizes=\"(max-width: 487px) 100vw, 487px\" \/><figcaption id=\"caption-attachment-75285\" class=\"wp-caption-text\">Refrigera\u00e7\u00e3o de cad\u00e1veres &#8211; INTARCON<\/figcaption><\/figure><h3>Tipos de instala\u00e7\u00f5es<\/h3><p>O showroom pode ser equipado com equipamento de refrigera\u00e7\u00e3o de tipo split, como mostra a figura, com a exposi\u00e7\u00e3o da temperatura localizada fora da sala.<\/p><p>Estas unidades est\u00e3o equipadas com uma unidade de condensa\u00e7\u00e3o e uma unidade de evaporador de temperatura m\u00e9dia com um sistema de degelo para remover a geada que se forma na superf\u00edcie do evaporador. Al\u00e9m disso, a unidade de evapora\u00e7\u00e3o deve ser ligada a um dreno para evacuar a \u00e1gua de descongelamento.<\/p><p>Dependendo das possibilidades de localiza\u00e7\u00e3o da unidade condensadora, seja numa sala t\u00e9cnica ou no exterior, est\u00e3o dispon\u00edveis diferentes constru\u00e7\u00f5es: condensador com descarga horizontal ou vertical, condensador centr\u00edfugo, condensador silencioso, etc.<\/p><h2>Conserva\u00e7\u00e3o tempor\u00e1ria de um cad\u00e1ver em salas de prepara\u00e7\u00e3o, thanatopraxia e tanatoaest\u00e9sicos<\/h2><p>As salas de prepara\u00e7\u00e3o e pr\u00e1tica mortu\u00e1ria, como tais salas de trabalho, devem ser arrefecidas para um ambiente de trabalho confort\u00e1vel,<strong> ou seja, entre 15 e 18\u00b0C.<\/strong> Para esta gama de temperaturas n\u00e3o \u00e9 necess\u00e1rio, mas aconselh\u00e1vel, providenciar um isolamento t\u00e9rmico especial dos recintos das salas de trabalho.<\/p><p>Em alguns casos, pode ser pr\u00e1tico construir tais salas com o mesmo painel frio que o utilizado para o armaz\u00e9m frigor\u00edfico para obter um acabamento adequado. Em qualquer caso, as paredes e o ch\u00e3o da sala devem ser acabados com revestimentos lav\u00e1veis.<\/p><figure id=\"attachment_75275\" aria-describedby=\"caption-attachment-75275\" style=\"width: 492px\" class=\"wp-caption aligncenter\"><img decoding=\"async\" class=\"wp-image-75275 size-full\" src=\"https:\/\/www.intarcon.com\/wp-content\/uploads\/2023\/03\/refrigeracion-cadaveres-de-2.webp\" alt=\"Refrigera\u00e7\u00e3o de carca\u00e7as - INTARCON\" width=\"492\" height=\"472\" srcset=\"https:\/\/www.intarcon.com\/wp-content\/uploads\/2023\/03\/refrigeracion-cadaveres-de-2.webp 492w, https:\/\/www.intarcon.com\/wp-content\/uploads\/2023\/03\/refrigeracion-cadaveres-de-2-400x384.webp 400w, https:\/\/www.intarcon.com\/wp-content\/uploads\/2023\/03\/refrigeracion-cadaveres-de-2-367x352.webp 367w\" sizes=\"(max-width: 492px) 100vw, 492px\" \/><figcaption id=\"caption-attachment-75275\" class=\"wp-caption-text\">Refrigera\u00e7\u00e3o de carca\u00e7as &#8211; INTARCON<\/figcaption><\/figure><p><span style=\"font-weight: 400;\">\u00a0<\/span><\/p><p>Para o arrefecimento de cad\u00e1veres em tais salas, <strong>s\u00e3o normalmente utilizadas unidades de refrigera\u00e7\u00e3o de alta temperatura dividida.<\/strong> Estas unidades est\u00e3o equipadas com evaporadores especiais para salas de trabalho. O fornecimento de ar de fluxo duplo evita correntes de ar frias e os ventiladores de baixa velocidade garantem um baixo n\u00edvel de ru\u00eddo.<\/p><p>A unidade condensadora destas unidades tamb\u00e9m pode ser de diferentes desenhos: horizontal, centr\u00edfuga ou silenciosa.<\/p><p><a href=\"https:\/\/www.intarcon.com\/refrigeracion-tanatorios-y-velatorios\/\"><img decoding=\"async\" class=\"aligncenter wp-image-13891 size-large\" src=\"https:\/\/www.intarcon.com\/wp-content\/uploads\/2019\/12\/CTA-Caso-de-\u00e9xito-Tanatorio-Velatorio-HORIZONTAL-1024x299.jpg\" alt=\"\" width=\"1024\" height=\"299\" srcset=\"https:\/\/www.intarcon.com\/wp-content\/uploads\/2019\/12\/CTA-Caso-de-\u00e9xito-Tanatorio-Velatorio-HORIZONTAL-1024x299.jpg 1024w, https:\/\/www.intarcon.com\/wp-content\/uploads\/2019\/12\/CTA-Caso-de-\u00e9xito-Tanatorio-Velatorio-HORIZONTAL-768x224.jpg 768w, https:\/\/www.intarcon.com\/wp-content\/uploads\/2019\/12\/CTA-Caso-de-\u00e9xito-Tanatorio-Velatorio-HORIZONTAL-640x187.jpg 640w, https:\/\/www.intarcon.com\/wp-content\/uploads\/2019\/12\/CTA-Caso-de-\u00e9xito-Tanatorio-Velatorio-HORIZONTAL-400x117.jpg 400w, https:\/\/www.intarcon.com\/wp-content\/uploads\/2019\/12\/CTA-Caso-de-\u00e9xito-Tanatorio-Velatorio-HORIZONTAL-367x107.jpg 367w, https:\/\/www.intarcon.com\/wp-content\/uploads\/2019\/12\/CTA-Caso-de-\u00e9xito-Tanatorio-Velatorio-HORIZONTAL-600x175.jpg 600w\" sizes=\"(max-width: 1024px) 100vw, 1024px\" \/><\/a><\/p><p>\u00c9 de grande import\u00e2ncia <strong>assegurar uma ventila\u00e7\u00e3o suficiente da sala, fornecendo ar fresco. A taxa sugerida de renova\u00e7\u00e3o do volume de ar da sala \u00e9 de 5 a 6 renova\u00e7\u00f5es por hora.<\/strong> Isto resulta num fluxo de ar consider\u00e1vel, pelo que deve ser fornecido um sistema adequado de ventila\u00e7\u00e3o for\u00e7ada, idealmente com funcionamento intermitente como medida de poupan\u00e7a de energia.<\/p><h2>C\u00e2maras frigor\u00edficas compat\u00edveis para a refrigera\u00e7\u00e3o de carca\u00e7as<\/h2><p>As salas de pr\u00e1tica mortu\u00e1ria nas morgues, bem como os cemit\u00e9rios nas cidades com mais de 5000 habitantes devem ter uma sala fria para a conserva\u00e7\u00e3o dos cad\u00e1veres a uma temperatura entre -2 e 4\u00b0C.<\/p><p>Est\u00e3o agora dispon\u00edveis no<strong> mercado c\u00e2maras de um ou dois corpos especialmente concebidas<\/strong>, \u00e0s quais pode ser acoplado equipamento de refrigera\u00e7\u00e3o compacto do tipo tejadilho.<\/p><p>No entanto, para salas grandes, e dependendo dos regulamentos municipais, pode ser aconselh\u00e1vel equip\u00e1-las com <strong>uma sala fria maior, de prefer\u00eancia constru\u00edda com pain\u00e9is isot\u00e9rmicos de tipo modular com uma espessura de isolamento de pelo menos 80 mm.<\/strong><\/p><figure id=\"attachment_75295\" aria-describedby=\"caption-attachment-75295\" style=\"width: 492px\" class=\"wp-caption aligncenter\"><img loading=\"lazy\" decoding=\"async\" class=\"wp-image-75295 size-full\" src=\"https:\/\/www.intarcon.com\/wp-content\/uploads\/2023\/03\/refrigeracion-cadaveres-pt-3.webp\" alt=\"Refrigera\u00e7\u00e3o de carca\u00e7as - INTARCON\" width=\"492\" height=\"440\" srcset=\"https:\/\/www.intarcon.com\/wp-content\/uploads\/2023\/03\/refrigeracion-cadaveres-pt-3.webp 492w, https:\/\/www.intarcon.com\/wp-content\/uploads\/2023\/03\/refrigeracion-cadaveres-pt-3-400x358.webp 400w, https:\/\/www.intarcon.com\/wp-content\/uploads\/2023\/03\/refrigeracion-cadaveres-pt-3-367x328.webp 367w\" sizes=\"(max-width: 492px) 100vw, 492px\" \/><figcaption id=\"caption-attachment-75295\" class=\"wp-caption-text\">Refrigera\u00e7\u00e3o de carca\u00e7as &#8211; INTARCON<\/figcaption><\/figure><h2>Arrefecimento da sala t\u00e9cnica da mortu\u00e1ria<\/h2><p>A mortu\u00e1ria ter\u00e1 frequentemente uma sala t\u00e9cnica para a localiza\u00e7\u00e3o de unidades de condensa\u00e7\u00e3o para equipamento de refrigera\u00e7\u00e3o e outras m\u00e1quinas.<\/p><p>Devido \u00e0 alta intermit\u00eancia de utiliza\u00e7\u00e3o nas v\u00e1rias salas, \u00e9 aconselh\u00e1vel instalar condensadores separados para cada evaporador. Esta combina\u00e7\u00e3o evaporador &#8211; condensador \u00e9 fabricada em s\u00e9rie como uma unidade semi-compacta altamente fi\u00e1vel numa vasta gama de capacidades e desenhos.<\/p><p>Se for necess\u00e1rio instalar v\u00e1rias unidades condensadoras para servir as diferentes divis\u00f5es e c\u00e2maras frigor\u00edficas, <strong>a instala\u00e7\u00e3o de unidades do tipo centr\u00edfugo \u00e9 altamente recomendada.<\/strong> Isto permitir-nos-\u00e1 conduzir a descarga de ar quente, atrav\u00e9s de uma conduta, para uma grelha na fachada para evitar o sobreaquecimento das instala\u00e7\u00f5es.<\/p><p><script src=\"https:\/\/intarcon.activehosted.com\/f\/embed.php?id=1\" type=\"text\/javascript\" charset=\"utf-8\"><\/script><\/p>\t\t\t\t\t\t\t\t<\/div>\n\t\t\t\t<\/div>\n\t\t\t\t\t<\/div>\r\n\t\t\t\t<\/div>\r\n\t\t\t\t\t<\/div>\r\n\t\t\t\t<\/section>\r\n\t\t\t\t<\/div>\n\t\t","protected":false},"excerpt":{"rendered":"<p>A refrigera\u00e7\u00e3o de cad\u00e1veres \u00e9 pr\u00e1tica comum em mortu\u00e1rias e funer\u00e1rias, e em alguns casos obrigat\u00f3ria, para a preserva\u00e7\u00e3o tempor\u00e1ria do corpo ap\u00f3s a morte at\u00e9 ao enterro ou crema\u00e7\u00e3o. Com a entrada em vigor h\u00e1 alguns anos da nova regulamenta\u00e7\u00e3o regional sobre sa\u00fade mortu\u00e1ria, as ag\u00eancias funer\u00e1rias devem adaptar gradualmente as suas instala\u00e7\u00f5es com [&hellip;]<\/p>\n","protected":false},"author":2,"featured_media":75312,"comment_status":"closed","ping_status":"open","sticky":false,"template":"","format":"standard","meta":{"footnotes":""},"categories":[597],"tags":[],"class_list":["post-75310","post","type-post","status-publish","format-standard","has-post-thumbnail","hentry","category-blogue"],"featured_image_src":{"landsacpe":["https:\/\/www.intarcon.com\/wp-content\/uploads\/2019\/10\/Refrigeraci\u00f3n-de-cadaveres-en-una-morgue-1-1140x445.jpg",1140,445,true],"list":["https:\/\/www.intarcon.com\/wp-content\/uploads\/2019\/10\/Refrigeraci\u00f3n-de-cadaveres-en-una-morgue-1-463x348.jpg",463,348,true],"medium":["https:\/\/www.intarcon.com\/wp-content\/uploads\/2019\/10\/Refrigeraci\u00f3n-de-cadaveres-en-una-morgue-1-300x199.jpg",300,199,true],"full":["https:\/\/www.intarcon.com\/wp-content\/uploads\/2019\/10\/Refrigeraci\u00f3n-de-cadaveres-en-una-morgue-1.jpg",1504,1000,false]},"yoast_head":"<!-- This site is optimized with the Yoast SEO plugin v25.5 - https:\/\/yoast.com\/wordpress\/plugins\/seo\/ -->\n<title>Recomenda\u00e7\u00f5es para a refrigera\u00e7\u00e3o de carca\u00e7as - INTARCON<\/title>\n<meta name=\"description\" content=\"Instala\u00e7\u00f5es necess\u00e1rias para a preserva\u00e7\u00e3o tempor\u00e1ria de um cad\u00e1ver. Refrigera\u00e7\u00e3o de cad\u00e1veres em conformidade com a nova regulamenta\u00e7\u00e3o sanit\u00e1ria mortu\u00e1ria.\" \/>\n<meta name=\"robots\" content=\"index, follow, max-snippet:-1, max-image-preview:large, max-video-preview:-1\" \/>\n<link rel=\"canonical\" href=\"https:\/\/www.intarcon.com\/pt-pt\/refrigeracao-de-cadaveres\/\" \/>\n<meta property=\"og:locale\" content=\"pt_PT\" \/>\n<meta property=\"og:type\" content=\"article\" \/>\n<meta property=\"og:title\" content=\"Recomenda\u00e7\u00f5es para a refrigera\u00e7\u00e3o de carca\u00e7as - INTARCON\" \/>\n<meta property=\"og:description\" content=\"Instala\u00e7\u00f5es necess\u00e1rias para a preserva\u00e7\u00e3o tempor\u00e1ria de um cad\u00e1ver. Refrigera\u00e7\u00e3o de cad\u00e1veres em conformidade com a nova regulamenta\u00e7\u00e3o sanit\u00e1ria mortu\u00e1ria.\" \/>\n<meta property=\"og:url\" content=\"https:\/\/www.intarcon.com\/pt-pt\/refrigeracao-de-cadaveres\/\" \/>\n<meta property=\"og:site_name\" content=\"INTARCON\" \/>\n<meta property=\"article:publisher\" content=\"https:\/\/www.facebook.com\/intarcon\/\" \/>\n<meta property=\"article:published_time\" content=\"2019-10-30T08:37:22+00:00\" \/>\n<meta property=\"article:modified_time\" content=\"2023-03-31T11:01:03+00:00\" \/>\n<meta property=\"og:image\" content=\"https:\/\/www.intarcon.com\/wp-content\/uploads\/2019\/10\/Refrigeraci\u00f3n-de-cadaveres-en-una-morgue-1.jpg\" \/>\n\t<meta property=\"og:image:width\" content=\"1504\" \/>\n\t<meta property=\"og:image:height\" content=\"1000\" \/>\n\t<meta property=\"og:image:type\" content=\"image\/jpeg\" \/>\n<meta name=\"author\" content=\"INTARCON\" \/>\n<meta name=\"twitter:card\" content=\"summary_large_image\" \/>\n<meta name=\"twitter:creator\" content=\"@Intarcon\" \/>\n<meta name=\"twitter:site\" content=\"@Intarcon\" \/>\n<meta name=\"twitter:label1\" content=\"Written by\" \/>\n\t<meta name=\"twitter:data1\" content=\"INTARCON\" \/>\n\t<meta name=\"twitter:label2\" content=\"Est. reading time\" \/>\n\t<meta name=\"twitter:data2\" content=\"7 minutes\" \/>\n<script type=\"application\/ld+json\" class=\"yoast-schema-graph\">{\"@context\":\"https:\/\/schema.org\",\"@graph\":[{\"@type\":\"WebPage\",\"@id\":\"https:\/\/www.intarcon.com\/pt-pt\/refrigeracao-de-cadaveres\/\",\"url\":\"https:\/\/www.intarcon.com\/pt-pt\/refrigeracao-de-cadaveres\/\",\"name\":\"Recomenda\u00e7\u00f5es para a refrigera\u00e7\u00e3o de carca\u00e7as - INTARCON\",\"isPartOf\":{\"@id\":\"https:\/\/www.intarcon.com\/pt-pt\/#website\"},\"primaryImageOfPage\":{\"@id\":\"https:\/\/www.intarcon.com\/pt-pt\/refrigeracao-de-cadaveres\/#primaryimage\"},\"image\":{\"@id\":\"https:\/\/www.intarcon.com\/pt-pt\/refrigeracao-de-cadaveres\/#primaryimage\"},\"thumbnailUrl\":\"https:\/\/www.intarcon.com\/wp-content\/uploads\/2019\/10\/Refrigeraci\u00f3n-de-cadaveres-en-una-morgue-1.jpg\",\"datePublished\":\"2019-10-30T08:37:22+00:00\",\"dateModified\":\"2023-03-31T11:01:03+00:00\",\"author\":{\"@id\":\"https:\/\/www.intarcon.com\/pt-pt\/#\/schema\/person\/3953ab26cc806bd58bd91f8a62054c03\"},\"description\":\"Instala\u00e7\u00f5es necess\u00e1rias para a preserva\u00e7\u00e3o tempor\u00e1ria de um cad\u00e1ver. Refrigera\u00e7\u00e3o de cad\u00e1veres em conformidade com a nova regulamenta\u00e7\u00e3o sanit\u00e1ria mortu\u00e1ria.\",\"breadcrumb\":{\"@id\":\"https:\/\/www.intarcon.com\/pt-pt\/refrigeracao-de-cadaveres\/#breadcrumb\"},\"inLanguage\":\"pt\",\"potentialAction\":[{\"@type\":\"ReadAction\",\"target\":[\"https:\/\/www.intarcon.com\/pt-pt\/refrigeracao-de-cadaveres\/\"]}]},{\"@type\":\"ImageObject\",\"inLanguage\":\"pt\",\"@id\":\"https:\/\/www.intarcon.com\/pt-pt\/refrigeracao-de-cadaveres\/#primaryimage\",\"url\":\"https:\/\/www.intarcon.com\/wp-content\/uploads\/2019\/10\/Refrigeraci\u00f3n-de-cadaveres-en-una-morgue-1.jpg\",\"contentUrl\":\"https:\/\/www.intarcon.com\/wp-content\/uploads\/2019\/10\/Refrigeraci\u00f3n-de-cadaveres-en-una-morgue-1.jpg\",\"width\":1504,\"height\":1000},{\"@type\":\"BreadcrumbList\",\"@id\":\"https:\/\/www.intarcon.com\/pt-pt\/refrigeracao-de-cadaveres\/#breadcrumb\",\"itemListElement\":[{\"@type\":\"ListItem\",\"position\":1,\"name\":\"Portada\",\"item\":\"https:\/\/www.intarcon.com\/pt-pt\/\"},{\"@type\":\"ListItem\",\"position\":2,\"name\":\"Blogue\",\"item\":\"https:\/\/www.intarcon.com\/pt-pt\/category\/blogue\/\"},{\"@type\":\"ListItem\",\"position\":3,\"name\":\"Recomenda\u00e7\u00f5es para a refrigera\u00e7\u00e3o de carca\u00e7as\"}]},{\"@type\":\"WebSite\",\"@id\":\"https:\/\/www.intarcon.com\/pt-pt\/#website\",\"url\":\"https:\/\/www.intarcon.com\/pt-pt\/\",\"name\":\"INTARCON\",\"description\":\"\",\"potentialAction\":[{\"@type\":\"SearchAction\",\"target\":{\"@type\":\"EntryPoint\",\"urlTemplate\":\"https:\/\/www.intarcon.com\/pt-pt\/?s={search_term_string}\"},\"query-input\":{\"@type\":\"PropertyValueSpecification\",\"valueRequired\":true,\"valueName\":\"search_term_string\"}}],\"inLanguage\":\"pt\"},{\"@type\":\"Person\",\"@id\":\"https:\/\/www.intarcon.com\/pt-pt\/#\/schema\/person\/3953ab26cc806bd58bd91f8a62054c03\",\"name\":\"INTARCON\",\"image\":{\"@type\":\"ImageObject\",\"inLanguage\":\"pt\",\"@id\":\"https:\/\/www.intarcon.com\/pt-pt\/#\/schema\/person\/image\/\",\"url\":\"https:\/\/secure.gravatar.com\/avatar\/15e7dea3e8aff0fc73c1fbe5156ed313f6044f5727ad9a8c9752574cacdce03d?s=96&d=mm&r=g\",\"contentUrl\":\"https:\/\/secure.gravatar.com\/avatar\/15e7dea3e8aff0fc73c1fbe5156ed313f6044f5727ad9a8c9752574cacdce03d?s=96&d=mm&r=g\",\"caption\":\"INTARCON\"}}]}<\/script>\n<!-- \/ Yoast SEO plugin. -->","yoast_head_json":{"title":"Recomenda\u00e7\u00f5es para a refrigera\u00e7\u00e3o de carca\u00e7as - INTARCON","description":"Instala\u00e7\u00f5es necess\u00e1rias para a preserva\u00e7\u00e3o tempor\u00e1ria de um cad\u00e1ver. Refrigera\u00e7\u00e3o de cad\u00e1veres em conformidade com a nova regulamenta\u00e7\u00e3o sanit\u00e1ria mortu\u00e1ria.","robots":{"index":"index","follow":"follow","max-snippet":"max-snippet:-1","max-image-preview":"max-image-preview:large","max-video-preview":"max-video-preview:-1"},"canonical":"https:\/\/www.intarcon.com\/pt-pt\/refrigeracao-de-cadaveres\/","og_locale":"pt_PT","og_type":"article","og_title":"Recomenda\u00e7\u00f5es para a refrigera\u00e7\u00e3o de carca\u00e7as - INTARCON","og_description":"Instala\u00e7\u00f5es necess\u00e1rias para a preserva\u00e7\u00e3o tempor\u00e1ria de um cad\u00e1ver. Refrigera\u00e7\u00e3o de cad\u00e1veres em conformidade com a nova regulamenta\u00e7\u00e3o sanit\u00e1ria mortu\u00e1ria.","og_url":"https:\/\/www.intarcon.com\/pt-pt\/refrigeracao-de-cadaveres\/","og_site_name":"INTARCON","article_publisher":"https:\/\/www.facebook.com\/intarcon\/","article_published_time":"2019-10-30T08:37:22+00:00","article_modified_time":"2023-03-31T11:01:03+00:00","og_image":[{"width":1504,"height":1000,"url":"https:\/\/www.intarcon.com\/wp-content\/uploads\/2019\/10\/Refrigeraci\u00f3n-de-cadaveres-en-una-morgue-1.jpg","type":"image\/jpeg"}],"author":"INTARCON","twitter_card":"summary_large_image","twitter_creator":"@Intarcon","twitter_site":"@Intarcon","twitter_misc":{"Written by":"INTARCON","Est. reading time":"7 minutes"},"schema":{"@context":"https:\/\/schema.org","@graph":[{"@type":"WebPage","@id":"https:\/\/www.intarcon.com\/pt-pt\/refrigeracao-de-cadaveres\/","url":"https:\/\/www.intarcon.com\/pt-pt\/refrigeracao-de-cadaveres\/","name":"Recomenda\u00e7\u00f5es para a refrigera\u00e7\u00e3o de carca\u00e7as - INTARCON","isPartOf":{"@id":"https:\/\/www.intarcon.com\/pt-pt\/#website"},"primaryImageOfPage":{"@id":"https:\/\/www.intarcon.com\/pt-pt\/refrigeracao-de-cadaveres\/#primaryimage"},"image":{"@id":"https:\/\/www.intarcon.com\/pt-pt\/refrigeracao-de-cadaveres\/#primaryimage"},"thumbnailUrl":"https:\/\/www.intarcon.com\/wp-content\/uploads\/2019\/10\/Refrigeraci\u00f3n-de-cadaveres-en-una-morgue-1.jpg","datePublished":"2019-10-30T08:37:22+00:00","dateModified":"2023-03-31T11:01:03+00:00","author":{"@id":"https:\/\/www.intarcon.com\/pt-pt\/#\/schema\/person\/3953ab26cc806bd58bd91f8a62054c03"},"description":"Instala\u00e7\u00f5es necess\u00e1rias para a preserva\u00e7\u00e3o tempor\u00e1ria de um cad\u00e1ver. Refrigera\u00e7\u00e3o de cad\u00e1veres em conformidade com a nova regulamenta\u00e7\u00e3o sanit\u00e1ria mortu\u00e1ria.","breadcrumb":{"@id":"https:\/\/www.intarcon.com\/pt-pt\/refrigeracao-de-cadaveres\/#breadcrumb"},"inLanguage":"pt","potentialAction":[{"@type":"ReadAction","target":["https:\/\/www.intarcon.com\/pt-pt\/refrigeracao-de-cadaveres\/"]}]},{"@type":"ImageObject","inLanguage":"pt","@id":"https:\/\/www.intarcon.com\/pt-pt\/refrigeracao-de-cadaveres\/#primaryimage","url":"https:\/\/www.intarcon.com\/wp-content\/uploads\/2019\/10\/Refrigeraci\u00f3n-de-cadaveres-en-una-morgue-1.jpg","contentUrl":"https:\/\/www.intarcon.com\/wp-content\/uploads\/2019\/10\/Refrigeraci\u00f3n-de-cadaveres-en-una-morgue-1.jpg","width":1504,"height":1000},{"@type":"BreadcrumbList","@id":"https:\/\/www.intarcon.com\/pt-pt\/refrigeracao-de-cadaveres\/#breadcrumb","itemListElement":[{"@type":"ListItem","position":1,"name":"Portada","item":"https:\/\/www.intarcon.com\/pt-pt\/"},{"@type":"ListItem","position":2,"name":"Blogue","item":"https:\/\/www.intarcon.com\/pt-pt\/category\/blogue\/"},{"@type":"ListItem","position":3,"name":"Recomenda\u00e7\u00f5es para a refrigera\u00e7\u00e3o de carca\u00e7as"}]},{"@type":"WebSite","@id":"https:\/\/www.intarcon.com\/pt-pt\/#website","url":"https:\/\/www.intarcon.com\/pt-pt\/","name":"INTARCON","description":"","potentialAction":[{"@type":"SearchAction","target":{"@type":"EntryPoint","urlTemplate":"https:\/\/www.intarcon.com\/pt-pt\/?s={search_term_string}"},"query-input":{"@type":"PropertyValueSpecification","valueRequired":true,"valueName":"search_term_string"}}],"inLanguage":"pt"},{"@type":"Person","@id":"https:\/\/www.intarcon.com\/pt-pt\/#\/schema\/person\/3953ab26cc806bd58bd91f8a62054c03","name":"INTARCON","image":{"@type":"ImageObject","inLanguage":"pt","@id":"https:\/\/www.intarcon.com\/pt-pt\/#\/schema\/person\/image\/","url":"https:\/\/secure.gravatar.com\/avatar\/15e7dea3e8aff0fc73c1fbe5156ed313f6044f5727ad9a8c9752574cacdce03d?s=96&d=mm&r=g","contentUrl":"https:\/\/secure.gravatar.com\/avatar\/15e7dea3e8aff0fc73c1fbe5156ed313f6044f5727ad9a8c9752574cacdce03d?s=96&d=mm&r=g","caption":"INTARCON"}}]}},"_links":{"self":[{"href":"https:\/\/www.intarcon.com\/pt-pt\/wp-json\/wp\/v2\/posts\/75310","targetHints":{"allow":["GET"]}}],"collection":[{"href":"https:\/\/www.intarcon.com\/pt-pt\/wp-json\/wp\/v2\/posts"}],"about":[{"href":"https:\/\/www.intarcon.com\/pt-pt\/wp-json\/wp\/v2\/types\/post"}],"author":[{"embeddable":true,"href":"https:\/\/www.intarcon.com\/pt-pt\/wp-json\/wp\/v2\/users\/2"}],"replies":[{"embeddable":true,"href":"https:\/\/www.intarcon.com\/pt-pt\/wp-json\/wp\/v2\/comments?post=75310"}],"version-history":[{"count":0,"href":"https:\/\/www.intarcon.com\/pt-pt\/wp-json\/wp\/v2\/posts\/75310\/revisions"}],"wp:featuredmedia":[{"embeddable":true,"href":"https:\/\/www.intarcon.com\/pt-pt\/wp-json\/wp\/v2\/media\/75312"}],"wp:attachment":[{"href":"https:\/\/www.intarcon.com\/pt-pt\/wp-json\/wp\/v2\/media?parent=75310"}],"wp:term":[{"taxonomy":"category","embeddable":true,"href":"https:\/\/www.intarcon.com\/pt-pt\/wp-json\/wp\/v2\/categories?post=75310"},{"taxonomy":"post_tag","embeddable":true,"href":"https:\/\/www.intarcon.com\/pt-pt\/wp-json\/wp\/v2\/tags?post=75310"}],"curies":[{"name":"wp","href":"https:\/\/api.w.org\/{rel}","templated":true}]}}