{"id":98010,"date":"2026-02-04T11:57:22","date_gmt":"2026-02-04T10:57:22","guid":{"rendered":"https:\/\/www.intarcon.com\/intarcon-perte-economia-circular-2024\/"},"modified":"2026-02-04T12:22:07","modified_gmt":"2026-02-04T11:22:07","slug":"intarcon-perte-economie-circulaire-2024","status":"publish","type":"post","link":"https:\/\/www.intarcon.com\/fr\/intarcon-perte-economie-circulaire-2024\/","title":{"rendered":"INTARCON, b\u00e9n\u00e9ficiaire du PERTE \u00c9conomie Circulaire 2024"},"content":{"rendered":"<p data-start=\"242\" data-end=\"582\"><a href=\"https:\/\/www.intarcon.com\/fr\/\">INTARCON<\/a> a \u00e9t\u00e9 retenue comme b\u00e9n\u00e9ficiaire dans le cadre de l\u2019appel \u00e0 projets du <strong>PERTE \u00c9conomie Circulaire 2024<\/strong>. Ainsi, l\u2019entreprise renforce son engagement en faveur de la durabilit\u00e9 et de l\u2019\u00e9conomie circulaire. Le financement soutient un <strong>projet de mise en place d\u2019une ligne de remanufacturation d\u2019\u00e9quipements de r\u00e9frig\u00e9ration industrielle.<\/strong><\/p>\n<p data-start=\"584\" data-end=\"961\">Gr\u00e2ce \u00e0 sa <strong>participation au PERTE \u00c9conomie Circulaire<\/strong>, INTARCON d\u00e9veloppe des actions strat\u00e9giques visant \u00e0 am\u00e9liorer la durabilit\u00e9 de ses processus de production. Plus pr\u00e9cis\u00e9ment, le projet encourage une utilisation plus efficiente des ressources. Il vise \u00e9galement l\u2019optimisation des mat\u00e9riaux et l\u2019int\u00e9gration de crit\u00e8res d\u2019\u00e9conomie circulaire dans l\u2019activit\u00e9 industrielle.<\/p>\n<p data-start=\"963\" data-end=\"1267\">Par cons\u00e9quent, ces actions contribuent directement aux objectifs de transition \u00e9cologique, de modernisation industrielle et de renforcement de la comp\u00e9titivit\u00e9 promus par l\u2019Union europ\u00e9enne. De plus, elles s\u2019alignent sur les priorit\u00e9s strat\u00e9giques du<strong> Plan de Relance, de Transformation et de R\u00e9silience.<\/strong><\/p>\n<p data-start=\"1269\" data-end=\"1777\">Le <strong>Projet Strat\u00e9gique pour la Relance et la Transformation \u00c9conomique (PERTE) de l\u2019\u00c9conomie Circulaire<\/strong> vise \u00e0 acc\u00e9l\u00e9rer l\u2019adoption de mod\u00e8les de production plus durables. En parall\u00e8le, il cherche \u00e0 r\u00e9duire l\u2019impact environnemental de l\u2019activit\u00e9 industrielle. Il soutient \u00e9galement l\u2019innovation technologique comme levier de croissance \u00e9conomique. Dans ce cadre, la participation d\u2019INTARCON renforce son engagement en faveur de solutions align\u00e9es sur les politiques europ\u00e9ennes de durabilit\u00e9 et de r\u00e9silience.<\/p>\n<h2 data-start=\"1422\" data-end=\"1482\"><strong data-start=\"1638\" data-end=\"1697\">Le PERTE \u00c9conomie Circulaire et l\u2019engagement d\u2019INTARCON<\/strong><\/h2>\n<p data-start=\"1699\" data-end=\"1952\">Le <strong>PERTE \u00c9conomie Circulaire<\/strong> a pour finalit\u00e9 d\u2019acc\u00e9l\u00e9rer l\u2019implantation de mod\u00e8les productifs plus durables, de r\u00e9duire l\u2019impact environnemental de l\u2019activit\u00e9 industrielle et de favoriser l\u2019innovation technologique comme levier de croissance \u00e9conomique.<\/p>\n<p data-start=\"1954\" data-end=\"2484\">Dans ce contexte, la participation d\u2019<strong>INTARCON au PERTE \u00c9conomie Circulaire<\/strong> renforce son engagement en faveur de l\u2019adoption de solutions align\u00e9es avec les politiques europ\u00e9ennes de durabilit\u00e9, de r\u00e9silience et d\u2019efficacit\u00e9 dans l\u2019utilisation des ressources. La mise en place d\u2019une ligne de remanufacturation d\u2019\u00e9quipements de r\u00e9frig\u00e9ration industrielle constitue une avanc\u00e9e significative vers des mod\u00e8les de production plus responsables, contribuant \u00e0 l\u2019allongement de la dur\u00e9e de vie des \u00e9quipements et \u00e0 la r\u00e9duction des d\u00e9chets.<\/p>\n<h2 data-start=\"2004\" data-end=\"2028\"><strong data-start=\"2486\" data-end=\"2510\">Financement europ\u00e9en<\/strong><\/h2>\n<article class=\"text-token-text-primary w-full focus:outline-none [--shadow-height:45px] has-data-writing-block:pointer-events-none has-data-writing-block:-mt-(--shadow-height) has-data-writing-block:pt-(--shadow-height) [&amp;:has([data-writing-block])&gt;*]:pointer-events-auto scroll-mt-[calc(var(--header-height)+min(200px,max(70px,20svh)))]\" dir=\"auto\" tabindex=\"-1\" data-turn-id=\"request-WEB:02e851c6-86ab-4f44-b33c-7d4955a2a7ce-13\" data-testid=\"conversation-turn-2\" data-scroll-anchor=\"false\" data-turn=\"assistant\">\n<div class=\"text-base my-auto mx-auto [--thread-content-margin:--spacing(4)] @w-sm\/main:[--thread-content-margin:--spacing(6)] @w-lg\/main:[--thread-content-margin:--spacing(16)] px-(--thread-content-margin)\">\n<div class=\"[--thread-content-max-width:40rem] @w-lg\/main:[--thread-content-max-width:48rem] mx-auto max-w-(--thread-content-max-width) flex-1 group\/turn-messages focus-visible:outline-hidden relative flex w-full min-w-0 flex-col agent-turn\" tabindex=\"-1\">\n<div class=\"flex max-w-full flex-col grow\">\n<div class=\"min-h-8 text-message relative flex w-full flex-col items-end gap-2 text-start break-words whitespace-normal [.text-message+&amp;]:mt-1\" dir=\"auto\" data-message-author-role=\"assistant\" data-message-id=\"7061326c-14cb-4318-9c51-f5e41601787a\" data-message-model-slug=\"gpt-5-2\">\n<div class=\"flex w-full flex-col gap-1 empty:hidden first:pt-[1px]\">\n<div class=\"markdown prose dark:prose-invert w-full wrap-break-word light markdown-new-styling\">\n<p data-start=\"2512\" data-end=\"2820\" data-is-last-node=\"\" data-is-only-node=\"\">Ce projet est financ\u00e9 par l\u2019<strong>Union europ\u00e9enne \u2013 NextGenerationEU<\/strong>, dans le cadre du <strong>Plan de Relance, de Transformation et de R\u00e9silience (PRTR)<\/strong>, dont l\u2019objectif est de soutenir la reprise \u00e9conomique, d\u2019impulser la transformation du tissu productif et de promouvoir une croissance durable, num\u00e9rique et coh\u00e9sive.<\/p>\n<\/div>\n<\/div>\n<\/div>\n<\/div>\n<div class=\"z-0 flex min-h-[46px] justify-start\"><\/div>\n<\/div>\n<\/div>\n<\/article>\n<p data-start=\"2030\" data-end=\"2183\"><img fetchpriority=\"high\" decoding=\"async\" class=\"alignnone\" title=\"PERTE-Econom\u00eda-Circular-INTARCON\" src=\"https:\/\/www.intarcon.com\/wp-content\/uploads\/im\u00e1genes-blogs\/PERTE-economia-circular-2024- INTARCON.webp\" alt=\"\" width=\"4000\" height=\"2250\" \/><\/p>\n<p data-start=\"2030\" data-end=\"2183\">\n","protected":false},"excerpt":{"rendered":"<p>INTARCON a \u00e9t\u00e9 retenue comme b\u00e9n\u00e9ficiaire dans le cadre de l\u2019appel \u00e0 projets du PERTE \u00c9conomie Circulaire 2024. Ainsi, l\u2019entreprise renforce son engagement en faveur de la durabilit\u00e9 et de l\u2019\u00e9conomie circulaire. Le financement soutient un projet de mise en place d\u2019une ligne de remanufacturation d\u2019\u00e9quipements de r\u00e9frig\u00e9ration industrielle. Gr\u00e2ce \u00e0 sa participation au PERTE [&hellip;]<\/p>\n","protected":false},"author":311,"featured_media":98005,"comment_status":"open","ping_status":"open","sticky":false,"template":"","format":"standard","meta":{"footnotes":""},"categories":[215],"tags":[],"class_list":["post-98010","post","type-post","status-publish","format-standard","has-post-thumbnail","hentry","category-blog-fr"],"featured_image_src":{"landsacpe":["https:\/\/www.intarcon.com\/wp-content\/uploads\/2026\/02\/economia-circular-1140x445.webp",1140,445,true],"list":["https:\/\/www.intarcon.com\/wp-content\/uploads\/2026\/02\/economia-circular-463x348.webp",463,348,true],"medium":["https:\/\/www.intarcon.com\/wp-content\/uploads\/2026\/02\/economia-circular.webp",1280,720,false],"full":["https:\/\/www.intarcon.com\/wp-content\/uploads\/2026\/02\/economia-circular.webp",1280,720,false]},"yoast_head":"<!-- This site is optimized with the Yoast SEO plugin v25.5 - https:\/\/yoast.com\/wordpress\/plugins\/seo\/ -->\n<title>INTARCON, b\u00e9n\u00e9ficiaire du PERTE \u00c9conomie Circulaire 2024 - INTARCON<\/title>\n<meta name=\"description\" content=\"INTARCON, b\u00e9n\u00e9ficiaire du PERTE \u00c9conomie Circulaire 2024 pour la mise en place d\u2019une ligne de remanufacturation, financ\u00e9e par l\u2019UE.\" \/>\n<meta name=\"robots\" content=\"index, follow, max-snippet:-1, max-image-preview:large, max-video-preview:-1\" \/>\n<link rel=\"canonical\" href=\"https:\/\/www.intarcon.com\/fr\/intarcon-perte-economie-circulaire-2024\/\" \/>\n<meta property=\"og:locale\" content=\"fr_FR\" \/>\n<meta property=\"og:type\" content=\"article\" \/>\n<meta property=\"og:title\" content=\"INTARCON, b\u00e9n\u00e9ficiaire du PERTE \u00c9conomie Circulaire 2024 - INTARCON\" \/>\n<meta property=\"og:description\" content=\"INTARCON, b\u00e9n\u00e9ficiaire du PERTE \u00c9conomie Circulaire 2024 pour la mise en place d\u2019une ligne de remanufacturation, financ\u00e9e par l\u2019UE.\" \/>\n<meta property=\"og:url\" content=\"https:\/\/www.intarcon.com\/fr\/intarcon-perte-economie-circulaire-2024\/\" \/>\n<meta property=\"og:site_name\" content=\"INTARCON\" \/>\n<meta property=\"article:publisher\" content=\"https:\/\/www.facebook.com\/intarcon\/\" \/>\n<meta property=\"article:published_time\" content=\"2026-02-04T10:57:22+00:00\" \/>\n<meta property=\"article:modified_time\" content=\"2026-02-04T11:22:07+00:00\" \/>\n<meta property=\"og:image\" content=\"https:\/\/www.intarcon.com\/wp-content\/uploads\/2026\/02\/economia-circular.webp\" \/>\n\t<meta property=\"og:image:width\" content=\"1280\" \/>\n\t<meta property=\"og:image:height\" content=\"720\" \/>\n\t<meta property=\"og:image:type\" content=\"image\/webp\" \/>\n<meta name=\"author\" content=\"Nerea Serena\" \/>\n<meta name=\"twitter:card\" content=\"summary_large_image\" \/>\n<meta name=\"twitter:creator\" content=\"@Intarcon\" \/>\n<meta name=\"twitter:site\" content=\"@Intarcon\" \/>\n<meta name=\"twitter:label1\" content=\"Written by\" \/>\n\t<meta name=\"twitter:data1\" content=\"Nerea Serena\" \/>\n\t<meta name=\"twitter:label2\" content=\"Est. reading time\" \/>\n\t<meta name=\"twitter:data2\" content=\"2 minutes\" \/>\n<script type=\"application\/ld+json\" class=\"yoast-schema-graph\">{\"@context\":\"https:\/\/schema.org\",\"@graph\":[{\"@type\":\"WebPage\",\"@id\":\"https:\/\/www.intarcon.com\/fr\/intarcon-perte-economie-circulaire-2024\/\",\"url\":\"https:\/\/www.intarcon.com\/fr\/intarcon-perte-economie-circulaire-2024\/\",\"name\":\"INTARCON, b\u00e9n\u00e9ficiaire du PERTE \u00c9conomie Circulaire 2024 - INTARCON\",\"isPartOf\":{\"@id\":\"https:\/\/www.intarcon.com\/fr\/#website\"},\"primaryImageOfPage\":{\"@id\":\"https:\/\/www.intarcon.com\/fr\/intarcon-perte-economie-circulaire-2024\/#primaryimage\"},\"image\":{\"@id\":\"https:\/\/www.intarcon.com\/fr\/intarcon-perte-economie-circulaire-2024\/#primaryimage\"},\"thumbnailUrl\":\"https:\/\/www.intarcon.com\/wp-content\/uploads\/2026\/02\/economia-circular.webp\",\"datePublished\":\"2026-02-04T10:57:22+00:00\",\"dateModified\":\"2026-02-04T11:22:07+00:00\",\"author\":{\"@id\":\"https:\/\/www.intarcon.com\/fr\/#\/schema\/person\/170f57af7ec415895eeb741e2c9c608f\"},\"description\":\"INTARCON, b\u00e9n\u00e9ficiaire du PERTE \u00c9conomie Circulaire 2024 pour la mise en place d\u2019une ligne de remanufacturation, financ\u00e9e par l\u2019UE.\",\"breadcrumb\":{\"@id\":\"https:\/\/www.intarcon.com\/fr\/intarcon-perte-economie-circulaire-2024\/#breadcrumb\"},\"inLanguage\":\"fr\",\"potentialAction\":[{\"@type\":\"ReadAction\",\"target\":[\"https:\/\/www.intarcon.com\/fr\/intarcon-perte-economie-circulaire-2024\/\"]}]},{\"@type\":\"ImageObject\",\"inLanguage\":\"fr\",\"@id\":\"https:\/\/www.intarcon.com\/fr\/intarcon-perte-economie-circulaire-2024\/#primaryimage\",\"url\":\"https:\/\/www.intarcon.com\/wp-content\/uploads\/2026\/02\/economia-circular.webp\",\"contentUrl\":\"https:\/\/www.intarcon.com\/wp-content\/uploads\/2026\/02\/economia-circular.webp\",\"width\":1280,\"height\":720},{\"@type\":\"BreadcrumbList\",\"@id\":\"https:\/\/www.intarcon.com\/fr\/intarcon-perte-economie-circulaire-2024\/#breadcrumb\",\"itemListElement\":[{\"@type\":\"ListItem\",\"position\":1,\"name\":\"Portada\",\"item\":\"https:\/\/www.intarcon.com\/fr\/\"},{\"@type\":\"ListItem\",\"position\":2,\"name\":\"Blog\",\"item\":\"https:\/\/www.intarcon.com\/fr\/category\/blog-fr\/\"},{\"@type\":\"ListItem\",\"position\":3,\"name\":\"INTARCON, b\u00e9n\u00e9ficiaire du PERTE \u00c9conomie Circulaire 2024\"}]},{\"@type\":\"WebSite\",\"@id\":\"https:\/\/www.intarcon.com\/fr\/#website\",\"url\":\"https:\/\/www.intarcon.com\/fr\/\",\"name\":\"INTARCON\",\"description\":\"\",\"potentialAction\":[{\"@type\":\"SearchAction\",\"target\":{\"@type\":\"EntryPoint\",\"urlTemplate\":\"https:\/\/www.intarcon.com\/fr\/?s={search_term_string}\"},\"query-input\":{\"@type\":\"PropertyValueSpecification\",\"valueRequired\":true,\"valueName\":\"search_term_string\"}}],\"inLanguage\":\"fr\"},{\"@type\":\"Person\",\"@id\":\"https:\/\/www.intarcon.com\/fr\/#\/schema\/person\/170f57af7ec415895eeb741e2c9c608f\",\"name\":\"Nerea Serena\",\"image\":{\"@type\":\"ImageObject\",\"inLanguage\":\"fr\",\"@id\":\"https:\/\/www.intarcon.com\/fr\/#\/schema\/person\/image\/\",\"url\":\"https:\/\/secure.gravatar.com\/avatar\/e750c96c6f2e5017a7b6dd1ecbba152d10a314e79f6bafab119b0d61983fbd9a?s=96&d=mm&r=g\",\"contentUrl\":\"https:\/\/secure.gravatar.com\/avatar\/e750c96c6f2e5017a7b6dd1ecbba152d10a314e79f6bafab119b0d61983fbd9a?s=96&d=mm&r=g\",\"caption\":\"Nerea Serena\"}}]}<\/script>\n<!-- \/ Yoast SEO plugin. -->","yoast_head_json":{"title":"INTARCON, b\u00e9n\u00e9ficiaire du PERTE \u00c9conomie Circulaire 2024 - INTARCON","description":"INTARCON, b\u00e9n\u00e9ficiaire du PERTE \u00c9conomie Circulaire 2024 pour la mise en place d\u2019une ligne de remanufacturation, financ\u00e9e par l\u2019UE.","robots":{"index":"index","follow":"follow","max-snippet":"max-snippet:-1","max-image-preview":"max-image-preview:large","max-video-preview":"max-video-preview:-1"},"canonical":"https:\/\/www.intarcon.com\/fr\/intarcon-perte-economie-circulaire-2024\/","og_locale":"fr_FR","og_type":"article","og_title":"INTARCON, b\u00e9n\u00e9ficiaire du PERTE \u00c9conomie Circulaire 2024 - INTARCON","og_description":"INTARCON, b\u00e9n\u00e9ficiaire du PERTE \u00c9conomie Circulaire 2024 pour la mise en place d\u2019une ligne de remanufacturation, financ\u00e9e par l\u2019UE.","og_url":"https:\/\/www.intarcon.com\/fr\/intarcon-perte-economie-circulaire-2024\/","og_site_name":"INTARCON","article_publisher":"https:\/\/www.facebook.com\/intarcon\/","article_published_time":"2026-02-04T10:57:22+00:00","article_modified_time":"2026-02-04T11:22:07+00:00","og_image":[{"width":1280,"height":720,"url":"https:\/\/www.intarcon.com\/wp-content\/uploads\/2026\/02\/economia-circular.webp","type":"image\/webp"}],"author":"Nerea Serena","twitter_card":"summary_large_image","twitter_creator":"@Intarcon","twitter_site":"@Intarcon","twitter_misc":{"Written by":"Nerea Serena","Est. reading time":"2 minutes"},"schema":{"@context":"https:\/\/schema.org","@graph":[{"@type":"WebPage","@id":"https:\/\/www.intarcon.com\/fr\/intarcon-perte-economie-circulaire-2024\/","url":"https:\/\/www.intarcon.com\/fr\/intarcon-perte-economie-circulaire-2024\/","name":"INTARCON, b\u00e9n\u00e9ficiaire du PERTE \u00c9conomie Circulaire 2024 - INTARCON","isPartOf":{"@id":"https:\/\/www.intarcon.com\/fr\/#website"},"primaryImageOfPage":{"@id":"https:\/\/www.intarcon.com\/fr\/intarcon-perte-economie-circulaire-2024\/#primaryimage"},"image":{"@id":"https:\/\/www.intarcon.com\/fr\/intarcon-perte-economie-circulaire-2024\/#primaryimage"},"thumbnailUrl":"https:\/\/www.intarcon.com\/wp-content\/uploads\/2026\/02\/economia-circular.webp","datePublished":"2026-02-04T10:57:22+00:00","dateModified":"2026-02-04T11:22:07+00:00","author":{"@id":"https:\/\/www.intarcon.com\/fr\/#\/schema\/person\/170f57af7ec415895eeb741e2c9c608f"},"description":"INTARCON, b\u00e9n\u00e9ficiaire du PERTE \u00c9conomie Circulaire 2024 pour la mise en place d\u2019une ligne de remanufacturation, financ\u00e9e par l\u2019UE.","breadcrumb":{"@id":"https:\/\/www.intarcon.com\/fr\/intarcon-perte-economie-circulaire-2024\/#breadcrumb"},"inLanguage":"fr","potentialAction":[{"@type":"ReadAction","target":["https:\/\/www.intarcon.com\/fr\/intarcon-perte-economie-circulaire-2024\/"]}]},{"@type":"ImageObject","inLanguage":"fr","@id":"https:\/\/www.intarcon.com\/fr\/intarcon-perte-economie-circulaire-2024\/#primaryimage","url":"https:\/\/www.intarcon.com\/wp-content\/uploads\/2026\/02\/economia-circular.webp","contentUrl":"https:\/\/www.intarcon.com\/wp-content\/uploads\/2026\/02\/economia-circular.webp","width":1280,"height":720},{"@type":"BreadcrumbList","@id":"https:\/\/www.intarcon.com\/fr\/intarcon-perte-economie-circulaire-2024\/#breadcrumb","itemListElement":[{"@type":"ListItem","position":1,"name":"Portada","item":"https:\/\/www.intarcon.com\/fr\/"},{"@type":"ListItem","position":2,"name":"Blog","item":"https:\/\/www.intarcon.com\/fr\/category\/blog-fr\/"},{"@type":"ListItem","position":3,"name":"INTARCON, b\u00e9n\u00e9ficiaire du PERTE \u00c9conomie Circulaire 2024"}]},{"@type":"WebSite","@id":"https:\/\/www.intarcon.com\/fr\/#website","url":"https:\/\/www.intarcon.com\/fr\/","name":"INTARCON","description":"","potentialAction":[{"@type":"SearchAction","target":{"@type":"EntryPoint","urlTemplate":"https:\/\/www.intarcon.com\/fr\/?s={search_term_string}"},"query-input":{"@type":"PropertyValueSpecification","valueRequired":true,"valueName":"search_term_string"}}],"inLanguage":"fr"},{"@type":"Person","@id":"https:\/\/www.intarcon.com\/fr\/#\/schema\/person\/170f57af7ec415895eeb741e2c9c608f","name":"Nerea Serena","image":{"@type":"ImageObject","inLanguage":"fr","@id":"https:\/\/www.intarcon.com\/fr\/#\/schema\/person\/image\/","url":"https:\/\/secure.gravatar.com\/avatar\/e750c96c6f2e5017a7b6dd1ecbba152d10a314e79f6bafab119b0d61983fbd9a?s=96&d=mm&r=g","contentUrl":"https:\/\/secure.gravatar.com\/avatar\/e750c96c6f2e5017a7b6dd1ecbba152d10a314e79f6bafab119b0d61983fbd9a?s=96&d=mm&r=g","caption":"Nerea Serena"}}]}},"_links":{"self":[{"href":"https:\/\/www.intarcon.com\/fr\/wp-json\/wp\/v2\/posts\/98010","targetHints":{"allow":["GET"]}}],"collection":[{"href":"https:\/\/www.intarcon.com\/fr\/wp-json\/wp\/v2\/posts"}],"about":[{"href":"https:\/\/www.intarcon.com\/fr\/wp-json\/wp\/v2\/types\/post"}],"author":[{"embeddable":true,"href":"https:\/\/www.intarcon.com\/fr\/wp-json\/wp\/v2\/users\/311"}],"replies":[{"embeddable":true,"href":"https:\/\/www.intarcon.com\/fr\/wp-json\/wp\/v2\/comments?post=98010"}],"version-history":[{"count":0,"href":"https:\/\/www.intarcon.com\/fr\/wp-json\/wp\/v2\/posts\/98010\/revisions"}],"wp:featuredmedia":[{"embeddable":true,"href":"https:\/\/www.intarcon.com\/fr\/wp-json\/wp\/v2\/media\/98005"}],"wp:attachment":[{"href":"https:\/\/www.intarcon.com\/fr\/wp-json\/wp\/v2\/media?parent=98010"}],"wp:term":[{"taxonomy":"category","embeddable":true,"href":"https:\/\/www.intarcon.com\/fr\/wp-json\/wp\/v2\/categories?post=98010"},{"taxonomy":"post_tag","embeddable":true,"href":"https:\/\/www.intarcon.com\/fr\/wp-json\/wp\/v2\/tags?post=98010"}],"curies":[{"name":"wp","href":"https:\/\/api.w.org\/{rel}","templated":true}]}}