{"id":77820,"date":"2023-06-23T09:29:08","date_gmt":"2023-06-23T07:29:08","guid":{"rendered":"https:\/\/www.intarcon.com\/dia-mundial-de-la-refrigeracion\/"},"modified":"2025-08-06T13:52:20","modified_gmt":"2025-08-06T11:52:20","slug":"journee-mondiale-du-froid","status":"publish","type":"post","link":"https:\/\/www.intarcon.com\/fr\/journee-mondiale-du-froid\/","title":{"rendered":"Journ\u00e9e mondiale du froid 2023 : engagement, innovation et durabilit\u00e9 dans l&#8217;industrie"},"content":{"rendered":"\t\t<div data-elementor-type=\"wp-post\" data-elementor-id=\"77820\" class=\"elementor elementor-77820 elementor-77797\" data-elementor-post-type=\"post\">\n\t\t\t\t<div class=\"elementor-element elementor-element-0b4564d e-flex e-con-boxed e-con e-parent\" data-id=\"0b4564d\" data-element_type=\"container\">\r\n\t\t\t\t\t<div class=\"e-con-inner\">\r\n\t\t\t\t<div class=\"elementor-element elementor-element-83a5511 elementor-widget elementor-widget-text-editor\" data-id=\"83a5511\" data-element_type=\"widget\" data-widget_type=\"text-editor.default\">\n\t\t\t\t<div class=\"elementor-widget-container\">\n\t\t\t\t\t\t\t\t\t<p>Cette ann\u00e9e encore, INTARCON se joint \u00e0 l&#8217;<a href=\"https:\/\/afarfrioyclima.com\/\">AFAR<\/a> (Association des fabricants andalous de r\u00e9frig\u00e9ration), \u00e0 l&#8217;<a href=\"https:\/\/www.afec.es\/\">AFEC<\/a> (Association des fabricants d&#8217;\u00e9quipements de climatisation) et \u00e0 l<a href=\"https:\/\/www.aefyt.es\/\">&#8216;AEFYT<\/a> (Association des entreprises du froid et de leurs technologies) pour comm\u00e9morer<a href=\"http:\/\/diamundialdelarefrigeracion.com\/\"> la Journ\u00e9e mondiale du froid<\/a>, le 26 juin.<\/p><p>La campagne de cette ann\u00e9e, intitul\u00e9e &#8220;<strong>Next Generation Cooling<\/strong>&#8220;, se concentre sur l&#8217;avenir des technologies de refroidissement, du secteur et des personnes qui y travaillent. Dans un monde de plus en plus chaud, il est essentiel que nous nous adaptions et \u00e9voluions pour relever les d\u00e9fis et saisir les opportunit\u00e9s qui se pr\u00e9sentent dans l&#8217;industrie. Le secteur de la r\u00e9frig\u00e9ration et de la climatisation s&#8217;efforce de r\u00e9pondre \u00e0 la demande croissante de solutions \u00e0 faible teneur en carbone, contribuant ainsi \u00e0 la lutte contre le changement climatique.<\/p><p><a href=\"http:\/\/diamundialdelarefrigeracion.com\/\"><img fetchpriority=\"high\" decoding=\"async\" class=\"alignnone size-full wp-image-77803\" src=\"https:\/\/www.intarcon.com\/wp-content\/uploads\/2023\/06\/kig-sponsor-wrd-recortada.webp\" alt=\"D\u00eda Mundial de la Refrigeraci\u00f3n 2023\" width=\"2250\" height=\"2260\" srcset=\"https:\/\/www.intarcon.com\/wp-content\/uploads\/2023\/06\/kig-sponsor-wrd-recortada.webp 2250w, https:\/\/www.intarcon.com\/wp-content\/uploads\/2023\/06\/kig-sponsor-wrd-recortada-768x771.webp 768w, https:\/\/www.intarcon.com\/wp-content\/uploads\/2023\/06\/kig-sponsor-wrd-recortada-1529x1536.webp 1529w, https:\/\/www.intarcon.com\/wp-content\/uploads\/2023\/06\/kig-sponsor-wrd-recortada-2039x2048.webp 2039w, https:\/\/www.intarcon.com\/wp-content\/uploads\/2023\/06\/kig-sponsor-wrd-recortada-640x643.webp 640w, https:\/\/www.intarcon.com\/wp-content\/uploads\/2023\/06\/kig-sponsor-wrd-recortada-400x402.webp 400w, https:\/\/www.intarcon.com\/wp-content\/uploads\/2023\/06\/kig-sponsor-wrd-recortada-367x369.webp 367w, https:\/\/www.intarcon.com\/wp-content\/uploads\/2023\/06\/kig-sponsor-wrd-recortada-600x603.webp 600w\" sizes=\"(max-width: 2250px) 100vw, 2250px\" \/><\/a><\/p><p>Notre engagement en faveur du d\u00e9veloppement durable se refl\u00e8te dans toutes nos actions et d\u00e9cisions commerciales. Nous nous effor\u00e7ons de mettre en \u0153uvre des pratiques et des mesures qui r\u00e9duisent l&#8217;impact de nos activit\u00e9s sur l&#8217;environnement et d&#8217;adopter une approche de pr\u00e9caution qui profite \u00e0 l&#8217;environnement et r\u00e9duit l&#8217;empreinte carbone de notre entreprise. Voici quelques-unes des mesures que nous avons prises :<\/p><ul><li><strong>Efficacit\u00e9 \u00e9nerg\u00e9tique :<\/strong> nous concevons et fabriquons des \u00e9quipements de climatisation industrielle \u00e0 haute efficacit\u00e9 \u00e9nerg\u00e9tique. Nos syst\u00e8mes sont con\u00e7us pour maximiser les performances et minimiser la consommation d&#8217;\u00e9nergie, ce qui se traduit par une r\u00e9duction significative des \u00e9missions de carbone.<\/li><li><strong>Utilisation de r\u00e9frig\u00e9rants naturels :<\/strong> nous travaillons avec des technologies et des r\u00e9frig\u00e9rants qui r\u00e9pondent aux normes les plus \u00e9lev\u00e9es en termes de durabilit\u00e9 et de protection de l&#8217;environnement.<\/li><li><strong>R&amp;D&amp;I :<\/strong> Nous sommes constamment \u00e0 la recherche de nouvelles solutions et technologies plus efficaces et plus respectueuses de l&#8217;environnement.<\/li><li><strong>Collaboration avec des associations et des organisations :<\/strong> nous travaillons en partenariat avec l&#8217;AFAR, l&#8217;AFEC et l&#8217;AEFYT pour promouvoir le d\u00e9veloppement durable dans le secteur de la r\u00e9frig\u00e9ration et de la climatisation. Nous travaillons ensemble pour \u00e9tablir des normes et des pratiques qui r\u00e9duisent les \u00e9missions de carbone et am\u00e9liorent l&#8217;efficacit\u00e9 \u00e9nerg\u00e9tique dans l&#8217;industrie.<\/li><li><strong>\u00c9ducation et sensibilisation :<\/strong> notre engagement en faveur de l&#8217;\u00e9ducation et de la sensibilisation se refl\u00e8te dans les efforts que nous d\u00e9ployons pour promouvoir l&#8217;importance de la r\u00e9frig\u00e9ration durable aupr\u00e8s de nos employ\u00e9s et de nos clients. En outre, nous menons des actions de formation et \u00e9tablissons des partenariats avec des centres d&#8217;emploi professionnels, des universit\u00e9s et des centres de formation professionnelle, dans le but de permettre \u00e0 nos clients, \u00e0 nos employ\u00e9s et aux futurs professionnels d&#8217;\u00eatre pr\u00eats \u00e0 relever les d\u00e9fis et \u00e0 adopter des solutions plus efficaces et plus respectueuses de l&#8217;environnement.<\/li><\/ul><p>Chez INTARCON, nous nous engageons \u00e0 ouvrir la voie \u00e0 la r\u00e9frig\u00e9ration de nouvelle g\u00e9n\u00e9ration. Nous pensons que l&#8217;avenir est entre nos mains et qu&#8217;ensemble, nous pouvons faire la diff\u00e9rence. Nous encourageons l&#8217;ensemble du secteur de la r\u00e9frig\u00e9ration, de la climatisation et des pompes \u00e0 chaleur \u00e0 se joindre \u00e0 nous pour c\u00e9l\u00e9brer la Journ\u00e9e mondiale du froid 2023 et \u00e0 travailler ensemble pour un avenir plus durable et plus respectueux de l&#8217;environnement.<\/p><p><a href=\"https:\/\/www.intarcon.com\/fr\/\">KEYTER INTARCON GENAQ<\/a>, conform\u00e9ment \u00e0 son engagement envers ces valeurs, parraine chaque ann\u00e9e l&#8217;\u00e9dition espagnole de la Journ\u00e9e mondiale du froid, ainsi que la promotion internationale de la Journ\u00e9e mondiale du froid.<\/p><p><a href=\"https:\/\/worldrefrigerationday.org\/\"><img decoding=\"async\" class=\"wp-image-77798 aligncenter\" src=\"https:\/\/www.intarcon.com\/wp-content\/uploads\/2023\/06\/wrd-next-gen-cooling.webp\" alt=\"D\u00eda Mundial de la Refrigeraci\u00f3n 2023\" width=\"363\" height=\"332\" \/><\/a><\/p>\t\t\t\t\t\t\t\t<\/div>\n\t\t\t\t<\/div>\n\t\t\t\t\t<\/div>\n\t\t\t\t<\/div>\n\t\t<div class=\"elementor-element elementor-element-0d68e95 e-flex e-con-boxed e-con e-parent\" data-id=\"0d68e95\" data-element_type=\"container\">\r\n\t\t\t\t\t<div class=\"e-con-inner\">\r\n\t\t\t\t<div class=\"elementor-element elementor-element-e328e4f elementor-widget elementor-widget-image\" data-id=\"e328e4f\" data-element_type=\"widget\" data-widget_type=\"image.default\">\n\t\t\t\t<div class=\"elementor-widget-container\">\n\t\t\t\t\t\t\t\t\t\t\t\t\t\t\t\t<a href=\"https:\/\/www.intarcon.com\/fr\/conseils-techniques\/\">\n\t\t\t\t\t\t\t<img decoding=\"async\" width=\"1191\" height=\"347\" src=\"https:\/\/www.intarcon.com\/wp-content\/uploads\/2025\/08\/CTA-FR-SOLICITAR-ASESORIA-TECNICA.webp\" class=\"attachment-large size-large wp-image-95993\" alt=\"\" srcset=\"https:\/\/www.intarcon.com\/wp-content\/uploads\/2025\/08\/CTA-FR-SOLICITAR-ASESORIA-TECNICA.webp 1191w, https:\/\/www.intarcon.com\/wp-content\/uploads\/2025\/08\/CTA-FR-SOLICITAR-ASESORIA-TECNICA-768x224.webp 768w, https:\/\/www.intarcon.com\/wp-content\/uploads\/2025\/08\/CTA-FR-SOLICITAR-ASESORIA-TECNICA-640x186.webp 640w, https:\/\/www.intarcon.com\/wp-content\/uploads\/2025\/08\/CTA-FR-SOLICITAR-ASESORIA-TECNICA-400x117.webp 400w, https:\/\/www.intarcon.com\/wp-content\/uploads\/2025\/08\/CTA-FR-SOLICITAR-ASESORIA-TECNICA-367x107.webp 367w, https:\/\/www.intarcon.com\/wp-content\/uploads\/2025\/08\/CTA-FR-SOLICITAR-ASESORIA-TECNICA-600x175.webp 600w\" sizes=\"(max-width: 1191px) 100vw, 1191px\" \/>\t\t\t\t\t\t\t\t<\/a>\n\t\t\t\t\t\t\t\t\t\t\t\t\t\t\t<\/div>\n\t\t\t\t<\/div>\n\t\t\t\t\t<\/div>\n\t\t\t\t<\/div>\n\t\t\t\t<\/div>\n\t\t","protected":false},"excerpt":{"rendered":"<p>Cette ann\u00e9e encore, INTARCON se joint \u00e0 l&#8217;AFAR (Association des fabricants andalous de r\u00e9frig\u00e9ration), \u00e0 l&#8217;AFEC (Association des fabricants d&#8217;\u00e9quipements de climatisation) et \u00e0 l&#8216;AEFYT (Association des entreprises du froid et de leurs technologies) pour comm\u00e9morer la Journ\u00e9e mondiale du froid, le 26 juin. La campagne de cette ann\u00e9e, intitul\u00e9e &#8220;Next Generation Cooling&#8220;, se concentre [&hellip;]<\/p>\n","protected":false},"author":2,"featured_media":77805,"comment_status":"closed","ping_status":"open","sticky":false,"template":"","format":"standard","meta":{"footnotes":""},"categories":[186,468],"tags":[],"class_list":["post-77820","post","type-post","status-publish","format-standard","has-post-thumbnail","hentry","category-blog","category-noticias"],"featured_image_src":{"landsacpe":["https:\/\/www.intarcon.com\/wp-content\/uploads\/2023\/06\/kig-sponsor-wrd-recortada-1140x445.webp",1140,445,true],"list":["https:\/\/www.intarcon.com\/wp-content\/uploads\/2023\/06\/kig-sponsor-wrd-recortada-463x348.webp",463,348,true],"medium":["https:\/\/www.intarcon.com\/wp-content\/uploads\/2023\/06\/kig-sponsor-wrd-recortada.webp",2250,2260,false],"full":["https:\/\/www.intarcon.com\/wp-content\/uploads\/2023\/06\/kig-sponsor-wrd-recortada.webp",2250,2260,false]},"yoast_head":"<!-- This site is optimized with the Yoast SEO plugin v25.5 - https:\/\/yoast.com\/wordpress\/plugins\/seo\/ -->\n<title>Journ\u00e9e mondiale du froid 2023 - INTARCON<\/title>\n<meta name=\"description\" content=\"INTARCON s&#039;associe une ann\u00e9e de plus \u00e0 l&#039;engagement en faveur de l&#039;innovation et de la durabilit\u00e9 dans le cadre de la journ\u00e9e mondiale de la r\u00e9frig\u00e9ration.\" \/>\n<meta name=\"robots\" content=\"index, follow, max-snippet:-1, max-image-preview:large, max-video-preview:-1\" \/>\n<link rel=\"canonical\" href=\"https:\/\/www.intarcon.com\/fr\/journee-mondiale-du-froid\/\" \/>\n<meta property=\"og:locale\" content=\"fr_FR\" \/>\n<meta property=\"og:type\" content=\"article\" \/>\n<meta property=\"og:title\" content=\"Journ\u00e9e mondiale du froid 2023 - INTARCON\" \/>\n<meta property=\"og:description\" content=\"INTARCON s&#039;associe une ann\u00e9e de plus \u00e0 l&#039;engagement en faveur de l&#039;innovation et de la durabilit\u00e9 dans le cadre de la journ\u00e9e mondiale de la r\u00e9frig\u00e9ration.\" \/>\n<meta property=\"og:url\" content=\"https:\/\/www.intarcon.com\/fr\/journee-mondiale-du-froid\/\" \/>\n<meta property=\"og:site_name\" content=\"INTARCON\" \/>\n<meta property=\"article:publisher\" content=\"https:\/\/www.facebook.com\/intarcon\/\" \/>\n<meta property=\"article:published_time\" content=\"2023-06-23T07:29:08+00:00\" \/>\n<meta property=\"article:modified_time\" content=\"2025-08-06T11:52:20+00:00\" \/>\n<meta property=\"og:image\" content=\"https:\/\/www.intarcon.com\/wp-content\/uploads\/2023\/06\/kig-sponsor-wrd-recortada.webp\" \/>\n\t<meta property=\"og:image:width\" content=\"2250\" \/>\n\t<meta property=\"og:image:height\" content=\"2260\" \/>\n\t<meta property=\"og:image:type\" content=\"image\/webp\" \/>\n<meta name=\"author\" content=\"INTARCON\" \/>\n<meta name=\"twitter:card\" content=\"summary_large_image\" \/>\n<meta name=\"twitter:creator\" content=\"@Intarcon\" \/>\n<meta name=\"twitter:site\" content=\"@Intarcon\" \/>\n<meta name=\"twitter:label1\" content=\"Written by\" \/>\n\t<meta name=\"twitter:data1\" content=\"INTARCON\" \/>\n\t<meta name=\"twitter:label2\" content=\"Est. reading time\" \/>\n\t<meta name=\"twitter:data2\" content=\"3 minutes\" \/>\n<script type=\"application\/ld+json\" class=\"yoast-schema-graph\">{\"@context\":\"https:\/\/schema.org\",\"@graph\":[{\"@type\":\"WebPage\",\"@id\":\"https:\/\/www.intarcon.com\/fr\/journee-mondiale-du-froid\/\",\"url\":\"https:\/\/www.intarcon.com\/fr\/journee-mondiale-du-froid\/\",\"name\":\"Journ\u00e9e mondiale du froid 2023 - INTARCON\",\"isPartOf\":{\"@id\":\"https:\/\/www.intarcon.com\/fr\/#website\"},\"primaryImageOfPage\":{\"@id\":\"https:\/\/www.intarcon.com\/fr\/journee-mondiale-du-froid\/#primaryimage\"},\"image\":{\"@id\":\"https:\/\/www.intarcon.com\/fr\/journee-mondiale-du-froid\/#primaryimage\"},\"thumbnailUrl\":\"https:\/\/www.intarcon.com\/wp-content\/uploads\/2023\/06\/kig-sponsor-wrd-recortada.webp\",\"datePublished\":\"2023-06-23T07:29:08+00:00\",\"dateModified\":\"2025-08-06T11:52:20+00:00\",\"author\":{\"@id\":\"https:\/\/www.intarcon.com\/fr\/#\/schema\/person\/3953ab26cc806bd58bd91f8a62054c03\"},\"description\":\"INTARCON s'associe une ann\u00e9e de plus \u00e0 l'engagement en faveur de l'innovation et de la durabilit\u00e9 dans le cadre de la journ\u00e9e mondiale de la r\u00e9frig\u00e9ration.\",\"breadcrumb\":{\"@id\":\"https:\/\/www.intarcon.com\/fr\/journee-mondiale-du-froid\/#breadcrumb\"},\"inLanguage\":\"fr\",\"potentialAction\":[{\"@type\":\"ReadAction\",\"target\":[\"https:\/\/www.intarcon.com\/fr\/journee-mondiale-du-froid\/\"]}]},{\"@type\":\"ImageObject\",\"inLanguage\":\"fr\",\"@id\":\"https:\/\/www.intarcon.com\/fr\/journee-mondiale-du-froid\/#primaryimage\",\"url\":\"https:\/\/www.intarcon.com\/wp-content\/uploads\/2023\/06\/kig-sponsor-wrd-recortada.webp\",\"contentUrl\":\"https:\/\/www.intarcon.com\/wp-content\/uploads\/2023\/06\/kig-sponsor-wrd-recortada.webp\",\"width\":2250,\"height\":2260,\"caption\":\"D\u00eda Mundial de la Refrigeraci\u00f3n 2023\"},{\"@type\":\"BreadcrumbList\",\"@id\":\"https:\/\/www.intarcon.com\/fr\/journee-mondiale-du-froid\/#breadcrumb\",\"itemListElement\":[{\"@type\":\"ListItem\",\"position\":1,\"name\":\"Portada\",\"item\":\"https:\/\/www.intarcon.com\/fr\/\"},{\"@type\":\"ListItem\",\"position\":2,\"name\":\"Blog\",\"item\":\"https:\/\/www.intarcon.com\/fr\/category\/blog-fr\/\"},{\"@type\":\"ListItem\",\"position\":3,\"name\":\"Journ\u00e9e mondiale du froid 2023 : engagement, innovation et durabilit\u00e9 dans l&#8217;industrie\"}]},{\"@type\":\"WebSite\",\"@id\":\"https:\/\/www.intarcon.com\/fr\/#website\",\"url\":\"https:\/\/www.intarcon.com\/fr\/\",\"name\":\"INTARCON\",\"description\":\"\",\"potentialAction\":[{\"@type\":\"SearchAction\",\"target\":{\"@type\":\"EntryPoint\",\"urlTemplate\":\"https:\/\/www.intarcon.com\/fr\/?s={search_term_string}\"},\"query-input\":{\"@type\":\"PropertyValueSpecification\",\"valueRequired\":true,\"valueName\":\"search_term_string\"}}],\"inLanguage\":\"fr\"},{\"@type\":\"Person\",\"@id\":\"https:\/\/www.intarcon.com\/fr\/#\/schema\/person\/3953ab26cc806bd58bd91f8a62054c03\",\"name\":\"INTARCON\",\"image\":{\"@type\":\"ImageObject\",\"inLanguage\":\"fr\",\"@id\":\"https:\/\/www.intarcon.com\/fr\/#\/schema\/person\/image\/\",\"url\":\"https:\/\/secure.gravatar.com\/avatar\/15e7dea3e8aff0fc73c1fbe5156ed313f6044f5727ad9a8c9752574cacdce03d?s=96&d=mm&r=g\",\"contentUrl\":\"https:\/\/secure.gravatar.com\/avatar\/15e7dea3e8aff0fc73c1fbe5156ed313f6044f5727ad9a8c9752574cacdce03d?s=96&d=mm&r=g\",\"caption\":\"INTARCON\"}}]}<\/script>\n<!-- \/ Yoast SEO plugin. -->","yoast_head_json":{"title":"Journ\u00e9e mondiale du froid 2023 - INTARCON","description":"INTARCON s'associe une ann\u00e9e de plus \u00e0 l'engagement en faveur de l'innovation et de la durabilit\u00e9 dans le cadre de la journ\u00e9e mondiale de la r\u00e9frig\u00e9ration.","robots":{"index":"index","follow":"follow","max-snippet":"max-snippet:-1","max-image-preview":"max-image-preview:large","max-video-preview":"max-video-preview:-1"},"canonical":"https:\/\/www.intarcon.com\/fr\/journee-mondiale-du-froid\/","og_locale":"fr_FR","og_type":"article","og_title":"Journ\u00e9e mondiale du froid 2023 - INTARCON","og_description":"INTARCON s'associe une ann\u00e9e de plus \u00e0 l'engagement en faveur de l'innovation et de la durabilit\u00e9 dans le cadre de la journ\u00e9e mondiale de la r\u00e9frig\u00e9ration.","og_url":"https:\/\/www.intarcon.com\/fr\/journee-mondiale-du-froid\/","og_site_name":"INTARCON","article_publisher":"https:\/\/www.facebook.com\/intarcon\/","article_published_time":"2023-06-23T07:29:08+00:00","article_modified_time":"2025-08-06T11:52:20+00:00","og_image":[{"width":2250,"height":2260,"url":"https:\/\/www.intarcon.com\/wp-content\/uploads\/2023\/06\/kig-sponsor-wrd-recortada.webp","type":"image\/webp"}],"author":"INTARCON","twitter_card":"summary_large_image","twitter_creator":"@Intarcon","twitter_site":"@Intarcon","twitter_misc":{"Written by":"INTARCON","Est. reading time":"3 minutes"},"schema":{"@context":"https:\/\/schema.org","@graph":[{"@type":"WebPage","@id":"https:\/\/www.intarcon.com\/fr\/journee-mondiale-du-froid\/","url":"https:\/\/www.intarcon.com\/fr\/journee-mondiale-du-froid\/","name":"Journ\u00e9e mondiale du froid 2023 - INTARCON","isPartOf":{"@id":"https:\/\/www.intarcon.com\/fr\/#website"},"primaryImageOfPage":{"@id":"https:\/\/www.intarcon.com\/fr\/journee-mondiale-du-froid\/#primaryimage"},"image":{"@id":"https:\/\/www.intarcon.com\/fr\/journee-mondiale-du-froid\/#primaryimage"},"thumbnailUrl":"https:\/\/www.intarcon.com\/wp-content\/uploads\/2023\/06\/kig-sponsor-wrd-recortada.webp","datePublished":"2023-06-23T07:29:08+00:00","dateModified":"2025-08-06T11:52:20+00:00","author":{"@id":"https:\/\/www.intarcon.com\/fr\/#\/schema\/person\/3953ab26cc806bd58bd91f8a62054c03"},"description":"INTARCON s'associe une ann\u00e9e de plus \u00e0 l'engagement en faveur de l'innovation et de la durabilit\u00e9 dans le cadre de la journ\u00e9e mondiale de la r\u00e9frig\u00e9ration.","breadcrumb":{"@id":"https:\/\/www.intarcon.com\/fr\/journee-mondiale-du-froid\/#breadcrumb"},"inLanguage":"fr","potentialAction":[{"@type":"ReadAction","target":["https:\/\/www.intarcon.com\/fr\/journee-mondiale-du-froid\/"]}]},{"@type":"ImageObject","inLanguage":"fr","@id":"https:\/\/www.intarcon.com\/fr\/journee-mondiale-du-froid\/#primaryimage","url":"https:\/\/www.intarcon.com\/wp-content\/uploads\/2023\/06\/kig-sponsor-wrd-recortada.webp","contentUrl":"https:\/\/www.intarcon.com\/wp-content\/uploads\/2023\/06\/kig-sponsor-wrd-recortada.webp","width":2250,"height":2260,"caption":"D\u00eda Mundial de la Refrigeraci\u00f3n 2023"},{"@type":"BreadcrumbList","@id":"https:\/\/www.intarcon.com\/fr\/journee-mondiale-du-froid\/#breadcrumb","itemListElement":[{"@type":"ListItem","position":1,"name":"Portada","item":"https:\/\/www.intarcon.com\/fr\/"},{"@type":"ListItem","position":2,"name":"Blog","item":"https:\/\/www.intarcon.com\/fr\/category\/blog-fr\/"},{"@type":"ListItem","position":3,"name":"Journ\u00e9e mondiale du froid 2023 : engagement, innovation et durabilit\u00e9 dans l&#8217;industrie"}]},{"@type":"WebSite","@id":"https:\/\/www.intarcon.com\/fr\/#website","url":"https:\/\/www.intarcon.com\/fr\/","name":"INTARCON","description":"","potentialAction":[{"@type":"SearchAction","target":{"@type":"EntryPoint","urlTemplate":"https:\/\/www.intarcon.com\/fr\/?s={search_term_string}"},"query-input":{"@type":"PropertyValueSpecification","valueRequired":true,"valueName":"search_term_string"}}],"inLanguage":"fr"},{"@type":"Person","@id":"https:\/\/www.intarcon.com\/fr\/#\/schema\/person\/3953ab26cc806bd58bd91f8a62054c03","name":"INTARCON","image":{"@type":"ImageObject","inLanguage":"fr","@id":"https:\/\/www.intarcon.com\/fr\/#\/schema\/person\/image\/","url":"https:\/\/secure.gravatar.com\/avatar\/15e7dea3e8aff0fc73c1fbe5156ed313f6044f5727ad9a8c9752574cacdce03d?s=96&d=mm&r=g","contentUrl":"https:\/\/secure.gravatar.com\/avatar\/15e7dea3e8aff0fc73c1fbe5156ed313f6044f5727ad9a8c9752574cacdce03d?s=96&d=mm&r=g","caption":"INTARCON"}}]}},"_links":{"self":[{"href":"https:\/\/www.intarcon.com\/fr\/wp-json\/wp\/v2\/posts\/77820","targetHints":{"allow":["GET"]}}],"collection":[{"href":"https:\/\/www.intarcon.com\/fr\/wp-json\/wp\/v2\/posts"}],"about":[{"href":"https:\/\/www.intarcon.com\/fr\/wp-json\/wp\/v2\/types\/post"}],"author":[{"embeddable":true,"href":"https:\/\/www.intarcon.com\/fr\/wp-json\/wp\/v2\/users\/2"}],"replies":[{"embeddable":true,"href":"https:\/\/www.intarcon.com\/fr\/wp-json\/wp\/v2\/comments?post=77820"}],"version-history":[{"count":0,"href":"https:\/\/www.intarcon.com\/fr\/wp-json\/wp\/v2\/posts\/77820\/revisions"}],"wp:featuredmedia":[{"embeddable":true,"href":"https:\/\/www.intarcon.com\/fr\/wp-json\/wp\/v2\/media\/77805"}],"wp:attachment":[{"href":"https:\/\/www.intarcon.com\/fr\/wp-json\/wp\/v2\/media?parent=77820"}],"wp:term":[{"taxonomy":"category","embeddable":true,"href":"https:\/\/www.intarcon.com\/fr\/wp-json\/wp\/v2\/categories?post=77820"},{"taxonomy":"post_tag","embeddable":true,"href":"https:\/\/www.intarcon.com\/fr\/wp-json\/wp\/v2\/tags?post=77820"}],"curies":[{"name":"wp","href":"https:\/\/api.w.org\/{rel}","templated":true}]}}