{"id":77642,"date":"2023-06-21T17:15:11","date_gmt":"2023-06-21T15:15:11","guid":{"rendered":"https:\/\/www.intarcon.com\/?p=77642"},"modified":"2025-08-06T13:49:39","modified_gmt":"2025-08-06T11:49:39","slug":"efficacite-energetique-des-systemes-de-refrigeration","status":"publish","type":"post","link":"https:\/\/www.intarcon.com\/fr\/efficacite-energetique-des-systemes-de-refrigeration\/","title":{"rendered":"Efficacit\u00e9 \u00e9nerg\u00e9tique des syst\u00e8mes de r\u00e9frig\u00e9ration"},"content":{"rendered":"\t\t<div data-elementor-type=\"wp-post\" data-elementor-id=\"77642\" class=\"elementor elementor-77642 elementor-77604\" data-elementor-post-type=\"post\">\n\t\t\t\t<div class=\"elementor-element elementor-element-9aad27d e-flex e-con-boxed e-con e-parent\" data-id=\"9aad27d\" data-element_type=\"container\">\r\n\t\t\t\t\t<div class=\"e-con-inner\">\r\n\t\t\t\t<div class=\"elementor-element elementor-element-15c8bdc elementor-widget elementor-widget-text-editor\" data-id=\"15c8bdc\" data-element_type=\"widget\" data-widget_type=\"text-editor.default\">\n\t\t\t\t<div class=\"elementor-widget-container\">\n\t\t\t\t\t\t\t\t\t<p>Comme de nombreuses entreprises du secteur, INTARCON a d\u00fb s&#8217;adapter aux diff\u00e9rentes exigences l\u00e9gislatives, en cherchant \u00e0 s&#8217;adapter aux r\u00e9glementations en mati\u00e8re de protection de l&#8217;environnement, avec l&#8217;objectif clair d&#8217;am\u00e9liorer l&#8217;efficacit\u00e9 \u00e9nerg\u00e9tique. C&#8217;est pourquoi elle s&#8217;est engag\u00e9e \u00e0 utiliser des r\u00e9frig\u00e9rants naturels qui n&#8217;ont pas d&#8217;effets n\u00e9gatifs sur la chimie de l&#8217;environnement.<\/p><p>L&#8217;Union europ\u00e9enne, par la publication de propositions l\u00e9gislatives, tente de mener la transition \u00e9nerg\u00e9tique bas\u00e9e sur la r\u00e9duction drastique des \u00e9missions de CO2 dans l&#8217;atmosph\u00e8re. C&#8217;est pourquoi des changements majeurs sont en cours dans le secteur de la r\u00e9frig\u00e9ration afin d&#8217;accro\u00eetre l&#8217;efficacit\u00e9 \u00e9nerg\u00e9tique et de r\u00e9duire l&#8217;empreinte carbone.<\/p><p>Pour une grande partie du secteur industriel, la consommation d&#8217;\u00e9lectricit\u00e9 est l&#8217;une des principales d\u00e9penses, ce qui influe directement sur la comp\u00e9titivit\u00e9 de ses produits. Cela a encourag\u00e9 l&#8217;int\u00e9r\u00eat pour l&#8217;efficacit\u00e9 \u00e9nerg\u00e9tique dans leurs processus afin de faire face \u00e0 la fluctuation des prix de l&#8217;\u00e9nergie.<\/p><p>Avant de proc\u00e9der \u00e0 la conception d&#8217;une installation, il est n\u00e9cessaire d&#8217;\u00e9tudier ses besoins afin d&#8217;obtenir la solution la mieux adapt\u00e9e au projet. Certains des aspects les plus importants sont \u00e9num\u00e9r\u00e9s ci-dessous :<\/p>\t\t\t\t\t\t\t\t<\/div>\n\t\t\t\t<\/div>\n\t\t\t\t<div class=\"elementor-element elementor-element-d639b2a elementor-widget elementor-widget-heading\" data-id=\"d639b2a\" data-element_type=\"widget\" data-widget_type=\"heading.default\">\n\t\t\t\t<div class=\"elementor-widget-container\">\n\t\t\t\t\t<h2 class=\"elementor-heading-title elementor-size-default\">Optimisation de la charge thermique<\/h2>\t\t\t\t<\/div>\n\t\t\t\t<\/div>\n\t\t\t\t<div class=\"elementor-element elementor-element-44fe8e3 elementor-widget elementor-widget-text-editor\" data-id=\"44fe8e3\" data-element_type=\"widget\" data-widget_type=\"text-editor.default\">\n\t\t\t\t<div class=\"elementor-widget-container\">\n\t\t\t\t\t\t\t\t\t<p>L&#8217;exc\u00e8s de puissance fait que l&#8217;\u00e9quipement fonctionne \u00e0 charge partielle, ce qui entra\u00eene une diminution de l&#8217;efficacit\u00e9 \u00e9nerg\u00e9tique. Cela entra\u00eene une augmentation de l&#8217;investissement et du co\u00fbt \u00e9nerg\u00e9tique du syst\u00e8me, et donc une augmentation du prix du produit. Il est donc essentiel d&#8217;optimiser la conception de la chambre froide ou du processus (en minimisant les pertes par transmission, infiltration, d\u00e9givrage, etc. En outre, il sera essentiel de veiller \u00e0 la bonne utilisation de l&#8217;installation (\u00e9viter les ouvertures de portes inutiles, etc.).<\/p><ul><li>Quelques moyens d&#8217;am\u00e9liorer l&#8217;efficacit\u00e9 \u00e9nerg\u00e9tique :<br \/><ul><li>Ajouter des \u00e9quipements de soutien pour amortir les pics thermiques.<\/li><li>Utiliser la chaleur perdue de l&#8217;air \u00e9vacu\u00e9.<\/li><li>R\u00e9cup\u00e9rer la chaleur perdue des liquides de traitement.<\/li><li>D\u00e9placer une partie des charges thermiques vers les heures creuses.<\/li><li>R\u00e9duire la consommation des pompes dans les syst\u00e8mes indirects.<\/li><li>Utiliser le free cooling.<\/li><li>Adopter certaines mesures dans les chambres froides.<\/li><\/ul><\/li><\/ul>\t\t\t\t\t\t\t\t<\/div>\n\t\t\t\t<\/div>\n\t\t\t\t<div class=\"elementor-element elementor-element-806882e elementor-widget elementor-widget-image\" data-id=\"806882e\" data-element_type=\"widget\" data-widget_type=\"image.default\">\n\t\t\t\t<div class=\"elementor-widget-container\">\n\t\t\t\t\t\t\t\t\t\t\t\t\t\t\t\t<a href=\"https:\/\/www.intarcon.com\/fr\/calcul-de-la-refrigeration\/\">\n\t\t\t\t\t\t\t<img fetchpriority=\"high\" decoding=\"async\" width=\"1204\" height=\"347\" src=\"https:\/\/www.intarcon.com\/wp-content\/uploads\/2023\/06\/cta-calculadora-fr.webp\" class=\"attachment-large size-large wp-image-77669\" alt=\"Calculatrice INTARCON\" srcset=\"https:\/\/www.intarcon.com\/wp-content\/uploads\/2023\/06\/cta-calculadora-fr.webp 1204w, https:\/\/www.intarcon.com\/wp-content\/uploads\/2023\/06\/cta-calculadora-fr-768x221.webp 768w, https:\/\/www.intarcon.com\/wp-content\/uploads\/2023\/06\/cta-calculadora-fr-640x184.webp 640w, https:\/\/www.intarcon.com\/wp-content\/uploads\/2023\/06\/cta-calculadora-fr-400x115.webp 400w, https:\/\/www.intarcon.com\/wp-content\/uploads\/2023\/06\/cta-calculadora-fr-367x106.webp 367w, https:\/\/www.intarcon.com\/wp-content\/uploads\/2023\/06\/cta-calculadora-fr-600x173.webp 600w\" sizes=\"(max-width: 1204px) 100vw, 1204px\" \/>\t\t\t\t\t\t\t\t<\/a>\n\t\t\t\t\t\t\t\t\t\t\t\t\t\t\t<\/div>\n\t\t\t\t<\/div>\n\t\t\t\t<div class=\"elementor-element elementor-element-dbeea6d elementor-widget elementor-widget-heading\" data-id=\"dbeea6d\" data-element_type=\"widget\" data-widget_type=\"heading.default\">\n\t\t\t\t<div class=\"elementor-widget-container\">\n\t\t\t\t\t<h2 class=\"elementor-heading-title elementor-size-default\">Choix du r\u00e9frig\u00e9rant<\/h2>\t\t\t\t<\/div>\n\t\t\t\t<\/div>\n\t\t\t\t<div class=\"elementor-element elementor-element-88404db elementor-widget elementor-widget-text-editor\" data-id=\"88404db\" data-element_type=\"widget\" data-widget_type=\"text-editor.default\">\n\t\t\t\t<div class=\"elementor-widget-container\">\n\t\t\t\t\t\t\t\t\t<p>Tout au long de l&#8217;histoire de la r\u00e9frig\u00e9ration, diff\u00e9rents types de r\u00e9frig\u00e9rants ont \u00e9t\u00e9 utilis\u00e9s (CFC, HCFC, HFC, HC, compos\u00e9s inorganiques tels que l&#8217;ammoniac, ou m\u00eame de nouveaux r\u00e9frig\u00e9rants bas\u00e9s sur la nanotechnologie, les nanofluides). Il n&#8217;existe donc pas de r\u00e9frig\u00e9rant id\u00e9al, mais certains facteurs doivent \u00eatre pris en compte lors du choix d&#8217;un r\u00e9frig\u00e9rant :<\/p><ul><li>Facteurs de performance (COP et SEPR).<\/li><li>Facteurs environnementaux (PCA et ODP).<\/li><li>Facteurs \u00e9conomiques (co\u00fbt, manipulation, stockage et \u00e9limination).<\/li><li>Facteurs de s\u00e9curit\u00e9 (toxicit\u00e9 et inflammabilit\u00e9).<\/li><\/ul><p>De plus en plus d&#8217;entreprises s&#8217;adaptent \u00e0 l&#8217;utilisation de r\u00e9frig\u00e9rants \u00e0 faible GWP, suite au r\u00e8glement europ\u00e9en sur l&#8217;utilisation des gaz r\u00e9frig\u00e9rants (r\u00e8glement F-Gas). Parmi les solutions visant \u00e0 faciliter l&#8217;adaptation des clients \u00e0 la r\u00e9glementation \u00e0 moyen terme, INTARCON a d\u00e9velopp\u00e9 la<a href=\"https:\/\/www.intarcon.com\/fr\/produit\/intarcube-a2l-approved\/\"> ligne d&#8217;unit\u00e9s approuv\u00e9es intarCUBE A2L<\/a>, con\u00e7ues pour fonctionner soit avec le r\u00e9frig\u00e9rant R-449A avec un GWP=1398, soit avec le R-454C avec un GWP&lt;150.<\/p><p>INTARCON propose des solutions utilisant des r\u00e9frig\u00e9rants naturels tels que l&#8217;ammoniac ou R-717 (NH3), le dioxyde de carbone ou R-744 (CO2), et le propane ou R-290 (C3H8). Ces r\u00e9frig\u00e9rants ont \u00e9t\u00e9 choisis pour leur haute performance thermodynamique, leur faible co\u00fbt et leur effet de serre faible ou nul, ce qui en fait les r\u00e9frig\u00e9rants de l&#8217;avenir. Ils repr\u00e9sentent une \u00e9conomie par rapport aux hydrofluorocarbures (HFC), car ces derniers ont des prix \u00e9lev\u00e9s en raison de leur taxe \u00e9lev\u00e9e sur le PRP et de la difficult\u00e9 d&#8217;approvisionnement, qui augmentera au fil des ans.<\/p>\t\t\t\t\t\t\t\t<\/div>\n\t\t\t\t<\/div>\n\t\t\t\t<div class=\"elementor-element elementor-element-f60de82 elementor-widget elementor-widget-heading\" data-id=\"f60de82\" data-element_type=\"widget\" data-widget_type=\"heading.default\">\n\t\t\t\t<div class=\"elementor-widget-container\">\n\t\t\t\t\t<h3 class=\"elementor-heading-title elementor-size-default\">Syst\u00e8mes avec R-717 (NH3)<\/h3>\t\t\t\t<\/div>\n\t\t\t\t<\/div>\n\t\t\t\t<div class=\"elementor-element elementor-element-9a6122d elementor-widget elementor-widget-text-editor\" data-id=\"9a6122d\" data-element_type=\"widget\" data-widget_type=\"text-editor.default\">\n\t\t\t\t<div class=\"elementor-widget-container\">\n\t\t\t\t\t\t\t\t\t<p>L&#8217;ammoniac est le r\u00e9frig\u00e9rant le plus utilis\u00e9 dans la r\u00e9frig\u00e9ration industrielle, en raison de son faible co\u00fbt et de son coefficient de transfert thermique \u00e9lev\u00e9. Il n&#8217;alt\u00e8re pas la couche d&#8217;ozone et ne contribue pas \u00e0 l&#8217;effet de serre gr\u00e2ce \u00e0 son int\u00e9gration ais\u00e9e dans la chimie de l&#8217;environnement par le biais du cycle de l&#8217;azote. Il peut \u00eatre install\u00e9 dans des int\u00e9rieurs inoccup\u00e9s ou \u00e0 l&#8217;ext\u00e9rieur, o\u00f9 il se dissipe rapidement en cas de fuite car il est moins dense que l&#8217;air.<\/p><p>INTARCON a d\u00e9velopp\u00e9 une <a href=\"https:\/\/www.intarcon.com\/fr\/produit\/refroidisseurs-nh3-ammolite\/\">gamme d&#8217;\u00e9quipements ammolites<\/a> au R-717 avec les meilleures caract\u00e9ristiques de s\u00e9curit\u00e9, condensation \u00e0 microcanaux et tr\u00e8s faible charge de r\u00e9frig\u00e9rant (\u2243 70 g\/kW), aussi bien dans l&#8217;option d&#8217;expansion directe qu&#8217;indirecte, r\u00e9solvant les difficult\u00e9s pr\u00e9sent\u00e9es par ce type de syst\u00e8me, gr\u00e2ce \u00e0 l&#8217;utilisation de vannes d&#8217;expansion \u00e9lectroniques et d&#8217;huiles miscibles \u00e0 l&#8217;ammoniaque.<\/p>\t\t\t\t\t\t\t\t<\/div>\n\t\t\t\t<\/div>\n\t\t\t\t<div class=\"elementor-element elementor-element-6b2158c elementor-widget elementor-widget-image\" data-id=\"6b2158c\" data-element_type=\"widget\" data-widget_type=\"image.default\">\n\t\t\t\t<div class=\"elementor-widget-container\">\n\t\t\t\t\t\t\t\t\t\t\t\t\t\t\t\t<a href=\"https:\/\/www.intarcon.com\/fr\/produit\/refroidisseurs-nh3-ammolite\/\">\n\t\t\t\t\t\t\t<img decoding=\"async\" width=\"463\" height=\"348\" src=\"https:\/\/www.intarcon.com\/wp-content\/uploads\/2019\/06\/planta-enfriadora-nh3-ammolite-463x348.webp\" class=\"attachment-blog-medium size-blog-medium wp-image-89204\" alt=\"Planta enfriadora NH3 para refrigeraci\u00f3n con amon\u00edaco - INTARCON\" srcset=\"https:\/\/www.intarcon.com\/wp-content\/uploads\/2019\/06\/planta-enfriadora-nh3-ammolite-463x348.webp 463w, https:\/\/www.intarcon.com\/wp-content\/uploads\/2019\/06\/planta-enfriadora-nh3-ammolite-400x300.webp 400w\" sizes=\"(max-width: 463px) 100vw, 463px\" \/>\t\t\t\t\t\t\t\t<\/a>\n\t\t\t\t\t\t\t\t\t\t\t\t\t\t\t<\/div>\n\t\t\t\t<\/div>\n\t\t\t\t<div class=\"elementor-element elementor-element-dfa131f elementor-widget elementor-widget-heading\" data-id=\"dfa131f\" data-element_type=\"widget\" data-widget_type=\"heading.default\">\n\t\t\t\t<div class=\"elementor-widget-container\">\n\t\t\t\t\t<h3 class=\"elementor-heading-title elementor-size-default\">Syst\u00e8mes avec R-744 (CO2)<\/h3>\t\t\t\t<\/div>\n\t\t\t\t<\/div>\n\t\t\t\t<div class=\"elementor-element elementor-element-23422c6 elementor-widget elementor-widget-text-editor\" data-id=\"23422c6\" data-element_type=\"widget\" data-widget_type=\"text-editor.default\">\n\t\t\t\t<div class=\"elementor-widget-container\">\n\t\t\t\t\t\t\t\t\tLe CO2 a une temp\u00e9rature critique basse et donc des pressions de travail \u00e9lev\u00e9es. Son coefficient de transfert thermique \u00e9lev\u00e9 lui permet d&#8217;offrir des performances \u00e9lev\u00e9es et une r\u00e9cup\u00e9ration efficace de la chaleur, ainsi qu&#8217;une faible puissance de pompage dans les syst\u00e8mes directs.\n\nINTARCON propose la gamme <a href=\"https:\/\/www.intarcon.com\/fr\/technologie\/co2\/\">ECO<sub>2<\/sub>SYSTEM<\/a>, des unit\u00e9s compactes ou de type rack pour l&#8217;ext\u00e9rieur ou les salles des machines, avec un fonctionnement sous-critique ou transcritique, un refroidisseur de gaz int\u00e9gr\u00e9 ou \u00e0 distance, un compresseur parall\u00e8le pour am\u00e9liorer l&#8217;efficacit\u00e9 des unit\u00e9s transcritiques dans les climats chauds, et la capacit\u00e9 d&#8217;inclure un d\u00e9surchauffeur, ainsi qu&#8217;une large gamme d&#8217;\u00e9vaporateurs.\n\nLes unit\u00e9s <a href=\"https:\/\/www.intarcon.com\/fr\/technologie\/co2\/\">ECO<sub>2<\/sub>SYSTEM<\/a> constituent une solution efficace pour les supermarch\u00e9s, avec la possibilit\u00e9 de servir simultan\u00e9ment des temp\u00e9ratures moyennes (-8 \u00b0C) et basses (-28 \u00b0C), et de r\u00e9cup\u00e9rer la chaleur de condensation pour le d\u00e9givrage ou l&#8217;alimentation de la boucle d&#8217;eau chaude. Nous avons l&#8217;exp\u00e9rience de la conception en cascade avec d&#8217;autres r\u00e9frig\u00e9rants tels que le R-290, les HFC ou les glycols.\t\t\t\t\t\t\t\t<\/div>\n\t\t\t\t<\/div>\n\t\t\t\t\t<\/div>\n\t\t\t\t<\/div>\n\t\t<div class=\"elementor-element elementor-element-b3b766d e-flex e-con-boxed e-con e-parent\" data-id=\"b3b766d\" data-element_type=\"container\">\r\n\t\t\t\t\t<div class=\"e-con-inner\">\r\n\t\t<div class=\"elementor-element elementor-element-af529fd e-con-full e-flex e-con e-child\" data-id=\"af529fd\" data-element_type=\"container\">\r\n\t\t\t\t<div class=\"elementor-element elementor-element-e93cc57 elementor-widget elementor-widget-image\" data-id=\"e93cc57\" data-element_type=\"widget\" data-widget_type=\"image.default\">\n\t\t\t\t<div class=\"elementor-widget-container\">\n\t\t\t\t\t\t\t\t\t\t\t\t\t\t\t\t<a href=\"https:\/\/www.intarcon.com\/fr\/produit\/eco2cube\/\">\n\t\t\t\t\t\t\t<img decoding=\"async\" width=\"600\" height=\"600\" src=\"https:\/\/www.intarcon.com\/wp-content\/uploads\/2019\/06\/central-refrigeracion-co2-transcritico-eco2cube.webp\" class=\"attachment-large size-large wp-image-89186\" alt=\"Central de refrigeraci\u00f3n comercial de CO2 transcr\u00edtico ECO2CUBE - INTARCON\" srcset=\"https:\/\/www.intarcon.com\/wp-content\/uploads\/2019\/06\/central-refrigeracion-co2-transcritico-eco2cube.webp 600w, https:\/\/www.intarcon.com\/wp-content\/uploads\/2019\/06\/central-refrigeracion-co2-transcritico-eco2cube-400x400.webp 400w, https:\/\/www.intarcon.com\/wp-content\/uploads\/2019\/06\/central-refrigeracion-co2-transcritico-eco2cube-560x560.webp 560w, https:\/\/www.intarcon.com\/wp-content\/uploads\/2019\/06\/central-refrigeracion-co2-transcritico-eco2cube-367x367.webp 367w\" sizes=\"(max-width: 600px) 100vw, 600px\" \/>\t\t\t\t\t\t\t\t<\/a>\n\t\t\t\t\t\t\t\t\t\t\t\t\t\t\t<\/div>\n\t\t\t\t<\/div>\n\t\t\t\t<\/div>\n\t\t<div class=\"elementor-element elementor-element-a4e9f97 e-con-full e-flex e-con e-child\" data-id=\"a4e9f97\" data-element_type=\"container\">\r\n\t\t\t\t<div class=\"elementor-element elementor-element-ed56224 elementor-widget__width-initial elementor-widget elementor-widget-image\" data-id=\"ed56224\" data-element_type=\"widget\" data-widget_type=\"image.default\">\n\t\t\t\t<div class=\"elementor-widget-container\">\n\t\t\t\t\t\t\t\t\t\t\t\t\t\t\t\t<a href=\"https:\/\/www.intarcon.com\/fr\/produit\/eco2watt\/\">\n\t\t\t\t\t\t\t<img loading=\"lazy\" decoding=\"async\" width=\"600\" height=\"600\" src=\"https:\/\/www.intarcon.com\/wp-content\/uploads\/2019\/06\/central-refrigeracion-co2-doble-aspiracion-eco2watt.webp\" class=\"attachment-large size-large wp-image-89192\" alt=\"Central de refrigeraci\u00f3n de CO2 con doble aspiraci\u00f3n ECO2Watt de gran potencia - INTARCON\" srcset=\"https:\/\/www.intarcon.com\/wp-content\/uploads\/2019\/06\/central-refrigeracion-co2-doble-aspiracion-eco2watt.webp 600w, https:\/\/www.intarcon.com\/wp-content\/uploads\/2019\/06\/central-refrigeracion-co2-doble-aspiracion-eco2watt-400x400.webp 400w, https:\/\/www.intarcon.com\/wp-content\/uploads\/2019\/06\/central-refrigeracion-co2-doble-aspiracion-eco2watt-560x560.webp 560w, https:\/\/www.intarcon.com\/wp-content\/uploads\/2019\/06\/central-refrigeracion-co2-doble-aspiracion-eco2watt-367x367.webp 367w\" sizes=\"(max-width: 600px) 100vw, 600px\" \/>\t\t\t\t\t\t\t\t<\/a>\n\t\t\t\t\t\t\t\t\t\t\t\t\t\t\t<\/div>\n\t\t\t\t<\/div>\n\t\t\t\t<\/div>\n\t\t<div class=\"elementor-element elementor-element-a925054 e-con-full e-flex e-con e-child\" data-id=\"a925054\" data-element_type=\"container\">\r\n\t\t\t\t<div class=\"elementor-element elementor-element-6810681 elementor-widget elementor-widget-image\" data-id=\"6810681\" data-element_type=\"widget\" data-widget_type=\"image.default\">\n\t\t\t\t<div class=\"elementor-widget-container\">\n\t\t\t\t\t\t\t\t\t\t\t\t\t\t\t\t<a href=\"https:\/\/www.intarcon.com\/fr\/produit\/eco2rack\/\">\n\t\t\t\t\t\t\t<img loading=\"lazy\" decoding=\"async\" width=\"600\" height=\"600\" src=\"https:\/\/www.intarcon.com\/wp-content\/uploads\/2019\/06\/rack-refrigeracion-co2-eco2rack.webp\" class=\"attachment-large size-large wp-image-89198\" alt=\"Rack de refrigeraci\u00f3n con CO2 ECO2rack para refrigeraci\u00f3n en supermercados -INTARCON\" srcset=\"https:\/\/www.intarcon.com\/wp-content\/uploads\/2019\/06\/rack-refrigeracion-co2-eco2rack.webp 600w, https:\/\/www.intarcon.com\/wp-content\/uploads\/2019\/06\/rack-refrigeracion-co2-eco2rack-400x400.webp 400w, https:\/\/www.intarcon.com\/wp-content\/uploads\/2019\/06\/rack-refrigeracion-co2-eco2rack-560x560.webp 560w, https:\/\/www.intarcon.com\/wp-content\/uploads\/2019\/06\/rack-refrigeracion-co2-eco2rack-367x367.webp 367w\" sizes=\"(max-width: 600px) 100vw, 600px\" \/>\t\t\t\t\t\t\t\t<\/a>\n\t\t\t\t\t\t\t\t\t\t\t\t\t\t\t<\/div>\n\t\t\t\t<\/div>\n\t\t\t\t<\/div>\n\t\t\t\t\t<\/div>\n\t\t\t\t<\/div>\n\t\t<div class=\"elementor-element elementor-element-9ffc858 e-flex e-con-boxed e-con e-parent\" data-id=\"9ffc858\" data-element_type=\"container\">\r\n\t\t\t\t\t<div class=\"e-con-inner\">\r\n\t\t\t\t<div class=\"elementor-element elementor-element-76b7c89 elementor-widget elementor-widget-heading\" data-id=\"76b7c89\" data-element_type=\"widget\" data-widget_type=\"heading.default\">\n\t\t\t\t<div class=\"elementor-widget-container\">\n\t\t\t\t\t<h3 class=\"elementor-heading-title elementor-size-default\">Syst\u00e8mes avec R-290 (C<sub>3<\/sub>H<sub>8<\/sub>)<\/h3>\t\t\t\t<\/div>\n\t\t\t\t<\/div>\n\t\t\t\t<div class=\"elementor-element elementor-element-5a8908b elementor-widget elementor-widget-text-editor\" data-id=\"5a8908b\" data-element_type=\"widget\" data-widget_type=\"text-editor.default\">\n\t\t\t\t<div class=\"elementor-widget-container\">\n\t\t\t\t\t\t\t\t\t<p>L&#8217;utilisation d&#8217;hydrocarbures peut susciter des r\u00e9ticences en raison de leur inflammabilit\u00e9 \u00e9lev\u00e9e (cat\u00e9gorie A3), mais les limites \u00e9tablies pour les r\u00e9frig\u00e9rants signifient que les \u00e9quipements utilisant ces r\u00e9frig\u00e9rants ne pr\u00e9sentent pas de risque pour les personnes. En outre, la vaste exp\u00e9rience de l&#8217;industrie avec les r\u00e9frig\u00e9rants inflammables tels que l&#8217;isobutane (R-600a) dans la r\u00e9frig\u00e9ration domestique donne confiance aux clients, ce qui facilite l&#8217;acceptation et les ventes.<\/p><p>INTARCON s&#8217;est engag\u00e9 \u00e0 utiliser le propane comme r\u00e9frig\u00e9rant en raison de son effet de serre presque nul (ODP) et de ses excellentes performances thermodynamiques, en d\u00e9veloppant des installations de refroidissement, des <a href=\"https:\/\/www.intarcon.com\/fr\/produit\/unites-evaporation-waterloop\/\">\u00e9vaporateurs avec compresseur \u00e0 boucle d&#8217;eau int\u00e9gr\u00e9<\/a>, et des <a href=\"https:\/\/www.intarcon.com\/fr\/produit\/superblock-r290\/\">\u00e9quipements industriels compacts de type Superblock<\/a> ou <a href=\"https:\/\/www.intarcon.com\/fr\/technologie\/r290\/unites-monoblocs\/\">Commercial Intarblock.<\/a><\/p>\t\t\t\t\t\t\t\t<\/div>\n\t\t\t\t<\/div>\n\t\t\t\t<div class=\"elementor-element elementor-element-e72041a elementor-widget elementor-widget-heading\" data-id=\"e72041a\" data-element_type=\"widget\" data-widget_type=\"heading.default\">\n\t\t\t\t<div class=\"elementor-widget-container\">\n\t\t\t\t\t<h2 class=\"elementor-heading-title elementor-size-default\">Syst\u00e8mes d'expansion directe ou indirecte<\/h2>\t\t\t\t<\/div>\n\t\t\t\t<\/div>\n\t\t\t\t<div class=\"elementor-element elementor-element-d0113a8 elementor-widget elementor-widget-text-editor\" data-id=\"d0113a8\" data-element_type=\"widget\" data-widget_type=\"text-editor.default\">\n\t\t\t\t<div class=\"elementor-widget-container\">\n\t\t\t\t\t\t\t\t\t<ul><li><strong>Direct :<\/strong> il se distingue par sa grande efficacit\u00e9 car l&#8217;\u00e9vaporateur est en contact direct avec le fluide \u00e0 refroidir. L&#8217;inconv\u00e9nient est la charge \u00e9lev\u00e9e de r\u00e9frig\u00e9rant et les probl\u00e8mes \u00e9ventuels de retour d&#8217;huile. Il souligne \u00e9galement la n\u00e9cessit\u00e9 d&#8217;une mise en service correcte par un professionnel sp\u00e9cialis\u00e9, ainsi que le risque de fuite pouvant contaminer l&#8217;environnement int\u00e9rieur et le produit stock\u00e9.<\/li><li><strong>Indirect :<\/strong> dans ce cas, l&#8217;\u00e9vaporateur refroidit un fluide caloporteur (g\u00e9n\u00e9ralement de l&#8217;eau glycol\u00e9e ou de la saumure) qui est en contact avec le fluide \u00e0 refroidir. Le principal avantage est la r\u00e9duction drastique de la charge gr\u00e2ce au confinement du r\u00e9frig\u00e9rant dans l&#8217;installation, ce qui augmente la s\u00e9curit\u00e9 en cas d&#8217;utilisation de r\u00e9frig\u00e9rants toxiques ou inflammables. L&#8217;inconv\u00e9nient est qu&#8217;ils n\u00e9cessitent une conception correcte du syst\u00e8me de distribution d&#8217;eau et l&#8217;utilisation de variateurs de fr\u00e9quence pour compenser la consommation des pompes.<\/li><\/ul>\t\t\t\t\t\t\t\t<\/div>\n\t\t\t\t<\/div>\n\t\t\t\t<div class=\"elementor-element elementor-element-a7e59c1 elementor-widget elementor-widget-heading\" data-id=\"a7e59c1\" data-element_type=\"widget\" data-widget_type=\"heading.default\">\n\t\t\t\t<div class=\"elementor-widget-container\">\n\t\t\t\t\t<h2 class=\"elementor-heading-title elementor-size-default\">Compresseurs<\/h2>\t\t\t\t<\/div>\n\t\t\t\t<\/div>\n\t\t\t\t<div class=\"elementor-element elementor-element-e59b2c1 elementor-widget elementor-widget-text-editor\" data-id=\"e59b2c1\" data-element_type=\"widget\" data-widget_type=\"text-editor.default\">\n\t\t\t\t<div class=\"elementor-widget-container\">\n\t\t\t\t\t\t\t\t\t<p>C&#8217;est le composant du syst\u00e8me qui consomme le plus d&#8217;\u00e9nergie (40 \u00e0 60 %). Son efficacit\u00e9 d\u00e9pend des conditions de fonctionnement et n\u00e9cessite un fonctionnement aussi stable que possible, car sa r\u00e9gulation interne sacrifie l&#8217;efficacit\u00e9, en particulier lorsque les charges partielles sont faibles. Il est recommand\u00e9 de r\u00e9partir la charge de refroidissement entre plusieurs compresseurs ou d&#8217;utiliser des convertisseurs de fr\u00e9quence pour am\u00e9liorer l&#8217;efficacit\u00e9.<\/p><p>Dans ce domaine, INTARCON propose une gamme de centrales intarCUBE INVERTER et une gamme de centrales frigorifiques Full-INVERTER avec lesquelles il s&#8217;agit de fournir une solution aux demandes de refroidissement variables du syst\u00e8me en modulant le fonctionnement de l&#8217;\u00e9tage de compression, en r\u00e9duisant les d\u00e9marrages et les arr\u00eats des compresseurs et en r\u00e9alisant d&#8217;importantes \u00e9conomies d&#8217;\u00e9nergie ainsi qu&#8217;une augmentation de la dur\u00e9e de vie utile du compresseur.<\/p>\t\t\t\t\t\t\t\t<\/div>\n\t\t\t\t<\/div>\n\t\t\t\t\t<\/div>\n\t\t\t\t<\/div>\n\t\t<div class=\"elementor-element elementor-element-738c940 e-flex e-con-boxed e-con e-parent\" data-id=\"738c940\" data-element_type=\"container\">\r\n\t\t\t\t\t<div class=\"e-con-inner\">\r\n\t\t<div class=\"elementor-element elementor-element-4abae72 e-con-full e-flex e-con e-child\" data-id=\"4abae72\" data-element_type=\"container\">\r\n\t\t\t\t<div class=\"elementor-element elementor-element-1a8df5a elementor-widget elementor-widget-image\" data-id=\"1a8df5a\" data-element_type=\"widget\" data-widget_type=\"image.default\">\n\t\t\t\t<div class=\"elementor-widget-container\">\n\t\t\t\t\t\t\t\t\t\t\t\t\t\t\t\t<a href=\"https:\/\/www.intarcon.com\/fr\/produit\/refroidisseur-intarwatt-r290-full-inverter\/\">\n\t\t\t\t\t\t\t<img loading=\"lazy\" decoding=\"async\" width=\"600\" height=\"600\" src=\"https:\/\/www.intarcon.com\/wp-content\/uploads\/2019\/06\/planta-enfriadora-glicol-refrigeracion-intarwatt.webp\" class=\"attachment-large size-large wp-image-89139\" alt=\"Plantas enfriadoras de refrigeraci\u00f3n con glicol intarWatt - INTARCON\" srcset=\"https:\/\/www.intarcon.com\/wp-content\/uploads\/2019\/06\/planta-enfriadora-glicol-refrigeracion-intarwatt.webp 600w, https:\/\/www.intarcon.com\/wp-content\/uploads\/2019\/06\/planta-enfriadora-glicol-refrigeracion-intarwatt-400x400.webp 400w, https:\/\/www.intarcon.com\/wp-content\/uploads\/2019\/06\/planta-enfriadora-glicol-refrigeracion-intarwatt-560x560.webp 560w, https:\/\/www.intarcon.com\/wp-content\/uploads\/2019\/06\/planta-enfriadora-glicol-refrigeracion-intarwatt-367x367.webp 367w\" sizes=\"(max-width: 600px) 100vw, 600px\" \/>\t\t\t\t\t\t\t\t<\/a>\n\t\t\t\t\t\t\t\t\t\t\t\t\t\t\t<\/div>\n\t\t\t\t<\/div>\n\t\t\t\t<\/div>\n\t\t<div class=\"elementor-element elementor-element-d5d48fd e-con-full e-flex e-con e-child\" data-id=\"d5d48fd\" data-element_type=\"container\">\r\n\t\t\t\t<div class=\"elementor-element elementor-element-d559246 elementor-widget elementor-widget-image\" data-id=\"d559246\" data-element_type=\"widget\" data-widget_type=\"image.default\">\n\t\t\t\t<div class=\"elementor-widget-container\">\n\t\t\t\t\t\t\t\t\t\t\t\t\t\t\t\t<a href=\"https:\/\/www.intarcon.com\/fr\/produit\/refroidisseurs-intarcube-r290-full-inverter\/\">\n\t\t\t\t\t\t\t<img loading=\"lazy\" decoding=\"async\" width=\"600\" height=\"600\" src=\"https:\/\/www.intarcon.com\/wp-content\/uploads\/2019\/06\/planta-enfriadora-glicol-refrigeracion-intarcube.webp\" class=\"attachment-large size-large wp-image-89133\" alt=\"Plantas enfriadoras de refrigeraci\u00f3n con glicol intarCUBE - INTARCON\" srcset=\"https:\/\/www.intarcon.com\/wp-content\/uploads\/2019\/06\/planta-enfriadora-glicol-refrigeracion-intarcube.webp 600w, https:\/\/www.intarcon.com\/wp-content\/uploads\/2019\/06\/planta-enfriadora-glicol-refrigeracion-intarcube-400x400.webp 400w, https:\/\/www.intarcon.com\/wp-content\/uploads\/2019\/06\/planta-enfriadora-glicol-refrigeracion-intarcube-560x560.webp 560w, https:\/\/www.intarcon.com\/wp-content\/uploads\/2019\/06\/planta-enfriadora-glicol-refrigeracion-intarcube-367x367.webp 367w\" sizes=\"(max-width: 600px) 100vw, 600px\" \/>\t\t\t\t\t\t\t\t<\/a>\n\t\t\t\t\t\t\t\t\t\t\t\t\t\t\t<\/div>\n\t\t\t\t<\/div>\n\t\t\t\t<\/div>\n\t\t\t\t\t<\/div>\n\t\t\t\t<\/div>\n\t\t<div class=\"elementor-element elementor-element-42cb8cb e-flex e-con-boxed e-con e-parent\" data-id=\"42cb8cb\" data-element_type=\"container\">\r\n\t\t\t\t\t<div class=\"e-con-inner\">\r\n\t\t\t\t<div class=\"elementor-element elementor-element-b559089 elementor-widget elementor-widget-heading\" data-id=\"b559089\" data-element_type=\"widget\" data-widget_type=\"heading.default\">\n\t\t\t\t<div class=\"elementor-widget-container\">\n\t\t\t\t\t<h2 class=\"elementor-heading-title elementor-size-default\">R\u00e9cup\u00e9ration de la chaleur de condensation<\/h2>\t\t\t\t<\/div>\n\t\t\t\t<\/div>\n\t\t\t\t<div class=\"elementor-element elementor-element-7724e05 elementor-widget elementor-widget-text-editor\" data-id=\"7724e05\" data-element_type=\"widget\" data-widget_type=\"text-editor.default\">\n\t\t\t\t<div class=\"elementor-widget-container\">\n\t\t\t\t\t\t\t\t\t<p>Dans le secteur de la climatisation et de la r\u00e9frig\u00e9ration, la technologie a\u00e9rothermique se pr\u00e9sente comme une source d&#8217;\u00e9nergie renouvelable et propre, qui utilise l&#8217;\u00e9nergie thermique g\u00e9n\u00e9r\u00e9e lors de la production de froid, permettant de couvrir la demande d&#8217;eau chaude sanitaire (ECS) et\/ou de soutenir la boucle d&#8217;eau chaude. L&#8217;utilisation de l&#8217;\u00e9nergie r\u00e9cup\u00e9r\u00e9e, en plus d&#8217;augmenter l&#8217;efficacit\u00e9 du syst\u00e8me, r\u00e9duit le temps d&#8217;amortissement de l&#8217;investissement dans l&#8217;\u00e9quipement.<\/p><p>Cette technologie est actuellement utilis\u00e9e pour renforcer la politique de d\u00e9carbonisation au cours de la phase actuelle de transition \u00e9nerg\u00e9tique afin de remplacer l&#8217;utilisation des combustibles fossiles, gr\u00e2ce \u00e0 sa capacit\u00e9 \u00e0 \u00eatre coupl\u00e9e \u00e0 d&#8217;autres syst\u00e8mes tels que :<\/p><ul><li>Le chauffage (chauffage par le sol, radiateurs \u00e0 basse temp\u00e9rature, etc.)<\/li><li>Eau chaude sanitaire (assainissement, nettoyage, \u00e9chaudage, etc.).<\/li><li>Production de vapeur.<\/li><li>Processus de s\u00e9chage et de d\u00e9shumidification.<\/li><li>Processus d&#8217;\u00e9vaporation, de pasteurisation, de distillation et de concentration.<\/li><\/ul><p>L&#8217;efficacit\u00e9 \u00e9nerg\u00e9tique des \u00e9quipements de r\u00e9frig\u00e9ration INTARCON, qui incluent la r\u00e9cup\u00e9ration de chaleur, est accrue gr\u00e2ce \u00e0 l&#8217;utilisation de la chaleur de condensation pour son accumulation et son utilisation ult\u00e9rieure pour le d\u00e9givrage au glycol chaud, en \u00e9vitant l&#8217;utilisation de r\u00e9sistances \u00e9lectriques ou l&#8217;interruption de la production de froid.<\/p><p>INTARCON, en plus d&#8217;inclure la politique de d\u00e9carbonisation dans tous ses produits, la promeut \u00e9galement dans la ligne de production et la gestion de l&#8217;entreprise, \u00e0 travers la construction d&#8217;installations en vue d&#8217;une production propre ou d&#8217;une &#8220;fabrication verte&#8221;.<\/p>\t\t\t\t\t\t\t\t<\/div>\n\t\t\t\t<\/div>\n\t\t\t\t<div class=\"elementor-element elementor-element-d5e7d49 elementor-widget elementor-widget-image\" data-id=\"d5e7d49\" data-element_type=\"widget\" data-widget_type=\"image.default\">\n\t\t\t\t<div class=\"elementor-widget-container\">\n\t\t\t\t\t\t\t\t\t\t\t\t\t\t\t\t<a href=\"https:\/\/www.intarcon.com\/fr\/conseils-techniques\/\">\n\t\t\t\t\t\t\t<img loading=\"lazy\" decoding=\"async\" width=\"1191\" height=\"347\" src=\"https:\/\/www.intarcon.com\/wp-content\/uploads\/2025\/08\/CTA-FR-SOLICITAR-ASESORIA-TECNICA.webp\" class=\"attachment-large size-large wp-image-95993\" alt=\"\" srcset=\"https:\/\/www.intarcon.com\/wp-content\/uploads\/2025\/08\/CTA-FR-SOLICITAR-ASESORIA-TECNICA.webp 1191w, https:\/\/www.intarcon.com\/wp-content\/uploads\/2025\/08\/CTA-FR-SOLICITAR-ASESORIA-TECNICA-768x224.webp 768w, https:\/\/www.intarcon.com\/wp-content\/uploads\/2025\/08\/CTA-FR-SOLICITAR-ASESORIA-TECNICA-640x186.webp 640w, https:\/\/www.intarcon.com\/wp-content\/uploads\/2025\/08\/CTA-FR-SOLICITAR-ASESORIA-TECNICA-400x117.webp 400w, https:\/\/www.intarcon.com\/wp-content\/uploads\/2025\/08\/CTA-FR-SOLICITAR-ASESORIA-TECNICA-367x107.webp 367w, https:\/\/www.intarcon.com\/wp-content\/uploads\/2025\/08\/CTA-FR-SOLICITAR-ASESORIA-TECNICA-600x175.webp 600w\" sizes=\"(max-width: 1191px) 100vw, 1191px\" \/>\t\t\t\t\t\t\t\t<\/a>\n\t\t\t\t\t\t\t\t\t\t\t\t\t\t\t<\/div>\n\t\t\t\t<\/div>\n\t\t\t\t\t<\/div>\n\t\t\t\t<\/div>\n\t\t\t\t<\/div>\n\t\t","protected":false},"excerpt":{"rendered":"<p>Comme de nombreuses entreprises du secteur, INTARCON a d\u00fb s&#8217;adapter aux diff\u00e9rentes exigences l\u00e9gislatives, en cherchant \u00e0 s&#8217;adapter aux r\u00e9glementations en mati\u00e8re de protection de l&#8217;environnement, avec l&#8217;objectif clair d&#8217;am\u00e9liorer l&#8217;efficacit\u00e9 \u00e9nerg\u00e9tique. C&#8217;est pourquoi elle s&#8217;est engag\u00e9e \u00e0 utiliser des r\u00e9frig\u00e9rants naturels qui n&#8217;ont pas d&#8217;effets n\u00e9gatifs sur la chimie de l&#8217;environnement. L&#8217;Union europ\u00e9enne, par [&hellip;]<\/p>\n","protected":false},"author":2,"featured_media":77608,"comment_status":"closed","ping_status":"open","sticky":false,"template":"","format":"standard","meta":{"footnotes":""},"categories":[186],"tags":[],"class_list":["post-77642","post","type-post","status-publish","format-standard","has-post-thumbnail","hentry","category-blog"],"featured_image_src":{"landsacpe":["https:\/\/www.intarcon.com\/wp-content\/uploads\/2023\/06\/eficiencia-energetica-en-los-sistemas-de-refrigeracion.webp",1094,385,false],"list":["https:\/\/www.intarcon.com\/wp-content\/uploads\/2023\/06\/eficiencia-energetica-en-los-sistemas-de-refrigeracion-463x348.webp",463,348,true],"medium":["https:\/\/www.intarcon.com\/wp-content\/uploads\/2023\/06\/eficiencia-energetica-en-los-sistemas-de-refrigeracion.webp",1094,385,false],"full":["https:\/\/www.intarcon.com\/wp-content\/uploads\/2023\/06\/eficiencia-energetica-en-los-sistemas-de-refrigeracion.webp",1094,385,false]},"yoast_head":"<!-- This site is optimized with the Yoast SEO plugin v25.5 - https:\/\/yoast.com\/wordpress\/plugins\/seo\/ -->\n<title>Efficacit\u00e9 \u00e9nerg\u00e9tique des syst\u00e8mes de r\u00e9frig\u00e9ration - INTARCON<\/title>\n<meta name=\"description\" content=\"D\u00e9couvrez les cl\u00e9s de l&#039;efficacit\u00e9 \u00e9nerg\u00e9tique des syst\u00e8mes de r\u00e9frig\u00e9ration et les solutions propos\u00e9es par INTARCON.\" \/>\n<meta name=\"robots\" content=\"index, follow, max-snippet:-1, max-image-preview:large, max-video-preview:-1\" \/>\n<link rel=\"canonical\" href=\"https:\/\/www.intarcon.com\/fr\/efficacite-energetique-des-systemes-de-refrigeration\/\" \/>\n<meta property=\"og:locale\" content=\"fr_FR\" \/>\n<meta property=\"og:type\" content=\"article\" \/>\n<meta property=\"og:title\" content=\"Efficacit\u00e9 \u00e9nerg\u00e9tique des syst\u00e8mes de r\u00e9frig\u00e9ration - INTARCON\" \/>\n<meta property=\"og:description\" content=\"D\u00e9couvrez les cl\u00e9s de l&#039;efficacit\u00e9 \u00e9nerg\u00e9tique des syst\u00e8mes de r\u00e9frig\u00e9ration et les solutions propos\u00e9es par INTARCON.\" \/>\n<meta property=\"og:url\" content=\"https:\/\/www.intarcon.com\/fr\/efficacite-energetique-des-systemes-de-refrigeration\/\" \/>\n<meta property=\"og:site_name\" content=\"INTARCON\" \/>\n<meta property=\"article:publisher\" content=\"https:\/\/www.facebook.com\/intarcon\/\" \/>\n<meta property=\"article:published_time\" content=\"2023-06-21T15:15:11+00:00\" \/>\n<meta property=\"article:modified_time\" content=\"2025-08-06T11:49:39+00:00\" \/>\n<meta property=\"og:image\" content=\"https:\/\/www.intarcon.com\/wp-content\/uploads\/2023\/06\/eficiencia-energetica-en-los-sistemas-de-refrigeracion.webp\" \/>\n\t<meta property=\"og:image:width\" content=\"1094\" \/>\n\t<meta property=\"og:image:height\" content=\"385\" \/>\n\t<meta property=\"og:image:type\" content=\"image\/webp\" \/>\n<meta name=\"author\" content=\"INTARCON\" \/>\n<meta name=\"twitter:card\" content=\"summary_large_image\" \/>\n<meta name=\"twitter:creator\" content=\"@Intarcon\" \/>\n<meta name=\"twitter:site\" content=\"@Intarcon\" \/>\n<meta name=\"twitter:label1\" content=\"Written by\" \/>\n\t<meta name=\"twitter:data1\" content=\"INTARCON\" \/>\n\t<meta name=\"twitter:label2\" content=\"Est. reading time\" \/>\n\t<meta name=\"twitter:data2\" content=\"9 minutes\" \/>\n<script type=\"application\/ld+json\" class=\"yoast-schema-graph\">{\"@context\":\"https:\/\/schema.org\",\"@graph\":[{\"@type\":\"WebPage\",\"@id\":\"https:\/\/www.intarcon.com\/fr\/efficacite-energetique-des-systemes-de-refrigeration\/\",\"url\":\"https:\/\/www.intarcon.com\/fr\/efficacite-energetique-des-systemes-de-refrigeration\/\",\"name\":\"Efficacit\u00e9 \u00e9nerg\u00e9tique des syst\u00e8mes de r\u00e9frig\u00e9ration - INTARCON\",\"isPartOf\":{\"@id\":\"https:\/\/www.intarcon.com\/fr\/#website\"},\"primaryImageOfPage\":{\"@id\":\"https:\/\/www.intarcon.com\/fr\/efficacite-energetique-des-systemes-de-refrigeration\/#primaryimage\"},\"image\":{\"@id\":\"https:\/\/www.intarcon.com\/fr\/efficacite-energetique-des-systemes-de-refrigeration\/#primaryimage\"},\"thumbnailUrl\":\"https:\/\/www.intarcon.com\/wp-content\/uploads\/2023\/06\/eficiencia-energetica-en-los-sistemas-de-refrigeracion.webp\",\"datePublished\":\"2023-06-21T15:15:11+00:00\",\"dateModified\":\"2025-08-06T11:49:39+00:00\",\"author\":{\"@id\":\"https:\/\/www.intarcon.com\/fr\/#\/schema\/person\/3953ab26cc806bd58bd91f8a62054c03\"},\"description\":\"D\u00e9couvrez les cl\u00e9s de l'efficacit\u00e9 \u00e9nerg\u00e9tique des syst\u00e8mes de r\u00e9frig\u00e9ration et les solutions propos\u00e9es par INTARCON.\",\"breadcrumb\":{\"@id\":\"https:\/\/www.intarcon.com\/fr\/efficacite-energetique-des-systemes-de-refrigeration\/#breadcrumb\"},\"inLanguage\":\"fr\",\"potentialAction\":[{\"@type\":\"ReadAction\",\"target\":[\"https:\/\/www.intarcon.com\/fr\/efficacite-energetique-des-systemes-de-refrigeration\/\"]}]},{\"@type\":\"ImageObject\",\"inLanguage\":\"fr\",\"@id\":\"https:\/\/www.intarcon.com\/fr\/efficacite-energetique-des-systemes-de-refrigeration\/#primaryimage\",\"url\":\"https:\/\/www.intarcon.com\/wp-content\/uploads\/2023\/06\/eficiencia-energetica-en-los-sistemas-de-refrigeracion.webp\",\"contentUrl\":\"https:\/\/www.intarcon.com\/wp-content\/uploads\/2023\/06\/eficiencia-energetica-en-los-sistemas-de-refrigeracion.webp\",\"width\":1094,\"height\":385,\"caption\":\"Eficiencia energ\u00e9tica en los sistemas de refrigeraci\u00f3n - INTARCON\"},{\"@type\":\"BreadcrumbList\",\"@id\":\"https:\/\/www.intarcon.com\/fr\/efficacite-energetique-des-systemes-de-refrigeration\/#breadcrumb\",\"itemListElement\":[{\"@type\":\"ListItem\",\"position\":1,\"name\":\"Portada\",\"item\":\"https:\/\/www.intarcon.com\/fr\/\"},{\"@type\":\"ListItem\",\"position\":2,\"name\":\"Blog\",\"item\":\"https:\/\/www.intarcon.com\/fr\/category\/blog-fr\/\"},{\"@type\":\"ListItem\",\"position\":3,\"name\":\"Efficacit\u00e9 \u00e9nerg\u00e9tique des syst\u00e8mes de r\u00e9frig\u00e9ration\"}]},{\"@type\":\"WebSite\",\"@id\":\"https:\/\/www.intarcon.com\/fr\/#website\",\"url\":\"https:\/\/www.intarcon.com\/fr\/\",\"name\":\"INTARCON\",\"description\":\"\",\"potentialAction\":[{\"@type\":\"SearchAction\",\"target\":{\"@type\":\"EntryPoint\",\"urlTemplate\":\"https:\/\/www.intarcon.com\/fr\/?s={search_term_string}\"},\"query-input\":{\"@type\":\"PropertyValueSpecification\",\"valueRequired\":true,\"valueName\":\"search_term_string\"}}],\"inLanguage\":\"fr\"},{\"@type\":\"Person\",\"@id\":\"https:\/\/www.intarcon.com\/fr\/#\/schema\/person\/3953ab26cc806bd58bd91f8a62054c03\",\"name\":\"INTARCON\",\"image\":{\"@type\":\"ImageObject\",\"inLanguage\":\"fr\",\"@id\":\"https:\/\/www.intarcon.com\/fr\/#\/schema\/person\/image\/\",\"url\":\"https:\/\/secure.gravatar.com\/avatar\/15e7dea3e8aff0fc73c1fbe5156ed313f6044f5727ad9a8c9752574cacdce03d?s=96&d=mm&r=g\",\"contentUrl\":\"https:\/\/secure.gravatar.com\/avatar\/15e7dea3e8aff0fc73c1fbe5156ed313f6044f5727ad9a8c9752574cacdce03d?s=96&d=mm&r=g\",\"caption\":\"INTARCON\"}}]}<\/script>\n<!-- \/ Yoast SEO plugin. -->","yoast_head_json":{"title":"Efficacit\u00e9 \u00e9nerg\u00e9tique des syst\u00e8mes de r\u00e9frig\u00e9ration - INTARCON","description":"D\u00e9couvrez les cl\u00e9s de l'efficacit\u00e9 \u00e9nerg\u00e9tique des syst\u00e8mes de r\u00e9frig\u00e9ration et les solutions propos\u00e9es par INTARCON.","robots":{"index":"index","follow":"follow","max-snippet":"max-snippet:-1","max-image-preview":"max-image-preview:large","max-video-preview":"max-video-preview:-1"},"canonical":"https:\/\/www.intarcon.com\/fr\/efficacite-energetique-des-systemes-de-refrigeration\/","og_locale":"fr_FR","og_type":"article","og_title":"Efficacit\u00e9 \u00e9nerg\u00e9tique des syst\u00e8mes de r\u00e9frig\u00e9ration - INTARCON","og_description":"D\u00e9couvrez les cl\u00e9s de l'efficacit\u00e9 \u00e9nerg\u00e9tique des syst\u00e8mes de r\u00e9frig\u00e9ration et les solutions propos\u00e9es par INTARCON.","og_url":"https:\/\/www.intarcon.com\/fr\/efficacite-energetique-des-systemes-de-refrigeration\/","og_site_name":"INTARCON","article_publisher":"https:\/\/www.facebook.com\/intarcon\/","article_published_time":"2023-06-21T15:15:11+00:00","article_modified_time":"2025-08-06T11:49:39+00:00","og_image":[{"width":1094,"height":385,"url":"https:\/\/www.intarcon.com\/wp-content\/uploads\/2023\/06\/eficiencia-energetica-en-los-sistemas-de-refrigeracion.webp","type":"image\/webp"}],"author":"INTARCON","twitter_card":"summary_large_image","twitter_creator":"@Intarcon","twitter_site":"@Intarcon","twitter_misc":{"Written by":"INTARCON","Est. reading time":"9 minutes"},"schema":{"@context":"https:\/\/schema.org","@graph":[{"@type":"WebPage","@id":"https:\/\/www.intarcon.com\/fr\/efficacite-energetique-des-systemes-de-refrigeration\/","url":"https:\/\/www.intarcon.com\/fr\/efficacite-energetique-des-systemes-de-refrigeration\/","name":"Efficacit\u00e9 \u00e9nerg\u00e9tique des syst\u00e8mes de r\u00e9frig\u00e9ration - INTARCON","isPartOf":{"@id":"https:\/\/www.intarcon.com\/fr\/#website"},"primaryImageOfPage":{"@id":"https:\/\/www.intarcon.com\/fr\/efficacite-energetique-des-systemes-de-refrigeration\/#primaryimage"},"image":{"@id":"https:\/\/www.intarcon.com\/fr\/efficacite-energetique-des-systemes-de-refrigeration\/#primaryimage"},"thumbnailUrl":"https:\/\/www.intarcon.com\/wp-content\/uploads\/2023\/06\/eficiencia-energetica-en-los-sistemas-de-refrigeracion.webp","datePublished":"2023-06-21T15:15:11+00:00","dateModified":"2025-08-06T11:49:39+00:00","author":{"@id":"https:\/\/www.intarcon.com\/fr\/#\/schema\/person\/3953ab26cc806bd58bd91f8a62054c03"},"description":"D\u00e9couvrez les cl\u00e9s de l'efficacit\u00e9 \u00e9nerg\u00e9tique des syst\u00e8mes de r\u00e9frig\u00e9ration et les solutions propos\u00e9es par INTARCON.","breadcrumb":{"@id":"https:\/\/www.intarcon.com\/fr\/efficacite-energetique-des-systemes-de-refrigeration\/#breadcrumb"},"inLanguage":"fr","potentialAction":[{"@type":"ReadAction","target":["https:\/\/www.intarcon.com\/fr\/efficacite-energetique-des-systemes-de-refrigeration\/"]}]},{"@type":"ImageObject","inLanguage":"fr","@id":"https:\/\/www.intarcon.com\/fr\/efficacite-energetique-des-systemes-de-refrigeration\/#primaryimage","url":"https:\/\/www.intarcon.com\/wp-content\/uploads\/2023\/06\/eficiencia-energetica-en-los-sistemas-de-refrigeracion.webp","contentUrl":"https:\/\/www.intarcon.com\/wp-content\/uploads\/2023\/06\/eficiencia-energetica-en-los-sistemas-de-refrigeracion.webp","width":1094,"height":385,"caption":"Eficiencia energ\u00e9tica en los sistemas de refrigeraci\u00f3n - INTARCON"},{"@type":"BreadcrumbList","@id":"https:\/\/www.intarcon.com\/fr\/efficacite-energetique-des-systemes-de-refrigeration\/#breadcrumb","itemListElement":[{"@type":"ListItem","position":1,"name":"Portada","item":"https:\/\/www.intarcon.com\/fr\/"},{"@type":"ListItem","position":2,"name":"Blog","item":"https:\/\/www.intarcon.com\/fr\/category\/blog-fr\/"},{"@type":"ListItem","position":3,"name":"Efficacit\u00e9 \u00e9nerg\u00e9tique des syst\u00e8mes de r\u00e9frig\u00e9ration"}]},{"@type":"WebSite","@id":"https:\/\/www.intarcon.com\/fr\/#website","url":"https:\/\/www.intarcon.com\/fr\/","name":"INTARCON","description":"","potentialAction":[{"@type":"SearchAction","target":{"@type":"EntryPoint","urlTemplate":"https:\/\/www.intarcon.com\/fr\/?s={search_term_string}"},"query-input":{"@type":"PropertyValueSpecification","valueRequired":true,"valueName":"search_term_string"}}],"inLanguage":"fr"},{"@type":"Person","@id":"https:\/\/www.intarcon.com\/fr\/#\/schema\/person\/3953ab26cc806bd58bd91f8a62054c03","name":"INTARCON","image":{"@type":"ImageObject","inLanguage":"fr","@id":"https:\/\/www.intarcon.com\/fr\/#\/schema\/person\/image\/","url":"https:\/\/secure.gravatar.com\/avatar\/15e7dea3e8aff0fc73c1fbe5156ed313f6044f5727ad9a8c9752574cacdce03d?s=96&d=mm&r=g","contentUrl":"https:\/\/secure.gravatar.com\/avatar\/15e7dea3e8aff0fc73c1fbe5156ed313f6044f5727ad9a8c9752574cacdce03d?s=96&d=mm&r=g","caption":"INTARCON"}}]}},"_links":{"self":[{"href":"https:\/\/www.intarcon.com\/fr\/wp-json\/wp\/v2\/posts\/77642","targetHints":{"allow":["GET"]}}],"collection":[{"href":"https:\/\/www.intarcon.com\/fr\/wp-json\/wp\/v2\/posts"}],"about":[{"href":"https:\/\/www.intarcon.com\/fr\/wp-json\/wp\/v2\/types\/post"}],"author":[{"embeddable":true,"href":"https:\/\/www.intarcon.com\/fr\/wp-json\/wp\/v2\/users\/2"}],"replies":[{"embeddable":true,"href":"https:\/\/www.intarcon.com\/fr\/wp-json\/wp\/v2\/comments?post=77642"}],"version-history":[{"count":0,"href":"https:\/\/www.intarcon.com\/fr\/wp-json\/wp\/v2\/posts\/77642\/revisions"}],"wp:featuredmedia":[{"embeddable":true,"href":"https:\/\/www.intarcon.com\/fr\/wp-json\/wp\/v2\/media\/77608"}],"wp:attachment":[{"href":"https:\/\/www.intarcon.com\/fr\/wp-json\/wp\/v2\/media?parent=77642"}],"wp:term":[{"taxonomy":"category","embeddable":true,"href":"https:\/\/www.intarcon.com\/fr\/wp-json\/wp\/v2\/categories?post=77642"},{"taxonomy":"post_tag","embeddable":true,"href":"https:\/\/www.intarcon.com\/fr\/wp-json\/wp\/v2\/tags?post=77642"}],"curies":[{"name":"wp","href":"https:\/\/api.w.org\/{rel}","templated":true}]}}