{"id":73235,"date":"2023-02-21T17:56:33","date_gmt":"2023-02-21T16:56:33","guid":{"rendered":"https:\/\/www.intarcon.com\/?p=73235"},"modified":"2025-08-06T13:51:11","modified_gmt":"2025-08-06T11:51:11","slug":"la-refrigeration-comme-contribution-a-la-qualite-et-a-la-securite-dans-lindustrie-de-la-viande","status":"publish","type":"post","link":"https:\/\/www.intarcon.com\/fr\/la-refrigeration-comme-contribution-a-la-qualite-et-a-la-securite-dans-lindustrie-de-la-viande\/","title":{"rendered":"La r\u00e9frig\u00e9ration comme contribution \u00e0 la qualit\u00e9 et \u00e0 la s\u00e9curit\u00e9 dans l&#8217;industrie de la viande"},"content":{"rendered":"\t\t<div data-elementor-type=\"wp-post\" data-elementor-id=\"73235\" class=\"elementor elementor-73235 elementor-73202\" data-elementor-post-type=\"post\">\n\t\t\t\t<div class=\"elementor-element elementor-element-5aa46d2e e-flex e-con-boxed e-con e-parent\" data-id=\"5aa46d2e\" data-element_type=\"container\">\r\n\t\t\t\t\t<div class=\"e-con-inner\">\r\n\t\t\t\t<div class=\"elementor-element elementor-element-80e26c5 elementor-widget elementor-widget-text-editor\" data-id=\"80e26c5\" data-element_type=\"widget\" data-widget_type=\"text-editor.default\">\n\t\t\t\t<div class=\"elementor-widget-container\">\n\t\t\t\t\t\t\t\t\t<p><em><strong>&#8220;Afin de contribuer \u00e0 la disponibilit\u00e9 de nourriture pour une population en constante augmentation, exigeant avec la qualit\u00e9 des produits de l&#8217;industrie de la viande, INTARCON fournit des solutions en r\u00e9frig\u00e9ration main dans la main avec l&#8217;efficacit\u00e9 \u00e9nerg\u00e9tique et le contr\u00f4le de la s\u00e9curit\u00e9 alimentaire&#8221;.<\/strong><\/em><\/p><p>La viande devient un milieu de culture id\u00e9al pour la croissance de presque tous les micro-organismes. Cela est d\u00fb \u00e0 ses qualit\u00e9s nutritionnelles, \u00e0 son pH post-mortem neutre (pH = 6,5), \u00e0 sa forte activit\u00e9 de l&#8217;eau (aw = 0,98) et \u00e0 des facteurs extrins\u00e8ques tels que la temp\u00e9rature et la concentration en oxyg\u00e8ne.<\/p><p>La viande et les produits carn\u00e9s sont p\u00e9rissables par nature et facilement sensibles \u00e0 la contamination microbienne et \u00e0 l&#8217;alt\u00e9ration chimique. Certains proc\u00e9d\u00e9s entra\u00eenent des changements ind\u00e9sirables de la qualit\u00e9 et alt\u00e8rent la couleur, la texture et la saveur, ce qui constitue non seulement un risque pour la sant\u00e9 des consommateurs, mais aussi une perte \u00e9conomique \u00e9ventuelle.<\/p><p>Au cours des derni\u00e8res ann\u00e9es, la demande d&#8217;aliments de qualit\u00e9 \u00e0 haute valeur nutritionnelle, mais exempts de conservateurs chimiques, a augment\u00e9 en raison de l&#8217;\u00e9volution du mode de vie et des habitudes alimentaires de consommateurs de plus en plus exigeants.<\/p><h2>La r\u00e9frig\u00e9ration comme \u00e9l\u00e9ment cl\u00e9 du processus de conservation dans l&#8217;industrie de la viande<\/h2><p>La <strong>r\u00e9frig\u00e9ration joue un r\u00f4le fondamental<\/strong> au cours du processus de <strong>conservation de la viande<\/strong>, car elle emp\u00eache la croissance de micro-organismes pathog\u00e8nes tels que Salmonella, Listeria ou Enterobacteriaceae (comme E. coli) en raison de leur capacit\u00e9 \u00e0 provoquer une intoxication ou m\u00eame la mort de l&#8217;individu ; et de non-pathog\u00e8nes qui peuvent alt\u00e9rer les caract\u00e9ristiques organoleptiques ou l&#8217;aspect du produit, le rendant impropre \u00e0 la consommation. C&#8217;est pourquoi il faut prendre des mesures d&#8217;hygi\u00e8ne et de contr\u00f4le dans les chambres froides, en portant le produit \u00e0 de basses temp\u00e9ratures, afin de ralentir ou d&#8217;arr\u00eater l&#8217;activit\u00e9 microbiologique et les r\u00e9actions biochimiques.<\/p><p>Les temp\u00e9ratures inf\u00e9rieures \u00e0 environ -2 \u00b0C, selon le type de viande, entra\u00eenent la formation de cristaux de glace dans les espaces intercellulaires, ce qui fait que l&#8217;eau s&#8217;\u00e9chappe des cellules pour compenser l&#8217;augmentation de la pression osmotique, ce qui entra\u00eene un dess\u00e8chement du produit et donc une perte de poids, ainsi qu&#8217;une alt\u00e9ration de la structure cellulaire. Tout cela se traduit par une moindre qualit\u00e9 per\u00e7ue par l&#8217;utilisateur.<\/p><p><strong> <a href=\"https:\/\/www.ifema.es\/meat-attraction\"><img fetchpriority=\"high\" decoding=\"async\" class=\"aligncenter wp-image-73203\" src=\"https:\/\/www.intarcon.com\/wp-content\/uploads\/2023\/02\/Banner-estatico-AMMOLITE-920-x-180-px.jpg\" alt=\"\" width=\"878\" height=\"155\" \/><\/a><\/strong><\/p><h2><strong>Solutions de r\u00e9frig\u00e9ration pour l&#8217;industrie de la viande<\/strong><\/h2><p>INTARCON a con\u00e7u des \u00e9vaporateurs muraux pour les <em><strong>tunnels de surg\u00e9lation<\/strong><\/em> avec des moto-ventilateurs \u00e0 haut d\u00e9bit et une pression statique \u00e9lev\u00e9e, disponibles avec des serpentins \u00e0 haut rendement, afin de r\u00e9duire le temps de cong\u00e9lation et de favoriser la formation de cristaux plus petits.<\/p><p>Pour r\u00e9pondre \u00e0 ces demandes de capacit\u00e9 de refroidissement \u00e9lev\u00e9e, INTARCON propose des solutions et des <strong>syst\u00e8mes de r\u00e9frig\u00e9ration<\/strong> <strong>utilisant des r\u00e9frig\u00e9rants naturels<\/strong> (tels que l&#8217;ammoniac (R-717), le propane (R-290) ou le CO2 (R-744) pr\u00eats \u00e0 \u00eatre mis en service gr\u00e2ce \u00e0 leur configuration Plug &amp; Play.<\/p><p><a href=\"https:\/\/www.intarcon.com\/fr\/le-role-des-refrigerants-naturels-dans-la-climatisation-et-la-refrigeration\/\"><img decoding=\"async\" class=\"aligncenter wp-image-73214\" src=\"https:\/\/www.intarcon.com\/wp-content\/uploads\/2023\/02\/gama-naturales.webp\" alt=\"gama-naturales-intarcon\" width=\"850\" height=\"211\" \/><\/a><\/p><p>Les salles de d\u00e9coupe ou de traitement sont parmi les zones pr\u00e9sentant le plus grand risque de contamination, \u00e9tant class\u00e9es comme point de contr\u00f4le critique dans la cha\u00eene du froid, recommandant l&#8217;utilisation d&#8217;\u00e9quipements qui r\u00e9duisent la charge microbienne en suspension par l&#8217;utilisation de <strong>purificateurs d&#8217;air et le contr\u00f4le de la temp\u00e9rature ambiante<\/strong>. \u00c0 cette fin, INTARCON a d\u00e9velopp\u00e9 l&#8217;\u00e9quipement <a href=\"https:\/\/www.intarcon.com\/fr\/intarsanit\/\">intarSANIT<\/a>, bas\u00e9 sur l&#8217;utilisation d&#8217;\u00e9tages de filtration HEPA et de lumi\u00e8re UV-C, ou sur la r\u00e9cup\u00e9ration de la chaleur de l&#8217;air d&#8217;extraction.<\/p><p><a href=\"https:\/\/www.intarcon.com\/fr\/technologie\/autres-technologies\/traitement-et-purification-de-lair\/\"><img decoding=\"async\" class=\"wp-image-89145 aligncenter\" src=\"https:\/\/www.intarcon.com\/wp-content\/uploads\/2021\/04\/ventilacion-renovacion-aire-intarsanit-tch.webp\" alt=\"Equipo de ventilaci\u00f3n para la ventilaci\u00f3n y renovaci\u00f3n de aire intarSANIT - INTARCON\" width=\"422\" height=\"422\" srcset=\"https:\/\/www.intarcon.com\/wp-content\/uploads\/2021\/04\/ventilacion-renovacion-aire-intarsanit-tch-400x400.webp 400w, https:\/\/www.intarcon.com\/wp-content\/uploads\/2021\/04\/ventilacion-renovacion-aire-intarsanit-tch-367x367.webp 367w\" sizes=\"(max-width: 422px) 100vw, 422px\" \/><\/a><\/p><h3>\u00a0<\/h3><h3>La conservation et la maturation de la viande<\/h3><p>La maturation de la viande repr\u00e9sente une opportunit\u00e9 \u00e9conomique car elle permet de revaloriser le produit en r\u00e9ponse aux nouvelles habitudes des consommateurs, \u00e0 leur int\u00e9r\u00eat pour la qualit\u00e9 et \u00e0 leur souci de s\u00e9curit\u00e9. C&#8217;est pourquoi il y a de plus en plus de cas d&#8217;entreprises qui cr\u00e9ent une nouvelle ligne de commercialisation pour la viande matur\u00e9e. Les deux principales lignes de viande matur\u00e9e sont les suivantes :<\/p><ul><li><u>Maturation humide de la viande<\/u>, dont le but est de contr\u00f4ler l&#8217;activit\u00e9 microbiologique des bact\u00e9ries a\u00e9robies m\u00e9sophiles et lactiques acides. La viande doit avoir un pH &lt; 5,8, une temp\u00e9rature comprise entre 1 \u00b0C et 4 \u00b0C et une atmosph\u00e8re appauvrie en oxyg\u00e8ne. Pour ce type de maturation, le produit est conditionn\u00e9 sous vide (ou herm\u00e9tiquement ferm\u00e9) ou emball\u00e9 avec une technologie perm\u00e9able \u00e0 l&#8217;humidit\u00e9 (sacs perm\u00e9ables \u00e0 l&#8217;eau).<\/li><li><u>La maturation de la viande vieillie \u00e0 sec<\/u> est bas\u00e9e sur la d\u00e9composition des prot\u00e9ines myofibrillaires par l&#8217;action des enzymes pr\u00e9sentes dans la viande, ramollissant ainsi les fibres musculaires. Les recherches men\u00e9es par l&#8217;IRTA (<a href=\"https:\/\/www.irta.cat\/en\/\">Institut de recherche et de technologie agroalimentaire<\/a>) ont obtenu des r\u00e9sultats qui permettent d&#8217;anticiper l&#8217;effet des facteurs intrins\u00e8ques (pH, mati\u00e8res grasses, etc.) et extrins\u00e8ques (temp\u00e9rature et HR) sur la croissance microbienne, ce qui permet de fournir des directives de s\u00e9curit\u00e9 dans ce processus complexe. \u00c0 cet effet, l&#8217;IRTA recommande de maintenir la temp\u00e9rature inf\u00e9rieure \u00e0 2 \u00b0C, de jeter la viande dont le pH est &gt; 5,6 et de veiller \u00e0 ce que l&#8217;activit\u00e9 de l&#8217;eau de surface n&#8217;atteigne pas des valeurs inf\u00e9rieures \u00e0 0,95.<\/li><\/ul><p>Le processus de<strong> salaison de la viande<\/strong> conf\u00e8re qualit\u00e9, s\u00e9curit\u00e9 et dur\u00e9e de conservation au produit. Il consiste en un s\u00e9chage de la partie externe du produit afin d&#8217;emp\u00eacher l&#8217;\u00e9tablissement de micro-organismes, au moyen d&#8217;une phase de salage pr\u00e9alable et d&#8217;un contr\u00f4le ult\u00e9rieur dans une chambre o\u00f9 l&#8217;humidit\u00e9 est progressivement r\u00e9duite. Au cours de cette derni\u00e8re \u00e9tape, des r\u00e9actions chimiques et enzymatiques ont lieu, qui donneront naissance aux compos\u00e9s organoleptiques vis\u00e9s.<\/p><p><a href=\"https:\/\/www.intarcon.com\/fr\/produit\/viande\/\"><img loading=\"lazy\" decoding=\"async\" class=\"wp-image-89295 aligncenter\" src=\"https:\/\/www.intarcon.com\/wp-content\/uploads\/2019\/06\/equipo-semicompacto-maduracion-conservacion-carne.webp\" alt=\"Equipo semicompacto de refrigeraci\u00f3n para conservaci\u00f3n y maduraci\u00f3n de carne - INTARCON\" width=\"408\" height=\"408\" srcset=\"https:\/\/www.intarcon.com\/wp-content\/uploads\/2019\/06\/equipo-semicompacto-maduracion-conservacion-carne-400x400.webp 400w, https:\/\/www.intarcon.com\/wp-content\/uploads\/2019\/06\/equipo-semicompacto-maduracion-conservacion-carne-367x367.webp 367w\" sizes=\"(max-width: 408px) 100vw, 408px\" \/><\/a><\/p><p>\u00a0<\/p><p>Afin de contribuer aux processus mentionn\u00e9s ci-dessus, INTARCON a d\u00e9velopp\u00e9 des <a href=\"https:\/\/www.intarcon.com\/fr\/produit\/viande\/\">\u00e9quipements \u00e0 haute humidit\u00e9 pour la maturation et la conservation de la viande<\/a>, \u00e9quip\u00e9s d&#8217;\u00e9vaporateurs quasi-statiques \u00e0 double flux \u00e0 tr\u00e8s basse vitesse, dans le but d&#8217;\u00e9viter l&#8217;alt\u00e9ration du produit et de contr\u00f4ler l&#8217;humidit\u00e9 dans la chambre.<\/p><p>\u00a0<\/p><p>En plus de la qualit\u00e9 et de la facilit\u00e9 d&#8217;installation des \u00e9quipements, <strong>INTARCON<\/strong> se distingue par sa capacit\u00e9 de conseil et de conception de projets de r\u00e9frig\u00e9ration. Nous disposons d&#8217;une grande \u00e9quipe commerciale et de prescription avec une grande exp\u00e9rience et formation pour l&#8217;ex\u00e9cution de projets destin\u00e9s au <a href=\"https:\/\/www.intarcon.com\/fr\/solutions-de-refrigeration-pour-l-industrie-agroalimentaire\/\">secteur agroalimentaire<\/a>, dont l&#8217;objectif est d&#8217;offrir la meilleure solution, en analysant toutes les alternatives et en proposant au client la plus efficace, fiable et durable.<\/p><p>\u00a0<\/p><p>\u00a0<\/p><p><em>Par Nil Servi\u00e1n, r\u00e9dactrice de documentation \u00e0 INTARCON, dipl\u00f4m\u00e9e en biologie et titulaire d&#8217;une ma\u00eetrise sur les avanc\u00e9es en s\u00e9curit\u00e9 alimentaire.<\/em><\/p>\t\t\t\t\t\t\t\t<\/div>\n\t\t\t\t<\/div>\n\t\t\t\t\t<\/div>\n\t\t\t\t<\/div>\n\t\t<div class=\"elementor-element elementor-element-3b36aa0 e-flex e-con-boxed e-con e-parent\" data-id=\"3b36aa0\" data-element_type=\"container\">\r\n\t\t\t\t\t<div class=\"e-con-inner\">\r\n\t\t\t\t<div class=\"elementor-element elementor-element-4818170 elementor-widget elementor-widget-image\" data-id=\"4818170\" data-element_type=\"widget\" data-widget_type=\"image.default\">\n\t\t\t\t<div class=\"elementor-widget-container\">\n\t\t\t\t\t\t\t\t\t\t\t\t\t\t\t\t<a href=\"https:\/\/www.intarcon.com\/fr\/conseils-techniques\/\">\n\t\t\t\t\t\t\t<img loading=\"lazy\" decoding=\"async\" width=\"1191\" height=\"347\" src=\"https:\/\/www.intarcon.com\/wp-content\/uploads\/2025\/08\/CTA-FR-SOLICITAR-ASESORIA-TECNICA.webp\" class=\"attachment-large size-large wp-image-95993\" alt=\"\" srcset=\"https:\/\/www.intarcon.com\/wp-content\/uploads\/2025\/08\/CTA-FR-SOLICITAR-ASESORIA-TECNICA.webp 1191w, https:\/\/www.intarcon.com\/wp-content\/uploads\/2025\/08\/CTA-FR-SOLICITAR-ASESORIA-TECNICA-768x224.webp 768w, https:\/\/www.intarcon.com\/wp-content\/uploads\/2025\/08\/CTA-FR-SOLICITAR-ASESORIA-TECNICA-640x186.webp 640w, https:\/\/www.intarcon.com\/wp-content\/uploads\/2025\/08\/CTA-FR-SOLICITAR-ASESORIA-TECNICA-400x117.webp 400w, https:\/\/www.intarcon.com\/wp-content\/uploads\/2025\/08\/CTA-FR-SOLICITAR-ASESORIA-TECNICA-367x107.webp 367w, https:\/\/www.intarcon.com\/wp-content\/uploads\/2025\/08\/CTA-FR-SOLICITAR-ASESORIA-TECNICA-600x175.webp 600w\" sizes=\"(max-width: 1191px) 100vw, 1191px\" \/>\t\t\t\t\t\t\t\t<\/a>\n\t\t\t\t\t\t\t\t\t\t\t\t\t\t\t<\/div>\n\t\t\t\t<\/div>\n\t\t\t\t\t<\/div>\n\t\t\t\t<\/div>\n\t\t\t\t<\/div>\n\t\t","protected":false},"excerpt":{"rendered":"<p>&#8220;Afin de contribuer \u00e0 la disponibilit\u00e9 de nourriture pour une population en constante augmentation, exigeant avec la qualit\u00e9 des produits de l&#8217;industrie de la viande, INTARCON fournit des solutions en r\u00e9frig\u00e9ration main dans la main avec l&#8217;efficacit\u00e9 \u00e9nerg\u00e9tique et le contr\u00f4le de la s\u00e9curit\u00e9 alimentaire&#8221;. La viande devient un milieu de culture id\u00e9al pour la [&hellip;]<\/p>\n","protected":false},"author":2,"featured_media":73211,"comment_status":"closed","ping_status":"open","sticky":false,"template":"","format":"standard","meta":{"footnotes":""},"categories":[186,601,676],"tags":[],"class_list":["post-73235","post","type-post","status-publish","format-standard","has-post-thumbnail","hentry","category-blog","category-camaras-frigorificas","category-refrigeracion-alimentos"],"featured_image_src":{"landsacpe":["https:\/\/www.intarcon.com\/wp-content\/uploads\/2023\/02\/refrigeracion-calidad-seguridad-sector-carnico-1140x445.webp",1140,445,true],"list":["https:\/\/www.intarcon.com\/wp-content\/uploads\/2023\/02\/refrigeracion-calidad-seguridad-sector-carnico-463x348.webp",463,348,true],"medium":["https:\/\/www.intarcon.com\/wp-content\/uploads\/2023\/02\/refrigeracion-calidad-seguridad-sector-carnico.webp",1465,976,false],"full":["https:\/\/www.intarcon.com\/wp-content\/uploads\/2023\/02\/refrigeracion-calidad-seguridad-sector-carnico.webp",1465,976,false]},"yoast_head":"<!-- This site is optimized with the Yoast SEO plugin v25.5 - https:\/\/yoast.com\/wordpress\/plugins\/seo\/ -->\n<title>La r\u00e9frig\u00e9ration comme contribution \u00e0 la qualit\u00e9 et \u00e0 la s\u00e9curit\u00e9 dans l&#039;industrie de la viande - INTARCON<\/title>\n<meta name=\"description\" content=\"Solutions de r\u00e9frig\u00e9ration pour la conservation des produits dans l&#039;industrie de la viande. Chambres froides, traitement et maturation des produits.\" \/>\n<meta name=\"robots\" content=\"index, follow, max-snippet:-1, max-image-preview:large, max-video-preview:-1\" \/>\n<link rel=\"canonical\" href=\"https:\/\/www.intarcon.com\/fr\/la-refrigeration-comme-contribution-a-la-qualite-et-a-la-securite-dans-lindustrie-de-la-viande\/\" \/>\n<meta property=\"og:locale\" content=\"fr_FR\" \/>\n<meta property=\"og:type\" content=\"article\" \/>\n<meta property=\"og:title\" content=\"La r\u00e9frig\u00e9ration comme contribution \u00e0 la qualit\u00e9 et \u00e0 la s\u00e9curit\u00e9 dans l&#039;industrie de la viande - INTARCON\" \/>\n<meta property=\"og:description\" content=\"Solutions de r\u00e9frig\u00e9ration pour la conservation des produits dans l&#039;industrie de la viande. Chambres froides, traitement et maturation des produits.\" \/>\n<meta property=\"og:url\" content=\"https:\/\/www.intarcon.com\/fr\/la-refrigeration-comme-contribution-a-la-qualite-et-a-la-securite-dans-lindustrie-de-la-viande\/\" \/>\n<meta property=\"og:site_name\" content=\"INTARCON\" \/>\n<meta property=\"article:publisher\" content=\"https:\/\/www.facebook.com\/intarcon\/\" \/>\n<meta property=\"article:published_time\" content=\"2023-02-21T16:56:33+00:00\" \/>\n<meta property=\"article:modified_time\" content=\"2025-08-06T11:51:11+00:00\" \/>\n<meta property=\"og:image\" content=\"https:\/\/www.intarcon.com\/wp-content\/uploads\/2023\/02\/refrigeracion-calidad-seguridad-sector-carnico.webp\" \/>\n\t<meta property=\"og:image:width\" content=\"1465\" \/>\n\t<meta property=\"og:image:height\" content=\"976\" \/>\n\t<meta property=\"og:image:type\" content=\"image\/webp\" \/>\n<meta name=\"author\" content=\"INTARCON\" \/>\n<meta name=\"twitter:card\" content=\"summary_large_image\" \/>\n<meta name=\"twitter:creator\" content=\"@Intarcon\" \/>\n<meta name=\"twitter:site\" content=\"@Intarcon\" \/>\n<meta name=\"twitter:label1\" content=\"Written by\" \/>\n\t<meta name=\"twitter:data1\" content=\"INTARCON\" \/>\n\t<meta name=\"twitter:label2\" content=\"Est. reading time\" \/>\n\t<meta name=\"twitter:data2\" content=\"6 minutes\" \/>\n<script type=\"application\/ld+json\" class=\"yoast-schema-graph\">{\"@context\":\"https:\/\/schema.org\",\"@graph\":[{\"@type\":\"WebPage\",\"@id\":\"https:\/\/www.intarcon.com\/fr\/la-refrigeration-comme-contribution-a-la-qualite-et-a-la-securite-dans-lindustrie-de-la-viande\/\",\"url\":\"https:\/\/www.intarcon.com\/fr\/la-refrigeration-comme-contribution-a-la-qualite-et-a-la-securite-dans-lindustrie-de-la-viande\/\",\"name\":\"La r\u00e9frig\u00e9ration comme contribution \u00e0 la qualit\u00e9 et \u00e0 la s\u00e9curit\u00e9 dans l'industrie de la viande - INTARCON\",\"isPartOf\":{\"@id\":\"https:\/\/www.intarcon.com\/fr\/#website\"},\"primaryImageOfPage\":{\"@id\":\"https:\/\/www.intarcon.com\/fr\/la-refrigeration-comme-contribution-a-la-qualite-et-a-la-securite-dans-lindustrie-de-la-viande\/#primaryimage\"},\"image\":{\"@id\":\"https:\/\/www.intarcon.com\/fr\/la-refrigeration-comme-contribution-a-la-qualite-et-a-la-securite-dans-lindustrie-de-la-viande\/#primaryimage\"},\"thumbnailUrl\":\"https:\/\/www.intarcon.com\/wp-content\/uploads\/2023\/02\/refrigeracion-calidad-seguridad-sector-carnico.webp\",\"datePublished\":\"2023-02-21T16:56:33+00:00\",\"dateModified\":\"2025-08-06T11:51:11+00:00\",\"author\":{\"@id\":\"https:\/\/www.intarcon.com\/fr\/#\/schema\/person\/3953ab26cc806bd58bd91f8a62054c03\"},\"description\":\"Solutions de r\u00e9frig\u00e9ration pour la conservation des produits dans l'industrie de la viande. Chambres froides, traitement et maturation des produits.\",\"breadcrumb\":{\"@id\":\"https:\/\/www.intarcon.com\/fr\/la-refrigeration-comme-contribution-a-la-qualite-et-a-la-securite-dans-lindustrie-de-la-viande\/#breadcrumb\"},\"inLanguage\":\"fr\",\"potentialAction\":[{\"@type\":\"ReadAction\",\"target\":[\"https:\/\/www.intarcon.com\/fr\/la-refrigeration-comme-contribution-a-la-qualite-et-a-la-securite-dans-lindustrie-de-la-viande\/\"]}]},{\"@type\":\"ImageObject\",\"inLanguage\":\"fr\",\"@id\":\"https:\/\/www.intarcon.com\/fr\/la-refrigeration-comme-contribution-a-la-qualite-et-a-la-securite-dans-lindustrie-de-la-viande\/#primaryimage\",\"url\":\"https:\/\/www.intarcon.com\/wp-content\/uploads\/2023\/02\/refrigeracion-calidad-seguridad-sector-carnico.webp\",\"contentUrl\":\"https:\/\/www.intarcon.com\/wp-content\/uploads\/2023\/02\/refrigeracion-calidad-seguridad-sector-carnico.webp\",\"width\":1465,\"height\":976,\"caption\":\"refrigeraci\u00f3n-calidad-seguridad-sector-carnico\"},{\"@type\":\"BreadcrumbList\",\"@id\":\"https:\/\/www.intarcon.com\/fr\/la-refrigeration-comme-contribution-a-la-qualite-et-a-la-securite-dans-lindustrie-de-la-viande\/#breadcrumb\",\"itemListElement\":[{\"@type\":\"ListItem\",\"position\":1,\"name\":\"Portada\",\"item\":\"https:\/\/www.intarcon.com\/fr\/\"},{\"@type\":\"ListItem\",\"position\":2,\"name\":\"Blog\",\"item\":\"https:\/\/www.intarcon.com\/fr\/category\/blog-fr\/\"},{\"@type\":\"ListItem\",\"position\":3,\"name\":\"La r\u00e9frig\u00e9ration comme contribution \u00e0 la qualit\u00e9 et \u00e0 la s\u00e9curit\u00e9 dans l&#8217;industrie de la viande\"}]},{\"@type\":\"WebSite\",\"@id\":\"https:\/\/www.intarcon.com\/fr\/#website\",\"url\":\"https:\/\/www.intarcon.com\/fr\/\",\"name\":\"INTARCON\",\"description\":\"\",\"potentialAction\":[{\"@type\":\"SearchAction\",\"target\":{\"@type\":\"EntryPoint\",\"urlTemplate\":\"https:\/\/www.intarcon.com\/fr\/?s={search_term_string}\"},\"query-input\":{\"@type\":\"PropertyValueSpecification\",\"valueRequired\":true,\"valueName\":\"search_term_string\"}}],\"inLanguage\":\"fr\"},{\"@type\":\"Person\",\"@id\":\"https:\/\/www.intarcon.com\/fr\/#\/schema\/person\/3953ab26cc806bd58bd91f8a62054c03\",\"name\":\"INTARCON\",\"image\":{\"@type\":\"ImageObject\",\"inLanguage\":\"fr\",\"@id\":\"https:\/\/www.intarcon.com\/fr\/#\/schema\/person\/image\/\",\"url\":\"https:\/\/secure.gravatar.com\/avatar\/15e7dea3e8aff0fc73c1fbe5156ed313f6044f5727ad9a8c9752574cacdce03d?s=96&d=mm&r=g\",\"contentUrl\":\"https:\/\/secure.gravatar.com\/avatar\/15e7dea3e8aff0fc73c1fbe5156ed313f6044f5727ad9a8c9752574cacdce03d?s=96&d=mm&r=g\",\"caption\":\"INTARCON\"}}]}<\/script>\n<!-- \/ Yoast SEO plugin. -->","yoast_head_json":{"title":"La r\u00e9frig\u00e9ration comme contribution \u00e0 la qualit\u00e9 et \u00e0 la s\u00e9curit\u00e9 dans l'industrie de la viande - INTARCON","description":"Solutions de r\u00e9frig\u00e9ration pour la conservation des produits dans l'industrie de la viande. Chambres froides, traitement et maturation des produits.","robots":{"index":"index","follow":"follow","max-snippet":"max-snippet:-1","max-image-preview":"max-image-preview:large","max-video-preview":"max-video-preview:-1"},"canonical":"https:\/\/www.intarcon.com\/fr\/la-refrigeration-comme-contribution-a-la-qualite-et-a-la-securite-dans-lindustrie-de-la-viande\/","og_locale":"fr_FR","og_type":"article","og_title":"La r\u00e9frig\u00e9ration comme contribution \u00e0 la qualit\u00e9 et \u00e0 la s\u00e9curit\u00e9 dans l'industrie de la viande - INTARCON","og_description":"Solutions de r\u00e9frig\u00e9ration pour la conservation des produits dans l'industrie de la viande. Chambres froides, traitement et maturation des produits.","og_url":"https:\/\/www.intarcon.com\/fr\/la-refrigeration-comme-contribution-a-la-qualite-et-a-la-securite-dans-lindustrie-de-la-viande\/","og_site_name":"INTARCON","article_publisher":"https:\/\/www.facebook.com\/intarcon\/","article_published_time":"2023-02-21T16:56:33+00:00","article_modified_time":"2025-08-06T11:51:11+00:00","og_image":[{"width":1465,"height":976,"url":"https:\/\/www.intarcon.com\/wp-content\/uploads\/2023\/02\/refrigeracion-calidad-seguridad-sector-carnico.webp","type":"image\/webp"}],"author":"INTARCON","twitter_card":"summary_large_image","twitter_creator":"@Intarcon","twitter_site":"@Intarcon","twitter_misc":{"Written by":"INTARCON","Est. reading time":"6 minutes"},"schema":{"@context":"https:\/\/schema.org","@graph":[{"@type":"WebPage","@id":"https:\/\/www.intarcon.com\/fr\/la-refrigeration-comme-contribution-a-la-qualite-et-a-la-securite-dans-lindustrie-de-la-viande\/","url":"https:\/\/www.intarcon.com\/fr\/la-refrigeration-comme-contribution-a-la-qualite-et-a-la-securite-dans-lindustrie-de-la-viande\/","name":"La r\u00e9frig\u00e9ration comme contribution \u00e0 la qualit\u00e9 et \u00e0 la s\u00e9curit\u00e9 dans l'industrie de la viande - INTARCON","isPartOf":{"@id":"https:\/\/www.intarcon.com\/fr\/#website"},"primaryImageOfPage":{"@id":"https:\/\/www.intarcon.com\/fr\/la-refrigeration-comme-contribution-a-la-qualite-et-a-la-securite-dans-lindustrie-de-la-viande\/#primaryimage"},"image":{"@id":"https:\/\/www.intarcon.com\/fr\/la-refrigeration-comme-contribution-a-la-qualite-et-a-la-securite-dans-lindustrie-de-la-viande\/#primaryimage"},"thumbnailUrl":"https:\/\/www.intarcon.com\/wp-content\/uploads\/2023\/02\/refrigeracion-calidad-seguridad-sector-carnico.webp","datePublished":"2023-02-21T16:56:33+00:00","dateModified":"2025-08-06T11:51:11+00:00","author":{"@id":"https:\/\/www.intarcon.com\/fr\/#\/schema\/person\/3953ab26cc806bd58bd91f8a62054c03"},"description":"Solutions de r\u00e9frig\u00e9ration pour la conservation des produits dans l'industrie de la viande. Chambres froides, traitement et maturation des produits.","breadcrumb":{"@id":"https:\/\/www.intarcon.com\/fr\/la-refrigeration-comme-contribution-a-la-qualite-et-a-la-securite-dans-lindustrie-de-la-viande\/#breadcrumb"},"inLanguage":"fr","potentialAction":[{"@type":"ReadAction","target":["https:\/\/www.intarcon.com\/fr\/la-refrigeration-comme-contribution-a-la-qualite-et-a-la-securite-dans-lindustrie-de-la-viande\/"]}]},{"@type":"ImageObject","inLanguage":"fr","@id":"https:\/\/www.intarcon.com\/fr\/la-refrigeration-comme-contribution-a-la-qualite-et-a-la-securite-dans-lindustrie-de-la-viande\/#primaryimage","url":"https:\/\/www.intarcon.com\/wp-content\/uploads\/2023\/02\/refrigeracion-calidad-seguridad-sector-carnico.webp","contentUrl":"https:\/\/www.intarcon.com\/wp-content\/uploads\/2023\/02\/refrigeracion-calidad-seguridad-sector-carnico.webp","width":1465,"height":976,"caption":"refrigeraci\u00f3n-calidad-seguridad-sector-carnico"},{"@type":"BreadcrumbList","@id":"https:\/\/www.intarcon.com\/fr\/la-refrigeration-comme-contribution-a-la-qualite-et-a-la-securite-dans-lindustrie-de-la-viande\/#breadcrumb","itemListElement":[{"@type":"ListItem","position":1,"name":"Portada","item":"https:\/\/www.intarcon.com\/fr\/"},{"@type":"ListItem","position":2,"name":"Blog","item":"https:\/\/www.intarcon.com\/fr\/category\/blog-fr\/"},{"@type":"ListItem","position":3,"name":"La r\u00e9frig\u00e9ration comme contribution \u00e0 la qualit\u00e9 et \u00e0 la s\u00e9curit\u00e9 dans l&#8217;industrie de la viande"}]},{"@type":"WebSite","@id":"https:\/\/www.intarcon.com\/fr\/#website","url":"https:\/\/www.intarcon.com\/fr\/","name":"INTARCON","description":"","potentialAction":[{"@type":"SearchAction","target":{"@type":"EntryPoint","urlTemplate":"https:\/\/www.intarcon.com\/fr\/?s={search_term_string}"},"query-input":{"@type":"PropertyValueSpecification","valueRequired":true,"valueName":"search_term_string"}}],"inLanguage":"fr"},{"@type":"Person","@id":"https:\/\/www.intarcon.com\/fr\/#\/schema\/person\/3953ab26cc806bd58bd91f8a62054c03","name":"INTARCON","image":{"@type":"ImageObject","inLanguage":"fr","@id":"https:\/\/www.intarcon.com\/fr\/#\/schema\/person\/image\/","url":"https:\/\/secure.gravatar.com\/avatar\/15e7dea3e8aff0fc73c1fbe5156ed313f6044f5727ad9a8c9752574cacdce03d?s=96&d=mm&r=g","contentUrl":"https:\/\/secure.gravatar.com\/avatar\/15e7dea3e8aff0fc73c1fbe5156ed313f6044f5727ad9a8c9752574cacdce03d?s=96&d=mm&r=g","caption":"INTARCON"}}]}},"_links":{"self":[{"href":"https:\/\/www.intarcon.com\/fr\/wp-json\/wp\/v2\/posts\/73235","targetHints":{"allow":["GET"]}}],"collection":[{"href":"https:\/\/www.intarcon.com\/fr\/wp-json\/wp\/v2\/posts"}],"about":[{"href":"https:\/\/www.intarcon.com\/fr\/wp-json\/wp\/v2\/types\/post"}],"author":[{"embeddable":true,"href":"https:\/\/www.intarcon.com\/fr\/wp-json\/wp\/v2\/users\/2"}],"replies":[{"embeddable":true,"href":"https:\/\/www.intarcon.com\/fr\/wp-json\/wp\/v2\/comments?post=73235"}],"version-history":[{"count":0,"href":"https:\/\/www.intarcon.com\/fr\/wp-json\/wp\/v2\/posts\/73235\/revisions"}],"wp:featuredmedia":[{"embeddable":true,"href":"https:\/\/www.intarcon.com\/fr\/wp-json\/wp\/v2\/media\/73211"}],"wp:attachment":[{"href":"https:\/\/www.intarcon.com\/fr\/wp-json\/wp\/v2\/media?parent=73235"}],"wp:term":[{"taxonomy":"category","embeddable":true,"href":"https:\/\/www.intarcon.com\/fr\/wp-json\/wp\/v2\/categories?post=73235"},{"taxonomy":"post_tag","embeddable":true,"href":"https:\/\/www.intarcon.com\/fr\/wp-json\/wp\/v2\/tags?post=73235"}],"curies":[{"name":"wp","href":"https:\/\/api.w.org\/{rel}","templated":true}]}}