{"id":71978,"date":"2022-11-24T12:42:22","date_gmt":"2022-11-24T11:42:22","guid":{"rendered":"https:\/\/www.intarcon.com\/soluciones-de-refrigeracion-para-la-industria-agroalimentaria\/"},"modified":"2025-08-06T13:56:17","modified_gmt":"2025-08-06T11:56:17","slug":"solutions-de-refrigeration-pour-l-industrie-agroalimentaire","status":"publish","type":"post","link":"https:\/\/www.intarcon.com\/fr\/solutions-de-refrigeration-pour-l-industrie-agroalimentaire\/","title":{"rendered":"Solutions de r\u00e9frig\u00e9ration pour l&#8217;industrie agroalimentaire"},"content":{"rendered":"\t\t<div data-elementor-type=\"wp-post\" data-elementor-id=\"71978\" class=\"elementor elementor-71978 elementor-71660\" data-elementor-post-type=\"post\">\n\t\t\t\t\t\t<section class=\"elementor-section elementor-top-section elementor-element elementor-element-8e99ee7 elementor-section-boxed elementor-section-height-default elementor-section-height-default\" data-id=\"8e99ee7\" data-element_type=\"section\">\r\n\t\t\r\n\t\t\t\t\t\t\t<div class=\"elementor-container elementor-column-gap-default\">\r\n\t\t\t\t\t\t\t\t\t\t\t<div class=\"elementor-column elementor-col-100 elementor-top-column elementor-element elementor-element-1ec7ade\" data-id=\"1ec7ade\" data-element_type=\"column\">\r\n\t\t\t\t\t<div class=\"elementor-widget-wrap elementor-element-populated\">\r\n\t\t\t\t\t\t\t\t<div class=\"elementor-element elementor-element-ad2b35a elementor-widget elementor-widget-text-editor\" data-id=\"ad2b35a\" data-element_type=\"widget\" data-widget_type=\"text-editor.default\">\n\t\t\t\t<div class=\"elementor-widget-container\">\n\t\t\t\t\t\t\t\t\t<p><strong>Nous connaissons tous les avantages socio-\u00e9conomiques et environnementaux qui d\u00e9coulent de l&#8217;augmentation de la dur\u00e9e de conservation des denr\u00e9es alimentaires. Nous le devons aux am\u00e9liorations et innovations constantes dans le secteur de la r\u00e9frig\u00e9ration pour l&#8217;industrie agroalimentaire. Mais comment y parvenir ?<\/strong><\/p><p>Comme le refl\u00e8te l&#8217;OMS (Organisation mondiale de la sant\u00e9), dans l&#8217;une de ses cinq cl\u00e9s pour le maintien de la s\u00e9curit\u00e9 alimentaire (&#8220;Cl\u00e9 4 : Conserver les aliments \u00e0 des temp\u00e9ratures s\u00fbres : \u00e0 des temp\u00e9ratures inf\u00e9rieures \u00e0 5\u00b0C, la croissance microbienne ralentit ou s&#8217;arr\u00eate&#8221;), la r\u00e9frig\u00e9ration est l&#8217;un des grands alli\u00e9s de la conservation des aliments. C&#8217;est pourquoi des avanc\u00e9es dans le domaine de la r\u00e9frig\u00e9ration pour l&#8217;industrie agroalimentaire sont constamment r\u00e9alis\u00e9es afin d&#8217;apporter des solutions en augmentant l&#8217;efficacit\u00e9 \u00e9nerg\u00e9tique et en r\u00e9duisant l&#8217;empreinte \u00e9cologique. En d\u00e9finitive, atteindre l&#8217;objectif le plus important pour notre soci\u00e9t\u00e9, l&#8217;optimisation de la production agroalimentaire.<\/p>\t\t\t\t\t\t\t\t<\/div>\n\t\t\t\t<\/div>\n\t\t\t\t<div class=\"elementor-element elementor-element-eaeed58 elementor-widget elementor-widget-heading\" data-id=\"eaeed58\" data-element_type=\"widget\" data-widget_type=\"heading.default\">\n\t\t\t\t<div class=\"elementor-widget-container\">\n\t\t\t\t\t<h2 class=\"elementor-heading-title elementor-size-default\">Nouveaux paradigmes en mati\u00e8re de conservation et de r\u00e9frig\u00e9ration pour l'industrie agroalimentaire<\/h2>\t\t\t\t<\/div>\n\t\t\t\t<\/div>\n\t\t\t\t<div class=\"elementor-element elementor-element-0ec0d12 elementor-widget elementor-widget-text-editor\" data-id=\"0ec0d12\" data-element_type=\"widget\" data-widget_type=\"text-editor.default\">\n\t\t\t\t<div class=\"elementor-widget-container\">\n\t\t\t\t\t\t\t\t\t<ul><li>Le d\u00e9veloppement d&#8217;\u00e9quipements de climatisation et de r\u00e9frig\u00e9ration \u00e9conomes en \u00e9nergie, conformes \u00e0 des r\u00e9glementations environnementales strictes, telles que la directive ErP 2015\/1095\/UE sur les exigences d&#8217;\u00e9coconception, qui impose des valeurs minimales de COP (coefficient de performance) et de SEPR (facteur de performance saisonnier).<\/li><li>L&#8217;utilisation de chambres de cong\u00e9lation et de tunnels de cong\u00e9lation.<\/li><li>L&#8217;\u00e9volution des syst\u00e8mes de r\u00e9cup\u00e9ration de chaleur, qui am\u00e9liorent l&#8217;efficacit\u00e9 du syst\u00e8me dans son ensemble (par exemple, l&#8217;industrie laiti\u00e8re, le refroidissement du lait &#8211; la chaleur pour la pasteurisation).<\/li><li>Le remplacement de mat\u00e9riaux, tels que l&#8217;acier par l&#8217;aluminium, et l&#8217;utilisation de mat\u00e9riaux \u00e0 faible impact environnemental compos\u00e9s de fibres naturelles, r\u00e9duisent le poids, le co\u00fbt et l&#8217;empreinte \u00e9cologique de l&#8217;\u00e9quipement.<\/li><li>L&#8217;\u00e9mergence de la r\u00e9gulation et du contr\u00f4le via l&#8217;IoT (Internet Of Things), bas\u00e9e sur la cr\u00e9ation d&#8217;un r\u00e9seau d&#8217;appareils et la technologie qui facilite la communication entre eux et le cloud. Cela permet d&#8217;optimiser le fonctionnement de l&#8217;installation gr\u00e2ce \u00e0 la capacit\u00e9 d&#8217;am\u00e9lioration continue par la collecte et le traitement des donn\u00e9es.<\/li><\/ul>\t\t\t\t\t\t\t\t<\/div>\n\t\t\t\t<\/div>\n\t\t\t\t<div class=\"elementor-element elementor-element-cc9219f elementor-widget elementor-widget-heading\" data-id=\"cc9219f\" data-element_type=\"widget\" data-widget_type=\"heading.default\">\n\t\t\t\t<div class=\"elementor-widget-container\">\n\t\t\t\t\t<h2 class=\"elementor-heading-title elementor-size-default\">Techniques de conservation innovantes en cours de d\u00e9veloppement pour la r\u00e9frig\u00e9ration dans l'industrie agroalimentaire<\/h2>\t\t\t\t<\/div>\n\t\t\t\t<\/div>\n\t\t\t\t<div class=\"elementor-element elementor-element-85c66ac elementor-widget elementor-widget-text-editor\" data-id=\"85c66ac\" data-element_type=\"widget\" data-widget_type=\"text-editor.default\">\n\t\t\t\t<div class=\"elementor-widget-container\">\n\t\t\t\t\t\t\t\t\t<ul><li>Lyophilisation. Proc\u00e9d\u00e9 de d\u00e9shydrocong\u00e9lation ou de cryodessiccation dans des chambres \u00e0 vide coupl\u00e9es \u00e0 des syst\u00e8mes de r\u00e9frig\u00e9ration.<\/li><li>Les chambres \u00e0 atmosph\u00e8re modifi\u00e9e (elles utilisent des g\u00e9n\u00e9rateurs d&#8217;azote, des absorbeurs de CO2 ou des laveurs d&#8217;\u00e9thyl\u00e8ne qui permettent de contr\u00f4ler l&#8217;atmosph\u00e8re dans laquelle est conserv\u00e9 le fruit et le l\u00e9gume, afin de r\u00e9duire la respiration et de ralentir le m\u00fbrissement).<\/li><li>Chambres \u00e0 haute pression hydrostatique (st\u00e9rilisent tout en maintenant les propri\u00e9t\u00e9s organoleptiques et nutritionnelles de l&#8217;aliment, contrairement aux techniques d&#8217;application de la chaleur).<\/li><li>St\u00e9rilisation au CO2 supercritique. Le CO2 a une faible temp\u00e9rature critique de 31\u00b0C, de sorte que les compos\u00e9s organiques thermosensibles peuvent \u00eatre trait\u00e9s sans risque de d\u00e9naturation ou de d\u00e9composition, et c&#8217;est un r\u00e9frig\u00e9rant peu co\u00fbteux et non toxique.<\/li><li>La cong\u00e9lation assist\u00e9e par ultrasons (utilisation d&#8217;ultrasons pour r\u00e9duire la taille des cristaux de glace form\u00e9s pendant le processus de cong\u00e9lation).<\/li><\/ul>\t\t\t\t\t\t\t\t<\/div>\n\t\t\t\t<\/div>\n\t\t\t\t<div class=\"elementor-element elementor-element-a3dcb37 elementor-widget elementor-widget-image\" data-id=\"a3dcb37\" data-element_type=\"widget\" data-widget_type=\"image.default\">\n\t\t\t\t<div class=\"elementor-widget-container\">\n\t\t\t\t\t\t\t\t\t\t\t\t\t\t\t<img fetchpriority=\"high\" decoding=\"async\" width=\"2000\" height=\"1333\" src=\"https:\/\/www.intarcon.com\/wp-content\/uploads\/2022\/06\/Tipos-de-camaras-frigorificas-e1669719064995.webp\" class=\"attachment-large size-large wp-image-65223\" alt=\"Tipos de c\u00e1maras frigor\u00edficas\" \/>\t\t\t\t\t\t\t\t\t\t\t\t\t\t\t<\/div>\n\t\t\t\t<\/div>\n\t\t\t\t<div class=\"elementor-element elementor-element-6b949cf elementor-widget elementor-widget-heading\" data-id=\"6b949cf\" data-element_type=\"widget\" data-widget_type=\"heading.default\">\n\t\t\t\t<div class=\"elementor-widget-container\">\n\t\t\t\t\t<h2 class=\"elementor-heading-title elementor-size-default\">Le d\u00e9veloppement d'INTARCON et son engagement envers l'importance de la r\u00e9frig\u00e9ration pour l'industrie alimentaire<\/h2>\t\t\t\t<\/div>\n\t\t\t\t<\/div>\n\t\t\t\t<div class=\"elementor-element elementor-element-a1f70be elementor-widget elementor-widget-text-editor\" data-id=\"a1f70be\" data-element_type=\"widget\" data-widget_type=\"text-editor.default\">\n\t\t\t\t<div class=\"elementor-widget-container\">\n\t\t\t\t\t\t\t\t\t<p>Certaines de ces techniques sont d\u00e9velopp\u00e9es et recherch\u00e9es par <strong>INTARCON.<\/strong> Le contact direct avec nos clients nous permet de comprendre les probl\u00e8mes auxquels ils sont confront\u00e9s et de r\u00e9soudre leurs principales pr\u00e9occupations :<\/p><ul><li>Le risque de perte de produit en raison de fuites.<\/li><li>Panne d&#8217;\u00e9quipement due \u00e0 un compresseur d\u00e9fectueux.<\/li><li>Dysfonctionnement \u00e0 des temp\u00e9ratures extr\u00eames.<\/li><li>Consommation \u00e9lectrique \u00e9lev\u00e9e.<\/li><li>Co\u00fbt du gaz r\u00e9frig\u00e9rant.<\/li><li>Etc.<\/li><\/ul>\t\t\t\t\t\t\t\t<\/div>\n\t\t\t\t<\/div>\n\t\t\t\t<div class=\"elementor-element elementor-element-bb4ef47 elementor-widget elementor-widget-text-editor\" data-id=\"bb4ef47\" data-element_type=\"widget\" data-widget_type=\"text-editor.default\">\n\t\t\t\t<div class=\"elementor-widget-container\">\n\t\t\t\t\t\t\t\t\t<p>Jour apr\u00e8s jour, nous travaillons \u00e0 l&#8217;am\u00e9lioration de l&#8217;\u00e9quipement afin de fournir le meilleur produit et service, en apportant :<strong> pr\u00e9cision, fiabilit\u00e9 et efficacit\u00e9 \u00e0 l&#8217;installation.<\/strong><\/p><p><strong>INTARCON<\/strong> s&#8217;efforce d&#8217;\u00e9viter l&#8217;interruption de la <a href=\"https:\/\/www.intarcon.com\/fr\/quest-ce-que-la-chaine-du-froid\/\">cha\u00eene du froid<\/a> (visible par la formation de givre ou de blocs agglom\u00e9r\u00e9s), afin d&#8217;obtenir une augmentation de la dur\u00e9e de conservation et de la s\u00e9curit\u00e9 alimentaire, ainsi que la stabilit\u00e9 de la cha\u00eene de production dans le respect des normes de s\u00e9curit\u00e9 alimentaire et le maintien des propri\u00e9t\u00e9s organoleptiques du produit.<\/p>\t\t\t\t\t\t\t\t<\/div>\n\t\t\t\t<\/div>\n\t\t\t\t<div class=\"elementor-element elementor-element-1647b13 elementor-widget elementor-widget-heading\" data-id=\"1647b13\" data-element_type=\"widget\" data-widget_type=\"heading.default\">\n\t\t\t\t<div class=\"elementor-widget-container\">\n\t\t\t\t\t<h2 class=\"elementor-heading-title elementor-size-default\">Les technologies de r\u00e9frig\u00e9ration INTARCON pour l'industrie alimentaire<\/h2>\t\t\t\t<\/div>\n\t\t\t\t<\/div>\n\t\t\t\t<section class=\"elementor-section elementor-inner-section elementor-element elementor-element-01dbf05 elementor-section-boxed elementor-section-height-default elementor-section-height-default\" data-id=\"01dbf05\" data-element_type=\"section\">\r\n\t\t\r\n\t\t\t\t\t\t\t<div class=\"elementor-container elementor-column-gap-default\">\r\n\t\t\t\t\t\t\t\t\t\t\t<div class=\"elementor-column elementor-col-100 elementor-inner-column elementor-element elementor-element-dd7f538\" data-id=\"dd7f538\" data-element_type=\"column\">\r\n\t\t\t\t\t<div class=\"elementor-widget-wrap elementor-element-populated\">\r\n\t\t\t\t\t\t\t\t<div class=\"elementor-element elementor-element-5b26733 elementor-widget elementor-widget-heading\" data-id=\"5b26733\" data-element_type=\"widget\" data-widget_type=\"heading.default\">\n\t\t\t\t<div class=\"elementor-widget-container\">\n\t\t\t\t\t<h3 class=\"elementor-heading-title elementor-size-default\">R\u00e9frig\u00e9rants naturels<\/h3>\t\t\t\t<\/div>\n\t\t\t\t<\/div>\n\t\t\t\t<div class=\"elementor-element elementor-element-e0ff386 elementor-widget elementor-widget-text-editor\" data-id=\"e0ff386\" data-element_type=\"widget\" data-widget_type=\"text-editor.default\">\n\t\t\t\t<div class=\"elementor-widget-container\">\n\t\t\t\t\t\t\t\t\t<p>Utilisation de <a href=\"https:\/\/www.intarcon.com\/fr\/technologie\/co2\/\">CO2<\/a>, <a href=\"https:\/\/www.intarcon.com\/fr\/technologie\/nh3\/\">NH3<\/a> et<a href=\"https:\/\/www.intarcon.com\/fr\/technologie\/r290\/\"> propane<\/a>, \u00e0 faible PRG (potentiel de r\u00e9chauffement global), \u00e0 faible charge et \u00e0 effet de serre r\u00e9duit ou presque nul, ce qui permet de minimiser les co\u00fbts \u00e9lev\u00e9s li\u00e9s \u00e0 l&#8217;utilisation de r\u00e9frig\u00e9rants HFC et de respecter les r\u00e9glementations environnementales.<\/p>\t\t\t\t\t\t\t\t<\/div>\n\t\t\t\t<\/div>\n\t\t\t\t<div class=\"elementor-element elementor-element-6779791 elementor-widget elementor-widget-heading\" data-id=\"6779791\" data-element_type=\"widget\" data-widget_type=\"heading.default\">\n\t\t\t\t<div class=\"elementor-widget-container\">\n\t\t\t\t\t<h3 class=\"elementor-heading-title elementor-size-default\">Les usines de CO2<\/h3>\t\t\t\t<\/div>\n\t\t\t\t<\/div>\n\t\t\t\t<div class=\"elementor-element elementor-element-f907146 elementor-widget elementor-widget-text-editor\" data-id=\"f907146\" data-element_type=\"widget\" data-widget_type=\"text-editor.default\">\n\t\t\t\t<div class=\"elementor-widget-container\">\n\t\t\t\t\t\t\t\t\t<p>Equipement de grande puissance avec double aspiration, assurant simultan\u00e9ment un service \u00e0 moyenne et tr\u00e8s basse temp\u00e9rature (cong\u00e9lation).<\/p>\t\t\t\t\t\t\t\t<\/div>\n\t\t\t\t<\/div>\n\t\t\t\t\t<\/div>\r\n\t\t\t\t<\/div>\r\n\t\t\t\t\t<\/div>\r\n\t\t\t\t<\/section>\r\n\t\t\t\t<section class=\"elementor-section elementor-inner-section elementor-element elementor-element-10a3f7c elementor-section-boxed elementor-section-height-default elementor-section-height-default\" data-id=\"10a3f7c\" data-element_type=\"section\">\r\n\t\t\r\n\t\t\t\t\t\t\t<div class=\"elementor-container elementor-column-gap-default\">\r\n\t\t\t\t\t\t\t\t\t\t\t<div class=\"elementor-column elementor-col-50 elementor-inner-column elementor-element elementor-element-fa7c134\" data-id=\"fa7c134\" data-element_type=\"column\">\r\n\t\t\t\t\t<div class=\"elementor-widget-wrap elementor-element-populated\">\r\n\t\t\t\t\t\t\t\t<div class=\"elementor-element elementor-element-ac62d68 elementor-widget elementor-widget-image\" data-id=\"ac62d68\" data-element_type=\"widget\" data-widget_type=\"image.default\">\n\t\t\t\t<div class=\"elementor-widget-container\">\n\t\t\t\t\t\t\t\t\t\t\t\t<figure class=\"wp-caption\">\n\t\t\t\t\t\t\t\t\t\t\t<a href=\"https:\/\/www.intarcon.com\/fr\/produit\/refroidisseurs-nh3-ammolite\/\">\n\t\t\t\t\t\t\t<img decoding=\"async\" src=\"https:\/\/www.intarcon.com\/wp-content\/uploads\/elementor\/thumbs\/planta-enfriadora-nh3-ammolite-qmuli7z6vlr6l0iefmei02lul2s50ztcv4f89uqens.webp\" title=\"planta-enfriadora-nh3-ammolite\" alt=\"Planta enfriadora NH3 para refrigeraci\u00f3n con amon\u00edaco - INTARCON\" loading=\"lazy\" \/>\t\t\t\t\t\t\t\t<\/a>\n\t\t\t\t\t\t\t\t\t\t\t<figcaption class=\"widget-image-caption wp-caption-text\"> Refroidisseurs NH3 ammolite - INTARCON<\/figcaption>\n\t\t\t\t\t\t\t\t\t\t<\/figure>\n\t\t\t\t\t\t\t\t\t<\/div>\n\t\t\t\t<\/div>\n\t\t\t\t\t<\/div>\r\n\t\t\t\t<\/div>\r\n\t\t\t\t<div class=\"elementor-column elementor-col-50 elementor-inner-column elementor-element elementor-element-8a08ff1\" data-id=\"8a08ff1\" data-element_type=\"column\">\r\n\t\t\t\t\t<div class=\"elementor-widget-wrap elementor-element-populated\">\r\n\t\t\t\t\t\t\t\t<div class=\"elementor-element elementor-element-700ca5b elementor-widget elementor-widget-image\" data-id=\"700ca5b\" data-element_type=\"widget\" data-widget_type=\"image.default\">\n\t\t\t\t<div class=\"elementor-widget-container\">\n\t\t\t\t\t\t\t\t\t\t\t\t<figure class=\"wp-caption\">\n\t\t\t\t\t\t\t\t\t\t\t<a href=\"https:\/\/www.intarcon.com\/fr\/technologie\/co2\/usines-de-co2\/\">\n\t\t\t\t\t\t\t<img decoding=\"async\" src=\"https:\/\/www.intarcon.com\/wp-content\/uploads\/elementor\/thumbs\/centrales-co2-q8qb062j4i2inzwnpilnque8po8850nbcvsn0y2m60.webp\" title=\"centrales-co2\" alt=\"Minicentrales CO2\" loading=\"lazy\" \/>\t\t\t\t\t\t\t\t<\/a>\n\t\t\t\t\t\t\t\t\t\t\t<figcaption class=\"widget-image-caption wp-caption-text\">Les usines de CO2 - INTARCON<\/figcaption>\n\t\t\t\t\t\t\t\t\t\t<\/figure>\n\t\t\t\t\t\t\t\t\t<\/div>\n\t\t\t\t<\/div>\n\t\t\t\t\t<\/div>\r\n\t\t\t\t<\/div>\r\n\t\t\t\t\t<\/div>\r\n\t\t\t\t<\/section>\r\n\t\t\t\t<section class=\"elementor-section elementor-inner-section elementor-element elementor-element-39ca835 elementor-section-boxed elementor-section-height-default elementor-section-height-default\" data-id=\"39ca835\" data-element_type=\"section\">\r\n\t\t\r\n\t\t\t\t\t\t\t<div class=\"elementor-container elementor-column-gap-default\">\r\n\t\t\t\t\t\t\t\t\t\t\t<div class=\"elementor-column elementor-col-100 elementor-inner-column elementor-element elementor-element-31ae9e3\" data-id=\"31ae9e3\" data-element_type=\"column\">\r\n\t\t\t\t\t<div class=\"elementor-widget-wrap elementor-element-populated\">\r\n\t\t\t\t\t\t\t\t<div class=\"elementor-element elementor-element-e559707 elementor-widget elementor-widget-heading\" data-id=\"e559707\" data-element_type=\"widget\" data-widget_type=\"heading.default\">\n\t\t\t\t<div class=\"elementor-widget-container\">\n\t\t\t\t\t<h3 class=\"elementor-heading-title elementor-size-default\">Syst\u00e8mes indirects<\/h3>\t\t\t\t<\/div>\n\t\t\t\t<\/div>\n\t\t\t\t<div class=\"elementor-element elementor-element-6b2b2b5 elementor-widget elementor-widget-text-editor\" data-id=\"6b2b2b5\" data-element_type=\"widget\" data-widget_type=\"text-editor.default\">\n\t\t\t\t<div class=\"elementor-widget-container\">\n\t\t\t\t\t\t\t\t\t<p>Les syst\u00e8mes de r\u00e9frig\u00e9ration \u00e0 l&#8217;eau glycol\u00e9e (<a href=\"https:\/\/www.intarcon.com\/fr\/technologie\/waterloop\/\">syst\u00e8me Waterloop<\/a>,<a href=\"https:\/\/www.intarcon.com\/fr\/technologie\/glicol\/refroidisseurs\/\"> installations de refroidissement<\/a>, anneau de glycol et <a href=\"https:\/\/www.intarcon.com\/fr\/technologie\/glicol\/refroidisseurs-dair\/\">refroidisseurs d&#8217;air<\/a>) r\u00e9duisent au minimum la charge de r\u00e9frig\u00e9rant dans le syst\u00e8me. Cela \u00e9limine le risque d&#8217;\u00e9ventuelles fuites de HFC et les co\u00fbts \u00e9lev\u00e9s de chargement des lignes de r\u00e9frig\u00e9rant. Outre le maintien d&#8217;une ligne de production et d&#8217;une atmosph\u00e8re exempte de contaminants, la r\u00e9duction du risque de d\u00e9t\u00e9rioration des produits et des risques potentiels pour le personnel et les produits stock\u00e9s.<\/p>\t\t\t\t\t\t\t\t<\/div>\n\t\t\t\t<\/div>\n\t\t\t\t\t<\/div>\r\n\t\t\t\t<\/div>\r\n\t\t\t\t\t<\/div>\r\n\t\t\t\t<\/section>\r\n\t\t\t\t<section class=\"elementor-section elementor-inner-section elementor-element elementor-element-b42bb1a elementor-section-boxed elementor-section-height-default elementor-section-height-default\" data-id=\"b42bb1a\" data-element_type=\"section\">\r\n\t\t\r\n\t\t\t\t\t\t\t<div class=\"elementor-container elementor-column-gap-default\">\r\n\t\t\t\t\t\t\t\t\t\t\t<div class=\"elementor-column elementor-col-50 elementor-inner-column elementor-element elementor-element-aa082a2\" data-id=\"aa082a2\" data-element_type=\"column\">\r\n\t\t\t\t\t<div class=\"elementor-widget-wrap elementor-element-populated\">\r\n\t\t\t\t\t\t\t\t<div class=\"elementor-element elementor-element-bb1e3e5 elementor-widget elementor-widget-image\" data-id=\"bb1e3e5\" data-element_type=\"widget\" data-widget_type=\"image.default\">\n\t\t\t\t<div class=\"elementor-widget-container\">\n\t\t\t\t\t\t\t\t\t\t\t\t<figure class=\"wp-caption\">\n\t\t\t\t\t\t\t\t\t\t\t<a href=\"https:\/\/www.intarcon.com\/fr\/technologie\/glicol\/refroidisseurs\/\">\n\t\t\t\t\t\t\t<img decoding=\"async\" src=\"https:\/\/www.intarcon.com\/wp-content\/uploads\/elementor\/thumbs\/air-cooled-glycol-chillers-1-q8qa9bsfytbr4uw8fwx6jm8e1kiwc639015hohvbug.jpg\" title=\"air-cooled-glycol-chillers\" alt=\"air-cooled-glycol-chillers\" loading=\"lazy\" \/>\t\t\t\t\t\t\t\t<\/a>\n\t\t\t\t\t\t\t\t\t\t\t<figcaption class=\"widget-image-caption wp-caption-text\">Refroidissement au glycol - INTARCON<\/figcaption>\n\t\t\t\t\t\t\t\t\t\t<\/figure>\n\t\t\t\t\t\t\t\t\t<\/div>\n\t\t\t\t<\/div>\n\t\t\t\t\t<\/div>\r\n\t\t\t\t<\/div>\r\n\t\t\t\t<div class=\"elementor-column elementor-col-50 elementor-inner-column elementor-element elementor-element-6bec66f\" data-id=\"6bec66f\" data-element_type=\"column\">\r\n\t\t\t\t\t<div class=\"elementor-widget-wrap elementor-element-populated\">\r\n\t\t\t\t\t\t\t\t<div class=\"elementor-element elementor-element-34ed399 elementor-widget elementor-widget-image\" data-id=\"34ed399\" data-element_type=\"widget\" data-widget_type=\"image.default\">\n\t\t\t\t<div class=\"elementor-widget-container\">\n\t\t\t\t\t\t\t\t\t\t\t\t<figure class=\"wp-caption\">\n\t\t\t\t\t\t\t\t\t\t\t<a href=\"https:\/\/www.intarcon.com\/fr\/technologie\/waterloop\/\">\n\t\t\t\t\t\t\t<img decoding=\"async\" src=\"https:\/\/www.intarcon.com\/wp-content\/uploads\/elementor\/thumbs\/bucle-de-agua-waterloop-intarcon-q8qb7i76gy43af8zv6rtphqrmy2d7yrw1742vp6zlk.webp\" title=\"bucle-de-agua-waterloop-intarcon\" alt=\"Sistema Waterloop - INTARCON\" loading=\"lazy\" \/>\t\t\t\t\t\t\t\t<\/a>\n\t\t\t\t\t\t\t\t\t\t\t<figcaption class=\"widget-image-caption wp-caption-text\">Syst\u00e8me de boucle d\u2019eau - INTARCON<\/figcaption>\n\t\t\t\t\t\t\t\t\t\t<\/figure>\n\t\t\t\t\t\t\t\t\t<\/div>\n\t\t\t\t<\/div>\n\t\t\t\t\t<\/div>\r\n\t\t\t\t<\/div>\r\n\t\t\t\t\t<\/div>\r\n\t\t\t\t<\/section>\r\n\t\t\t\t<div class=\"elementor-element elementor-element-102e7f3 elementor-widget elementor-widget-heading\" data-id=\"102e7f3\" data-element_type=\"widget\" data-widget_type=\"heading.default\">\n\t\t\t\t<div class=\"elementor-widget-container\">\n\t\t\t\t\t<h3 class=\"elementor-heading-title elementor-size-default\">\u00c9vaporateurs d'abattement pour tunnels de cong\u00e9lation<\/h3>\t\t\t\t<\/div>\n\t\t\t\t<\/div>\n\t\t\t\t<div class=\"elementor-element elementor-element-59d03a4 elementor-widget elementor-widget-text-editor\" data-id=\"59d03a4\" data-element_type=\"widget\" data-widget_type=\"text-editor.default\">\n\t\t\t\t<div class=\"elementor-widget-container\">\n\t\t\t\t\t\t\t\t\t<p>Ils constituent l&#8217;une des \u00e9tapes les plus importantes de la conservation des aliments, afin d&#8217;\u00e9viter les probl\u00e8mes typiques de la cong\u00e9lation dus \u00e0 la formation de cristaux de glace dans les espaces intercellulaires. L&#8217;eau s&#8217;\u00e9chappe alors des cellules pour compenser l&#8217;augmentation de la pression osmotique, ce qui entra\u00eene un dess\u00e8chement du produit et donc une perte de poids. \u00c0 cette fin, les \u00e9quipements ont \u00e9t\u00e9 con\u00e7us avec des ventilateurs \u00e0 haut d\u00e9bit et \u00e0 haute pression statique et des batteries \u00e0 haut rendement pour r\u00e9duire le temps de cong\u00e9lation et favoriser la formation de cristaux plus petits, r\u00e9duisant ainsi la perte des propri\u00e9t\u00e9s organoleptiques et physico-chimiques.<\/p>\t\t\t\t\t\t\t\t<\/div>\n\t\t\t\t<\/div>\n\t\t\t\t<section class=\"elementor-section elementor-inner-section elementor-element elementor-element-7ef2845 elementor-section-boxed elementor-section-height-default elementor-section-height-default\" data-id=\"7ef2845\" data-element_type=\"section\">\r\n\t\t\r\n\t\t\t\t\t\t\t<div class=\"elementor-container elementor-column-gap-default\">\r\n\t\t\t\t\t\t\t\t\t\t\t<div class=\"elementor-column elementor-col-100 elementor-inner-column elementor-element elementor-element-0cf7a0a\" data-id=\"0cf7a0a\" data-element_type=\"column\">\r\n\t\t\t\t\t<div class=\"elementor-widget-wrap elementor-element-populated\">\r\n\t\t\t\t\t\t\t\t<div class=\"elementor-element elementor-element-d13ea9c elementor-widget elementor-widget-heading\" data-id=\"d13ea9c\" data-element_type=\"widget\" data-widget_type=\"heading.default\">\n\t\t\t\t<div class=\"elementor-widget-container\">\n\t\t\t\t\t<h3 class=\"elementor-heading-title elementor-size-default\">Syst\u00e8mes d'assainissement de l'air et de st\u00e9rilisation par filtre HEPA<\/h3>\t\t\t\t<\/div>\n\t\t\t\t<\/div>\n\t\t\t\t<div class=\"elementor-element elementor-element-3a57923 elementor-widget elementor-widget-text-editor\" data-id=\"3a57923\" data-element_type=\"widget\" data-widget_type=\"text-editor.default\">\n\t\t\t\t<div class=\"elementor-widget-container\">\n\t\t\t\t\t\t\t\t\t<p>C&#8217;est le cas de notre <a href=\"https:\/\/www.intarcon.com\/fr\/intarsanit\/\">intarSANIT<\/a>, qui fonctionne par traitement \u00e0 la lumi\u00e8re ultraviolette-C (UV-C) dans les salles de transformation alimentaire et les zones ayant des exigences de contr\u00f4le strict des bioa\u00e9rosols et des particules en suspension (bact\u00e9ries, champignons, virus, PM2,5, etc.).<\/p>\t\t\t\t\t\t\t\t<\/div>\n\t\t\t\t<\/div>\n\t\t\t\t<div class=\"elementor-element elementor-element-1317acd elementor-widget elementor-widget-image\" data-id=\"1317acd\" data-element_type=\"widget\" data-widget_type=\"image.default\">\n\t\t\t\t<div class=\"elementor-widget-container\">\n\t\t\t\t\t\t\t\t\t\t\t\t<figure class=\"wp-caption\">\n\t\t\t\t\t\t\t\t\t\t<img decoding=\"async\" width=\"590\" height=\"160\" src=\"https:\/\/www.intarcon.com\/wp-content\/uploads\/2022\/11\/coupe-transversale-d-un-muscle-de-lapin.webp\" class=\"attachment-large size-large wp-image-72019\" alt=\"Coupe transversale d&#039;un muscle de lapin - INTARCON\" srcset=\"https:\/\/www.intarcon.com\/wp-content\/uploads\/2022\/11\/coupe-transversale-d-un-muscle-de-lapin.webp 590w, https:\/\/www.intarcon.com\/wp-content\/uploads\/2022\/11\/coupe-transversale-d-un-muscle-de-lapin-400x108.webp 400w, https:\/\/www.intarcon.com\/wp-content\/uploads\/2022\/11\/coupe-transversale-d-un-muscle-de-lapin-367x100.webp 367w\" sizes=\"(max-width: 590px) 100vw, 590px\" \/>\t\t\t\t\t\t\t\t\t\t\t<figcaption class=\"widget-image-caption wp-caption-text\">Coupe transversale d'un muscle de lapin (Caro Gonz\u00e1lez, J.R. &amp; Maldonado Vela, N.E. (2001). \u00c9tude des effets de la cong\u00e9lation comme m\u00e9thode de conservation des carcasses de lapins.<\/figcaption>\n\t\t\t\t\t\t\t\t\t\t<\/figure>\n\t\t\t\t\t\t\t\t\t<\/div>\n\t\t\t\t<\/div>\n\t\t\t\t<div class=\"elementor-element elementor-element-161c7fd elementor-widget elementor-widget-heading\" data-id=\"161c7fd\" data-element_type=\"widget\" data-widget_type=\"heading.default\">\n\t\t\t\t<div class=\"elementor-widget-container\">\n\t\t\t\t\t<h3 class=\"elementor-heading-title elementor-size-default\">Dimensionnement de la batterie pour un environnement tropicalis\u00e9 (45\u00baC et 50\u00baC)<\/h3>\t\t\t\t<\/div>\n\t\t\t\t<\/div>\n\t\t\t\t<div class=\"elementor-element elementor-element-5166878 elementor-widget elementor-widget-text-editor\" data-id=\"5166878\" data-element_type=\"widget\" data-widget_type=\"text-editor.default\">\n\t\t\t\t<div class=\"elementor-widget-container\">\n\t\t\t\t\t\t\t\t\t<p>L&#8217;augmentation des temp\u00e9ratures maximales et l&#8217;exportation vers les zones tropicales ont conduit \u00e0 la conception d&#8217;une batterie dont la plage de fonctionnement est adapt\u00e9e \u00e0 cette nouvelle situation.<\/p>\t\t\t\t\t\t\t\t<\/div>\n\t\t\t\t<\/div>\n\t\t\t\t<div class=\"elementor-element elementor-element-9257aa2 elementor-widget elementor-widget-heading\" data-id=\"9257aa2\" data-element_type=\"widget\" data-widget_type=\"heading.default\">\n\t\t\t\t<div class=\"elementor-widget-container\">\n\t\t\t\t\t<h3 class=\"elementor-heading-title elementor-size-default\">Des \u00e9quipements avec une conception et des fonctions sp\u00e9cifiques tels que :<\/h3>\t\t\t\t<\/div>\n\t\t\t\t<\/div>\n\t\t\t\t<div class=\"elementor-element elementor-element-cab4cf6 elementor-widget elementor-widget-text-editor\" data-id=\"cab4cf6\" data-element_type=\"widget\" data-widget_type=\"text-editor.default\">\n\t\t\t\t<div class=\"elementor-widget-container\">\n\t\t\t\t\t\t\t\t\t<ul><li>Syst\u00e8mes de<a href=\"https:\/\/www.intarcon.com\/fr\/produit\/caves\/\"> r\u00e9frig\u00e9ration pour caves \u00e0 vin.<\/a><\/li><li>\u00c9quipement de <a href=\"https:\/\/www.intarcon.com\/fr\/produit\/viande\/\">conservation et de maturation des viandes.<\/a><\/li><\/ul>\t\t\t\t\t\t\t\t<\/div>\n\t\t\t\t<\/div>\n\t\t\t\t\t<\/div>\r\n\t\t\t\t<\/div>\r\n\t\t\t\t\t<\/div>\r\n\t\t\t\t<\/section>\r\n\t\t\t\t<section class=\"elementor-section elementor-inner-section elementor-element elementor-element-a5cba62 elementor-section-boxed elementor-section-height-default elementor-section-height-default\" data-id=\"a5cba62\" data-element_type=\"section\">\r\n\t\t\r\n\t\t\t\t\t\t\t<div class=\"elementor-container elementor-column-gap-default\">\r\n\t\t\t\t\t\t\t\t\t\t\t<div class=\"elementor-column elementor-col-50 elementor-inner-column elementor-element elementor-element-aaa07ee\" data-id=\"aaa07ee\" data-element_type=\"column\">\r\n\t\t\t\t\t<div class=\"elementor-widget-wrap elementor-element-populated\">\r\n\t\t\t\t\t\t\t\t<div class=\"elementor-element elementor-element-4d9476c elementor-widget elementor-widget-image\" data-id=\"4d9476c\" data-element_type=\"widget\" data-widget_type=\"image.default\">\n\t\t\t\t<div class=\"elementor-widget-container\">\n\t\t\t\t\t\t\t\t\t\t\t\t<figure class=\"wp-caption\">\n\t\t\t\t\t\t\t\t\t\t\t<a href=\"https:\/\/www.intarcon.com\/fr\/intarsanit\/\">\n\t\t\t\t\t\t\t<img decoding=\"async\" src=\"https:\/\/www.intarcon.com\/wp-content\/uploads\/elementor\/thumbs\/ventilacion-renovacion-aire-intarsanit-tch-qmujpir4g56nfahq8nkzdedmk9ol70yhyvu126nyyg.webp\" title=\"ventilacion-renovacion-aire-intarsanit-tch\" alt=\"Equipo de ventilaci\u00f3n para la ventilaci\u00f3n y renovaci\u00f3n de aire intarSANIT - INTARCON\" loading=\"lazy\" \/>\t\t\t\t\t\t\t\t<\/a>\n\t\t\t\t\t\t\t\t\t\t\t<figcaption class=\"widget-image-caption wp-caption-text\">Traitement et purification de l'air  - INTARCON<\/figcaption>\n\t\t\t\t\t\t\t\t\t\t<\/figure>\n\t\t\t\t\t\t\t\t\t<\/div>\n\t\t\t\t<\/div>\n\t\t\t\t\t<\/div>\r\n\t\t\t\t<\/div>\r\n\t\t\t\t<div class=\"elementor-column elementor-col-50 elementor-inner-column elementor-element elementor-element-e281a45\" data-id=\"e281a45\" data-element_type=\"column\">\r\n\t\t\t\t\t<div class=\"elementor-widget-wrap elementor-element-populated\">\r\n\t\t\t\t\t\t\t\t<div class=\"elementor-element elementor-element-6d39c4e elementor-widget elementor-widget-image\" data-id=\"6d39c4e\" data-element_type=\"widget\" data-widget_type=\"image.default\">\n\t\t\t\t<div class=\"elementor-widget-container\">\n\t\t\t\t\t\t\t\t\t\t\t\t<figure class=\"wp-caption\">\n\t\t\t\t\t\t\t\t\t\t\t<a href=\"https:\/\/www.intarcon.com\/tecnologia\/hfc\/semicompactos-comerciales\/\">\n\t\t\t\t\t\t\t<img decoding=\"async\" src=\"https:\/\/www.intarcon.com\/wp-content\/uploads\/elementor\/thumbs\/semicompactos-comerciales-intarcon-q8qaah5cbiwdbp85qesrlbso6iv1qunftpuuso608o.jpg\" title=\"semicompactos-comerciales-intarcon\" alt=\"semicompactos-comerciales-intarcon\" loading=\"lazy\" \/>\t\t\t\t\t\t\t\t<\/a>\n\t\t\t\t\t\t\t\t\t\t\t<figcaption class=\"widget-image-caption wp-caption-text\">\u00c9quipements semi-compacts sp\u00e9cialement fabriqu\u00e9s - INTARCON<\/figcaption>\n\t\t\t\t\t\t\t\t\t\t<\/figure>\n\t\t\t\t\t\t\t\t\t<\/div>\n\t\t\t\t<\/div>\n\t\t\t\t\t<\/div>\r\n\t\t\t\t<\/div>\r\n\t\t\t\t\t<\/div>\r\n\t\t\t\t<\/section>\r\n\t\t\t\t<div class=\"elementor-element elementor-element-14474c0 elementor-widget elementor-widget-heading\" data-id=\"14474c0\" data-element_type=\"widget\" data-widget_type=\"heading.default\">\n\t\t\t\t<div class=\"elementor-widget-container\">\n\t\t\t\t\t<h3 class=\"elementor-heading-title elementor-size-default\">Conception d'\u00e9quipements avec des circuits de refroidissement ind\u00e9pendants<\/h3>\t\t\t\t<\/div>\n\t\t\t\t<\/div>\n\t\t\t\t<div class=\"elementor-element elementor-element-58479d3 elementor-widget elementor-widget-text-editor\" data-id=\"58479d3\" data-element_type=\"widget\" data-widget_type=\"text-editor.default\">\n\t\t\t\t<div class=\"elementor-widget-container\">\n\t\t\t\t\t\t\t\t\t<p>Il permet \u00e0 l&#8217;\u00e9quipement de continuer \u00e0 fonctionner \u00e0 une capacit\u00e9 de refroidissement inf\u00e9rieure en cas de d\u00e9faut, pendant que le circuit d\u00e9fectueux est entretenu ou r\u00e9par\u00e9.<\/p>\t\t\t\t\t\t\t\t<\/div>\n\t\t\t\t<\/div>\n\t\t\t\t<div class=\"elementor-element elementor-element-3841983 elementor-widget elementor-widget-heading\" data-id=\"3841983\" data-element_type=\"widget\" data-widget_type=\"heading.default\">\n\t\t\t\t<div class=\"elementor-widget-container\">\n\t\t\t\t\t<h3 class=\"elementor-heading-title elementor-size-default\">\u00c9quipements dont la conception et les fonctions permettent une meilleure efficacit\u00e9 \u00e9nerg\u00e9tique<\/h3>\t\t\t\t<\/div>\n\t\t\t\t<\/div>\n\t\t\t\t<div class=\"elementor-element elementor-element-0a9b0be elementor-widget elementor-widget-text-editor\" data-id=\"0a9b0be\" data-element_type=\"widget\" data-widget_type=\"text-editor.default\">\n\t\t\t\t<div class=\"elementor-widget-container\">\n\t\t\t\t\t\t\t\t\t<ul><li><span style=\"text-decoration: underline;\"><strong>Syst\u00e8me de variation de capacit\u00e9 (CRV).<\/strong><\/span> Ensemble de vannes permettant de faire varier progressivement la capacit\u00e9 de refroidissement d&#8217;un compresseur tout en r\u00e9duisant la puissance \u00e9lectrique absorb\u00e9e et en prot\u00e9geant le compresseur. Ce syst\u00e8me permet d&#8217;obtenir des temp\u00e9ratures de chambre uniformes avec moins d&#8217;arr\u00eats\/d\u00e9marrages du compresseur, ce qui permet de maintenir la pression de la ligne d&#8217;aspiration constante.<\/li><li><span style=\"text-decoration: underline;\"><strong>Syst\u00e8me d&#8217;injection de vapeur.<\/strong><\/span> Bas\u00e9 sur l&#8217;utilisation d&#8217;un \u00e9changeur qui provoque le sous-refroidissement du liquide \u00e0 la sortie du condenseur et l&#8217;\u00e9vaporation du r\u00e9frig\u00e9rant dans la ligne d&#8217;aspiration. De cette mani\u00e8re, il injecte de la vapeur \u00e0 mi-chemin du cycle de compression et r\u00e9duit la temp\u00e9rature de d\u00e9charge des gaz. Enfin, il augmente la capacit\u00e9 de refroidissement et l&#8217;efficacit\u00e9 du circuit frigorifique.<\/li><li><span style=\"text-decoration: underline;\"><strong>Free Cooling.<\/strong><\/span> Convient aux environnements o\u00f9 la temp\u00e9rature ext\u00e9rieure est suffisamment basse pendant les mois d&#8217;hiver. Il permet ainsi d&#8217;\u00e9changer la temp\u00e9rature de l&#8217;eau ou du glycol avec l&#8217;environnement pour se passer de la compression et de sa consommation \u00e9lectrique.<\/li><\/ul>\t\t\t\t\t\t\t\t<\/div>\n\t\t\t\t<\/div>\n\t\t\t\t<div class=\"elementor-element elementor-element-e637b10 elementor-widget elementor-widget-heading\" data-id=\"e637b10\" data-element_type=\"widget\" data-widget_type=\"heading.default\">\n\t\t\t\t<div class=\"elementor-widget-container\">\n\t\t\t\t\t<h3 class=\"elementor-heading-title elementor-size-default\">\u00c9quipement \u00e0 haut rendement \u00e9nerg\u00e9tique<\/h3>\t\t\t\t<\/div>\n\t\t\t\t<\/div>\n\t\t\t\t<div class=\"elementor-element elementor-element-abac068 elementor-widget elementor-widget-text-editor\" data-id=\"abac068\" data-element_type=\"widget\" data-widget_type=\"text-editor.default\">\n\t\t\t\t<div class=\"elementor-widget-container\">\n\t\t\t\t\t\t\t\t\t<ul><li><span style=\"text-decoration: underline;\"><strong>Syst\u00e8mes de r\u00e9cup\u00e9ration de la chaleur.<\/strong><\/span> Ils permettent \u00e0 l&#8217;\u00e9nergie thermique dissip\u00e9e dans le condenseur d&#8217;\u00eatre r\u00e9utilis\u00e9e par le syst\u00e8me, donnant naissance \u00e0 l&#8217;eau chaude sanitaire (ECS), n\u00e9cessaire \u00e0 l&#8217;assainissement des surfaces. \u00c9viter l&#8217;utilisation de syst\u00e8mes de combustion tels que les chaudi\u00e8res ou les syst\u00e8mes \u00e9lectriques pour l&#8217;obtenir (par exemple, brasserie, industrie laiti\u00e8re, etc.).<\/li><li><span style=\"text-decoration: underline;\"><strong>Condensation flottante.<\/strong><\/span> Dans les appareils \u00e0 condensation par air, il g\u00e9n\u00e8re d&#8217;importantes \u00e9conomies d&#8217;\u00e9nergie en permettant de moduler la vitesse des ventilateurs en fonction de la variation de la temp\u00e9rature ext\u00e9rieure.<\/li><li><span style=\"text-decoration: underline;\"><strong>D\u00e9givrage au gaz chaud.<\/strong><\/span> Il permet d&#8217;utiliser la temp\u00e9rature de refoulement \u00e9lev\u00e9e du compresseur pour d\u00e9givrer le givre form\u00e9 dans l&#8217;\u00e9vaporateur de la chambre, en \u00e9vitant l&#8217;apport de chaleur au moyen de r\u00e9sistances \u00e9lectriques et en r\u00e9duisant ainsi la consommation d&#8217;\u00e9lectricit\u00e9.<\/li><li><strong><span style=\"text-decoration: underline;\">D\u00e9cong\u00e9lation intelligente.<\/span><\/strong> Il s&#8217;agit d&#8217;effectuer les d\u00e9givrages n\u00e9cessaires et d&#8217;\u00e9carter les d\u00e9givrages programm\u00e9s, gr\u00e2ce \u00e0 l&#8217;enregistrement pr\u00e9alable de leur dur\u00e9e ou de l&#8217;heure de formation du givre.<\/li><li><span style=\"text-decoration: underline;\"><strong>Convertisseurs de fr\u00e9quence (<a href=\"https:\/\/www.intarcon.com\/fr\/produit\/refroidisseur-intarwatt-r290-full-inverter\/\">Inverter<\/a>).<\/strong><\/span> Ils sont appliqu\u00e9s aux compresseurs, ventilateurs et pompes hydrauliques, dans le but de r\u00e9duire la consommation d&#8217;\u00e9lectricit\u00e9 en effectuant des d\u00e9marrages progressifs \u00e9lectroniques et en modulant la vitesse de rotation des moteurs, prolongeant ainsi la dur\u00e9e de vie utile de ces composants.<\/li><\/ul>\t\t\t\t\t\t\t\t<\/div>\n\t\t\t\t<\/div>\n\t\t\t\t<div class=\"elementor-element elementor-element-68aec42 elementor-widget elementor-widget-image\" data-id=\"68aec42\" data-element_type=\"widget\" data-widget_type=\"image.default\">\n\t\t\t\t<div class=\"elementor-widget-container\">\n\t\t\t\t\t\t\t\t\t\t\t\t\t\t\t<img decoding=\"async\" width=\"1140\" height=\"445\" src=\"https:\/\/www.intarcon.com\/wp-content\/uploads\/2022\/09\/cabecera-evaporadores-de-refrigeracion-INTARCON.webp\" class=\"attachment-large size-large wp-image-69959\" alt=\"Cabecera evaporadores de refrigeraci\u00f3n INTARCON\" srcset=\"https:\/\/www.intarcon.com\/wp-content\/uploads\/2022\/09\/cabecera-evaporadores-de-refrigeracion-INTARCON.webp 1140w, https:\/\/www.intarcon.com\/wp-content\/uploads\/2022\/09\/cabecera-evaporadores-de-refrigeracion-INTARCON-768x300.webp 768w, https:\/\/www.intarcon.com\/wp-content\/uploads\/2022\/09\/cabecera-evaporadores-de-refrigeracion-INTARCON-640x250.webp 640w, https:\/\/www.intarcon.com\/wp-content\/uploads\/2022\/09\/cabecera-evaporadores-de-refrigeracion-INTARCON-400x156.webp 400w, https:\/\/www.intarcon.com\/wp-content\/uploads\/2022\/09\/cabecera-evaporadores-de-refrigeracion-INTARCON-367x143.webp 367w, https:\/\/www.intarcon.com\/wp-content\/uploads\/2022\/09\/cabecera-evaporadores-de-refrigeracion-INTARCON-600x234.webp 600w\" sizes=\"(max-width: 1140px) 100vw, 1140px\" \/>\t\t\t\t\t\t\t\t\t\t\t\t\t\t\t<\/div>\n\t\t\t\t<\/div>\n\t\t\t\t<div class=\"elementor-element elementor-element-52e2295 elementor-widget elementor-widget-heading\" data-id=\"52e2295\" data-element_type=\"widget\" data-widget_type=\"heading.default\">\n\t\t\t\t<div class=\"elementor-widget-container\">\n\t\t\t\t\t<h3 class=\"elementor-heading-title elementor-size-default\">En option<\/h3>\t\t\t\t<\/div>\n\t\t\t\t<\/div>\n\t\t\t\t<div class=\"elementor-element elementor-element-b37c8de elementor-widget elementor-widget-text-editor\" data-id=\"b37c8de\" data-element_type=\"widget\" data-widget_type=\"text-editor.default\">\n\t\t\t\t<div class=\"elementor-widget-container\">\n\t\t\t\t\t\t\t\t\t<p>Il convient \u00e9galement de mentionner certaines des options les plus importantes en mati\u00e8re de solutions de r\u00e9frig\u00e9ration pour l&#8217;industrie agroalimentaire :<\/p><ul><li style=\"list-style-type: none;\"><ul><li><span style=\"text-decoration: underline;\"><strong>Traitement anti-corrosion des batteries.<\/strong><\/span> Il s&#8217;agit d&#8217;un rev\u00eatement en polyur\u00e9thane qui emp\u00eache la corrosion de la batterie lorsqu&#8217;elle est expos\u00e9e \u00e0 des environnements salins et \u00e0 une forte humidit\u00e9 (par exemple : condenseurs dans les zones c\u00f4ti\u00e8res, \u00e9vaporateurs dans les chambres \u00e0 poissons ou \u00e0 fruits de mer, etc.)<\/li><li><span style=\"text-decoration: underline;\"><strong>Manches d&#8217;\u00e9chauffement.<\/strong><\/span> Ils emp\u00eachent la transmission de chaleur \u00e0 la chambre pendant le d\u00e9givrage de l&#8217;\u00e9vaporateur. Afin de minimiser les fluctuations de temp\u00e9rature \u00e0 l&#8217;int\u00e9rieur de la chambre et d&#8217;\u00e9viter toute perturbation de la cha\u00eene du froid.<\/li><li><a href=\"https:\/\/www.kiconex.com\/fr\/\"><span style=\"text-decoration: underline;\"><strong>Syst\u00e8me de digitalisation (Kiconex).<\/strong><\/span><\/a> Les progr\u00e8s r\u00e9alis\u00e9s dans le domaine de la surveillance des \u00e9quipements permettent une transformation majeure du secteur, entra\u00eenant des avanc\u00e9es dans :<br \/><ul><li>Automatisation et collecte de donn\u00e9es.<\/li><li>R\u00e9duction du temps pendant la maintenance pr\u00e9ventive.<\/li><li>Capacit\u00e9 d&#8217;anticiper et de visualiser \u00e0 distance les d\u00e9faillances potentielles des \u00e9quipements.<\/li><li>Contr\u00f4le exhaustif de l&#8217;\u00e9quipement permettant de r\u00e9gler \u00e0 distance le fonctionnement de l&#8217;\u00e9quipement.<\/li><\/ul><\/li><\/ul><\/li><\/ul><p>\u00c0 l&#8217;avenir, les exigences sociales augmenteront en ce qui concerne la s\u00e9curit\u00e9 alimentaire, la consommation efficace d&#8217;\u00e9nergie, l&#8217;utilisation de mat\u00e9riaux et d&#8217;\u00e9quipements durables, etc.<\/p><p>Entre-temps, <strong>INTARCON continue de travailler \u00e0 la r\u00e9solution des besoins futurs.<\/strong><\/p>\t\t\t\t\t\t\t\t<\/div>\n\t\t\t\t<\/div>\n\t\t\t\t<div class=\"elementor-element elementor-element-f26b010 elementor-widget elementor-widget-image\" data-id=\"f26b010\" data-element_type=\"widget\" data-widget_type=\"image.default\">\n\t\t\t\t<div class=\"elementor-widget-container\">\n\t\t\t\t\t\t\t\t\t\t\t\t\t\t\t\t<a href=\"https:\/\/www.intarcon.com\/fr\/conseils-techniques\/\">\n\t\t\t\t\t\t\t<img loading=\"lazy\" decoding=\"async\" width=\"1191\" height=\"347\" src=\"https:\/\/www.intarcon.com\/wp-content\/uploads\/2025\/08\/CTA-FR-SOLICITAR-ASESORIA-TECNICA.webp\" class=\"attachment-large size-large wp-image-95993\" alt=\"\" srcset=\"https:\/\/www.intarcon.com\/wp-content\/uploads\/2025\/08\/CTA-FR-SOLICITAR-ASESORIA-TECNICA.webp 1191w, https:\/\/www.intarcon.com\/wp-content\/uploads\/2025\/08\/CTA-FR-SOLICITAR-ASESORIA-TECNICA-768x224.webp 768w, https:\/\/www.intarcon.com\/wp-content\/uploads\/2025\/08\/CTA-FR-SOLICITAR-ASESORIA-TECNICA-640x186.webp 640w, https:\/\/www.intarcon.com\/wp-content\/uploads\/2025\/08\/CTA-FR-SOLICITAR-ASESORIA-TECNICA-400x117.webp 400w, https:\/\/www.intarcon.com\/wp-content\/uploads\/2025\/08\/CTA-FR-SOLICITAR-ASESORIA-TECNICA-367x107.webp 367w, https:\/\/www.intarcon.com\/wp-content\/uploads\/2025\/08\/CTA-FR-SOLICITAR-ASESORIA-TECNICA-600x175.webp 600w\" sizes=\"(max-width: 1191px) 100vw, 1191px\" \/>\t\t\t\t\t\t\t\t<\/a>\n\t\t\t\t\t\t\t\t\t\t\t\t\t\t\t<\/div>\n\t\t\t\t<\/div>\n\t\t\t\t\t<\/div>\r\n\t\t\t\t<\/div>\r\n\t\t\t\t\t<\/div>\r\n\t\t\t\t<\/section>\r\n\t\t\t\t<\/div>\n\t\t","protected":false},"excerpt":{"rendered":"<p>Nous connaissons tous les avantages socio-\u00e9conomiques et environnementaux qui d\u00e9coulent de l&#8217;augmentation de la dur\u00e9e de conservation des denr\u00e9es alimentaires. Nous le devons aux am\u00e9liorations et innovations constantes dans le secteur de la r\u00e9frig\u00e9ration pour l&#8217;industrie agroalimentaire. Mais comment y parvenir ? Comme le refl\u00e8te l&#8217;OMS (Organisation mondiale de la sant\u00e9), dans l&#8217;une de ses [&hellip;]<\/p>\n","protected":false},"author":2,"featured_media":72232,"comment_status":"closed","ping_status":"open","sticky":false,"template":"","format":"standard","meta":{"footnotes":""},"categories":[676],"tags":[],"class_list":["post-71978","post","type-post","status-publish","format-standard","has-post-thumbnail","hentry","category-refrigeracion-alimentos"],"featured_image_src":{"landsacpe":["https:\/\/www.intarcon.com\/wp-content\/uploads\/2022\/11\/refrigeracion-para-la-industria-agroalimentaria-1140x445.webp",1140,445,true],"list":["https:\/\/www.intarcon.com\/wp-content\/uploads\/2022\/11\/refrigeracion-para-la-industria-agroalimentaria-463x348.webp",463,348,true],"medium":["https:\/\/www.intarcon.com\/wp-content\/uploads\/2022\/11\/refrigeracion-para-la-industria-agroalimentaria.webp",2375,927,false],"full":["https:\/\/www.intarcon.com\/wp-content\/uploads\/2022\/11\/refrigeracion-para-la-industria-agroalimentaria.webp",2375,927,false]},"yoast_head":"<!-- This site is optimized with the Yoast SEO plugin v25.5 - https:\/\/yoast.com\/wordpress\/plugins\/seo\/ -->\n<title>r\u00e9frig\u00e9ration pour l&#039;industrie agroalimentaire - INTARCON<\/title>\n<meta name=\"description\" content=\"Que permettent les solutions de r\u00e9frig\u00e9ration pour l&#039;industrie agroalimentaire ? D\u00e9couvrez leur d\u00e9veloppement, leur \u00e9volution et leurs avantages.\" \/>\n<meta name=\"robots\" content=\"index, follow, max-snippet:-1, max-image-preview:large, max-video-preview:-1\" \/>\n<link rel=\"canonical\" href=\"https:\/\/www.intarcon.com\/fr\/solutions-de-refrigeration-pour-l-industrie-agroalimentaire\/\" \/>\n<meta property=\"og:locale\" content=\"fr_FR\" \/>\n<meta property=\"og:type\" content=\"article\" \/>\n<meta property=\"og:title\" content=\"r\u00e9frig\u00e9ration pour l&#039;industrie agroalimentaire - INTARCON\" \/>\n<meta property=\"og:description\" content=\"Que permettent les solutions de r\u00e9frig\u00e9ration pour l&#039;industrie agroalimentaire ? D\u00e9couvrez leur d\u00e9veloppement, leur \u00e9volution et leurs avantages.\" \/>\n<meta property=\"og:url\" content=\"https:\/\/www.intarcon.com\/fr\/solutions-de-refrigeration-pour-l-industrie-agroalimentaire\/\" \/>\n<meta property=\"og:site_name\" content=\"INTARCON\" \/>\n<meta property=\"article:publisher\" content=\"https:\/\/www.facebook.com\/intarcon\/\" \/>\n<meta property=\"article:published_time\" content=\"2022-11-24T11:42:22+00:00\" \/>\n<meta property=\"article:modified_time\" content=\"2025-08-06T11:56:17+00:00\" \/>\n<meta property=\"og:image\" content=\"https:\/\/www.intarcon.com\/wp-content\/uploads\/2022\/11\/refrigeracion-para-la-industria-agroalimentaria.webp\" \/>\n\t<meta property=\"og:image:width\" content=\"2375\" \/>\n\t<meta property=\"og:image:height\" content=\"927\" \/>\n\t<meta property=\"og:image:type\" content=\"image\/webp\" \/>\n<meta name=\"author\" content=\"INTARCON\" \/>\n<meta name=\"twitter:card\" content=\"summary_large_image\" \/>\n<meta name=\"twitter:creator\" content=\"@Intarcon\" \/>\n<meta name=\"twitter:site\" content=\"@Intarcon\" \/>\n<meta name=\"twitter:label1\" content=\"Written by\" \/>\n\t<meta name=\"twitter:data1\" content=\"INTARCON\" \/>\n\t<meta name=\"twitter:label2\" content=\"Est. reading time\" \/>\n\t<meta name=\"twitter:data2\" content=\"10 minutes\" \/>\n<script type=\"application\/ld+json\" class=\"yoast-schema-graph\">{\"@context\":\"https:\/\/schema.org\",\"@graph\":[{\"@type\":\"WebPage\",\"@id\":\"https:\/\/www.intarcon.com\/fr\/solutions-de-refrigeration-pour-l-industrie-agroalimentaire\/\",\"url\":\"https:\/\/www.intarcon.com\/fr\/solutions-de-refrigeration-pour-l-industrie-agroalimentaire\/\",\"name\":\"r\u00e9frig\u00e9ration pour l'industrie agroalimentaire - INTARCON\",\"isPartOf\":{\"@id\":\"https:\/\/www.intarcon.com\/fr\/#website\"},\"primaryImageOfPage\":{\"@id\":\"https:\/\/www.intarcon.com\/fr\/solutions-de-refrigeration-pour-l-industrie-agroalimentaire\/#primaryimage\"},\"image\":{\"@id\":\"https:\/\/www.intarcon.com\/fr\/solutions-de-refrigeration-pour-l-industrie-agroalimentaire\/#primaryimage\"},\"thumbnailUrl\":\"https:\/\/www.intarcon.com\/wp-content\/uploads\/2022\/11\/refrigeracion-para-la-industria-agroalimentaria.webp\",\"datePublished\":\"2022-11-24T11:42:22+00:00\",\"dateModified\":\"2025-08-06T11:56:17+00:00\",\"author\":{\"@id\":\"https:\/\/www.intarcon.com\/fr\/#\/schema\/person\/3953ab26cc806bd58bd91f8a62054c03\"},\"description\":\"Que permettent les solutions de r\u00e9frig\u00e9ration pour l'industrie agroalimentaire ? D\u00e9couvrez leur d\u00e9veloppement, leur \u00e9volution et leurs avantages.\",\"breadcrumb\":{\"@id\":\"https:\/\/www.intarcon.com\/fr\/solutions-de-refrigeration-pour-l-industrie-agroalimentaire\/#breadcrumb\"},\"inLanguage\":\"fr\",\"potentialAction\":[{\"@type\":\"ReadAction\",\"target\":[\"https:\/\/www.intarcon.com\/fr\/solutions-de-refrigeration-pour-l-industrie-agroalimentaire\/\"]}]},{\"@type\":\"ImageObject\",\"inLanguage\":\"fr\",\"@id\":\"https:\/\/www.intarcon.com\/fr\/solutions-de-refrigeration-pour-l-industrie-agroalimentaire\/#primaryimage\",\"url\":\"https:\/\/www.intarcon.com\/wp-content\/uploads\/2022\/11\/refrigeracion-para-la-industria-agroalimentaria.webp\",\"contentUrl\":\"https:\/\/www.intarcon.com\/wp-content\/uploads\/2022\/11\/refrigeracion-para-la-industria-agroalimentaria.webp\",\"width\":2375,\"height\":927,\"caption\":\"Soluciones de refrigeraci\u00f3n para la industria agroalimentaria - INTARCON\"},{\"@type\":\"BreadcrumbList\",\"@id\":\"https:\/\/www.intarcon.com\/fr\/solutions-de-refrigeration-pour-l-industrie-agroalimentaire\/#breadcrumb\",\"itemListElement\":[{\"@type\":\"ListItem\",\"position\":1,\"name\":\"Portada\",\"item\":\"https:\/\/www.intarcon.com\/fr\/\"},{\"@type\":\"ListItem\",\"position\":2,\"name\":\"R\u00e9frig\u00e9ration alimentaire\",\"item\":\"https:\/\/www.intarcon.com\/fr\/category\/refrigeration-alimentaire\/\"},{\"@type\":\"ListItem\",\"position\":3,\"name\":\"Solutions de r\u00e9frig\u00e9ration pour l&#8217;industrie agroalimentaire\"}]},{\"@type\":\"WebSite\",\"@id\":\"https:\/\/www.intarcon.com\/fr\/#website\",\"url\":\"https:\/\/www.intarcon.com\/fr\/\",\"name\":\"INTARCON\",\"description\":\"\",\"potentialAction\":[{\"@type\":\"SearchAction\",\"target\":{\"@type\":\"EntryPoint\",\"urlTemplate\":\"https:\/\/www.intarcon.com\/fr\/?s={search_term_string}\"},\"query-input\":{\"@type\":\"PropertyValueSpecification\",\"valueRequired\":true,\"valueName\":\"search_term_string\"}}],\"inLanguage\":\"fr\"},{\"@type\":\"Person\",\"@id\":\"https:\/\/www.intarcon.com\/fr\/#\/schema\/person\/3953ab26cc806bd58bd91f8a62054c03\",\"name\":\"INTARCON\",\"image\":{\"@type\":\"ImageObject\",\"inLanguage\":\"fr\",\"@id\":\"https:\/\/www.intarcon.com\/fr\/#\/schema\/person\/image\/\",\"url\":\"https:\/\/secure.gravatar.com\/avatar\/15e7dea3e8aff0fc73c1fbe5156ed313f6044f5727ad9a8c9752574cacdce03d?s=96&d=mm&r=g\",\"contentUrl\":\"https:\/\/secure.gravatar.com\/avatar\/15e7dea3e8aff0fc73c1fbe5156ed313f6044f5727ad9a8c9752574cacdce03d?s=96&d=mm&r=g\",\"caption\":\"INTARCON\"}}]}<\/script>\n<!-- \/ Yoast SEO plugin. -->","yoast_head_json":{"title":"r\u00e9frig\u00e9ration pour l'industrie agroalimentaire - INTARCON","description":"Que permettent les solutions de r\u00e9frig\u00e9ration pour l'industrie agroalimentaire ? D\u00e9couvrez leur d\u00e9veloppement, leur \u00e9volution et leurs avantages.","robots":{"index":"index","follow":"follow","max-snippet":"max-snippet:-1","max-image-preview":"max-image-preview:large","max-video-preview":"max-video-preview:-1"},"canonical":"https:\/\/www.intarcon.com\/fr\/solutions-de-refrigeration-pour-l-industrie-agroalimentaire\/","og_locale":"fr_FR","og_type":"article","og_title":"r\u00e9frig\u00e9ration pour l'industrie agroalimentaire - INTARCON","og_description":"Que permettent les solutions de r\u00e9frig\u00e9ration pour l'industrie agroalimentaire ? D\u00e9couvrez leur d\u00e9veloppement, leur \u00e9volution et leurs avantages.","og_url":"https:\/\/www.intarcon.com\/fr\/solutions-de-refrigeration-pour-l-industrie-agroalimentaire\/","og_site_name":"INTARCON","article_publisher":"https:\/\/www.facebook.com\/intarcon\/","article_published_time":"2022-11-24T11:42:22+00:00","article_modified_time":"2025-08-06T11:56:17+00:00","og_image":[{"width":2375,"height":927,"url":"https:\/\/www.intarcon.com\/wp-content\/uploads\/2022\/11\/refrigeracion-para-la-industria-agroalimentaria.webp","type":"image\/webp"}],"author":"INTARCON","twitter_card":"summary_large_image","twitter_creator":"@Intarcon","twitter_site":"@Intarcon","twitter_misc":{"Written by":"INTARCON","Est. reading time":"10 minutes"},"schema":{"@context":"https:\/\/schema.org","@graph":[{"@type":"WebPage","@id":"https:\/\/www.intarcon.com\/fr\/solutions-de-refrigeration-pour-l-industrie-agroalimentaire\/","url":"https:\/\/www.intarcon.com\/fr\/solutions-de-refrigeration-pour-l-industrie-agroalimentaire\/","name":"r\u00e9frig\u00e9ration pour l'industrie agroalimentaire - INTARCON","isPartOf":{"@id":"https:\/\/www.intarcon.com\/fr\/#website"},"primaryImageOfPage":{"@id":"https:\/\/www.intarcon.com\/fr\/solutions-de-refrigeration-pour-l-industrie-agroalimentaire\/#primaryimage"},"image":{"@id":"https:\/\/www.intarcon.com\/fr\/solutions-de-refrigeration-pour-l-industrie-agroalimentaire\/#primaryimage"},"thumbnailUrl":"https:\/\/www.intarcon.com\/wp-content\/uploads\/2022\/11\/refrigeracion-para-la-industria-agroalimentaria.webp","datePublished":"2022-11-24T11:42:22+00:00","dateModified":"2025-08-06T11:56:17+00:00","author":{"@id":"https:\/\/www.intarcon.com\/fr\/#\/schema\/person\/3953ab26cc806bd58bd91f8a62054c03"},"description":"Que permettent les solutions de r\u00e9frig\u00e9ration pour l'industrie agroalimentaire ? D\u00e9couvrez leur d\u00e9veloppement, leur \u00e9volution et leurs avantages.","breadcrumb":{"@id":"https:\/\/www.intarcon.com\/fr\/solutions-de-refrigeration-pour-l-industrie-agroalimentaire\/#breadcrumb"},"inLanguage":"fr","potentialAction":[{"@type":"ReadAction","target":["https:\/\/www.intarcon.com\/fr\/solutions-de-refrigeration-pour-l-industrie-agroalimentaire\/"]}]},{"@type":"ImageObject","inLanguage":"fr","@id":"https:\/\/www.intarcon.com\/fr\/solutions-de-refrigeration-pour-l-industrie-agroalimentaire\/#primaryimage","url":"https:\/\/www.intarcon.com\/wp-content\/uploads\/2022\/11\/refrigeracion-para-la-industria-agroalimentaria.webp","contentUrl":"https:\/\/www.intarcon.com\/wp-content\/uploads\/2022\/11\/refrigeracion-para-la-industria-agroalimentaria.webp","width":2375,"height":927,"caption":"Soluciones de refrigeraci\u00f3n para la industria agroalimentaria - INTARCON"},{"@type":"BreadcrumbList","@id":"https:\/\/www.intarcon.com\/fr\/solutions-de-refrigeration-pour-l-industrie-agroalimentaire\/#breadcrumb","itemListElement":[{"@type":"ListItem","position":1,"name":"Portada","item":"https:\/\/www.intarcon.com\/fr\/"},{"@type":"ListItem","position":2,"name":"R\u00e9frig\u00e9ration alimentaire","item":"https:\/\/www.intarcon.com\/fr\/category\/refrigeration-alimentaire\/"},{"@type":"ListItem","position":3,"name":"Solutions de r\u00e9frig\u00e9ration pour l&#8217;industrie agroalimentaire"}]},{"@type":"WebSite","@id":"https:\/\/www.intarcon.com\/fr\/#website","url":"https:\/\/www.intarcon.com\/fr\/","name":"INTARCON","description":"","potentialAction":[{"@type":"SearchAction","target":{"@type":"EntryPoint","urlTemplate":"https:\/\/www.intarcon.com\/fr\/?s={search_term_string}"},"query-input":{"@type":"PropertyValueSpecification","valueRequired":true,"valueName":"search_term_string"}}],"inLanguage":"fr"},{"@type":"Person","@id":"https:\/\/www.intarcon.com\/fr\/#\/schema\/person\/3953ab26cc806bd58bd91f8a62054c03","name":"INTARCON","image":{"@type":"ImageObject","inLanguage":"fr","@id":"https:\/\/www.intarcon.com\/fr\/#\/schema\/person\/image\/","url":"https:\/\/secure.gravatar.com\/avatar\/15e7dea3e8aff0fc73c1fbe5156ed313f6044f5727ad9a8c9752574cacdce03d?s=96&d=mm&r=g","contentUrl":"https:\/\/secure.gravatar.com\/avatar\/15e7dea3e8aff0fc73c1fbe5156ed313f6044f5727ad9a8c9752574cacdce03d?s=96&d=mm&r=g","caption":"INTARCON"}}]}},"_links":{"self":[{"href":"https:\/\/www.intarcon.com\/fr\/wp-json\/wp\/v2\/posts\/71978","targetHints":{"allow":["GET"]}}],"collection":[{"href":"https:\/\/www.intarcon.com\/fr\/wp-json\/wp\/v2\/posts"}],"about":[{"href":"https:\/\/www.intarcon.com\/fr\/wp-json\/wp\/v2\/types\/post"}],"author":[{"embeddable":true,"href":"https:\/\/www.intarcon.com\/fr\/wp-json\/wp\/v2\/users\/2"}],"replies":[{"embeddable":true,"href":"https:\/\/www.intarcon.com\/fr\/wp-json\/wp\/v2\/comments?post=71978"}],"version-history":[{"count":0,"href":"https:\/\/www.intarcon.com\/fr\/wp-json\/wp\/v2\/posts\/71978\/revisions"}],"wp:featuredmedia":[{"embeddable":true,"href":"https:\/\/www.intarcon.com\/fr\/wp-json\/wp\/v2\/media\/72232"}],"wp:attachment":[{"href":"https:\/\/www.intarcon.com\/fr\/wp-json\/wp\/v2\/media?parent=71978"}],"wp:term":[{"taxonomy":"category","embeddable":true,"href":"https:\/\/www.intarcon.com\/fr\/wp-json\/wp\/v2\/categories?post=71978"},{"taxonomy":"post_tag","embeddable":true,"href":"https:\/\/www.intarcon.com\/fr\/wp-json\/wp\/v2\/tags?post=71978"}],"curies":[{"name":"wp","href":"https:\/\/api.w.org\/{rel}","templated":true}]}}