{"id":6911,"date":"2014-10-18T21:25:41","date_gmt":"2014-10-18T19:25:41","guid":{"rendered":"https:\/\/www.intarcon.com\/wordpress\/?p=6911"},"modified":"2024-12-12T08:22:41","modified_gmt":"2024-12-12T07:22:41","slug":"chillventa-2014-las-tendances-de-la-refrigeration","status":"publish","type":"post","link":"https:\/\/www.intarcon.com\/fr\/chillventa-2014-las-tendances-de-la-refrigeration\/","title":{"rendered":"Chillventa 2014: les tendances de la r\u00e9frig\u00e9ration"},"content":{"rendered":"\t\t<div data-elementor-type=\"wp-post\" data-elementor-id=\"6911\" class=\"elementor elementor-6911 elementor-3233\" data-elementor-post-type=\"post\">\n\t\t\t\t\t\t<section class=\"elementor-section elementor-top-section elementor-element elementor-element-67f0a6fd elementor-section-boxed elementor-section-height-default elementor-section-height-default\" data-id=\"67f0a6fd\" data-element_type=\"section\">\r\n\t\t\r\n\t\t\t\t\t\t\t<div class=\"elementor-container elementor-column-gap-default\">\r\n\t\t\t\t\t\t\t\t\t\t\t<div class=\"elementor-column elementor-col-100 elementor-top-column elementor-element elementor-element-78dd46aa\" data-id=\"78dd46aa\" data-element_type=\"column\">\r\n\t\t\t\t\t<div class=\"elementor-widget-wrap elementor-element-populated\">\r\n\t\t\t\t\t\t\t\t<div class=\"elementor-element elementor-element-28008099 elementor-widget elementor-widget-text-editor\" data-id=\"28008099\" data-element_type=\"widget\" data-widget_type=\"text-editor.default\">\n\t\t\t\t<div class=\"elementor-widget-container\">\n\t\t\t\t\t\t\t\t\t<p>Recientemente tuvo lugar en Nuremberg la cuarta edici\u00f3n del sal\u00f3n internacional de Chillventa, el m\u00e1s importante encuentro europeo sobre la tecnolog\u00eda de la refrigeraci\u00f3n, la ventilaci\u00f3n y el aire acondicionado.<\/p><p>Esta \u00faltima edici\u00f3n de octubre de 2014, ha marcado r\u00e9cords con m\u00e1s de 30.000 visitantes y casi un millar de expositores. La dimensi\u00f3n internacional de Chillventa se hace patente en los 17.000 visitantes extranjeros de 110 pa\u00edses de todo el mundo y en los dos tercios de expositores extranjeros. Por su parte, el stand de Intarc\u00f3n en medio del Hall 4 recibi\u00f3 numerosos visitantes de los cinco continentes con gran inter\u00e9s en la reciente expansi\u00f3n internacional de la marca.<\/p><p>En esta edici\u00f3n de Chillventa Intarc\u00f3n destac\u00f3 soluciones reales frente al nuevo escenario de la normativa F-gas. As\u00ed pues, las propuestas a corto plazo de Intarc\u00f3n est\u00e1n enfocadas al aprovechamiento de las posibilidades de los HFCs en el futuro marco de viabilidad que impondr\u00e1 la normativa europea a partir de 2020. Por un lado, el \u00e9nfasis en soluciones conocidas de bajo \u00edndice PCA (Potencial de Calentamiento Atmosf\u00e9rico) como el gas refrigerante R134a, que se ha incorporado recientemente en todos los equipos de Intarc\u00f3n de media temperatura; y por otro, la reducci\u00f3n de la carga de refrigerante en los equipos compactos de Intarc\u00f3n hasta valores tan bajos como 0,3 kg de refrigerante por kW de potencia frigor\u00edfica.<\/p><h4>Chillventa 2014<\/h4><p>Chillventa, como foro tecnol\u00f3gico que se anticipa a la realidad del sector, nos ha dejado adem\u00e1s un amplio cat\u00e1logo de nuevas soluciones y propuestas de manos de fabricantes de equipos y componentes de refrigeraci\u00f3n. Como era previsible, y en la l\u00ednea de lo que vimos en Dusseldorf en el sal\u00f3n de EuroShop a principios de a\u00f1o, han destacado las propuestas de equipos con refrigerantes naturales como el CO2, y los hidrocarburos, por este orden de importancia y por encima de los refrigerantes sint\u00e9ticos de bajo \u00edndice PCA como los HFOs.<\/p><p>Cabe mencionar que la mayor\u00eda de las propuestas con CO2 como refrigerante est\u00e1n basadas en ciclos transcr\u00edticos de CO2, que si bien han penetrado con fuerza el sector de la refrigeraci\u00f3n del norte de Europa, su aplicaci\u00f3n a climas c\u00e1lidos como el de Espa\u00f1a es muy discutible. En cambio las soluciones basadas en ciclos subcr\u00edticos de CO2 han escaseado en Chillventa y parece ser un terreno a\u00fan por desarrollar.<\/p><p>Por su parte, los fabricantes de gases exhib\u00edan un abanico de refrigerantes de bajo \u00edndice PCA a base de mezclas varias de HFC, HFO y HC, algunas de las cuales ya disponen de referencia ASHRAE, tales como el R448 o R449.<\/p><p>En definitiva, Chillventa no ha sorprendido este a\u00f1os con grandes novedades, pero s\u00ed parece afianzar la senda del sector ante la incertidumbre que reina en torno al escenario normativo en Europa de la pr\u00f3xima d\u00e9cada.<\/p><p>\u00a0<\/p>\t\t\t\t\t\t\t\t<\/div>\n\t\t\t\t<\/div>\n\t\t\t\t\t<\/div>\r\n\t\t\t\t<\/div>\r\n\t\t\t\t\t<\/div>\r\n\t\t\t\t<\/section>\r\n\t\t\t\t<\/div>\n\t\t","protected":false},"excerpt":{"rendered":"<p>Recientemente tuvo lugar en Nuremberg la cuarta edici\u00f3n del sal\u00f3n internacional de Chillventa, el m\u00e1s importante encuentro europeo sobre la tecnolog\u00eda de la refrigeraci\u00f3n, la ventilaci\u00f3n y el aire acondicionado. Esta \u00faltima edici\u00f3n de octubre de 2014, ha marcado r\u00e9cords con m\u00e1s de 30.000 visitantes y casi un millar de expositores. La dimensi\u00f3n internacional de [&hellip;]<\/p>\n","protected":false},"author":2,"featured_media":6915,"comment_status":"closed","ping_status":"open","sticky":false,"template":"","format":"standard","meta":{"footnotes":""},"categories":[468],"tags":[],"class_list":["post-6911","post","type-post","status-publish","format-standard","has-post-thumbnail","hentry","category-noticias"],"featured_image_src":{"landsacpe":["https:\/\/www.intarcon.com\/wp-content\/uploads\/2014\/10\/Chillventa14.jpg",591,445,false],"list":["https:\/\/www.intarcon.com\/wp-content\/uploads\/2014\/10\/Chillventa14.jpg",463,348,false],"medium":["https:\/\/www.intarcon.com\/wp-content\/uploads\/2014\/10\/Chillventa14.jpg","638","480",false],"full":["https:\/\/www.intarcon.com\/wp-content\/uploads\/2014\/10\/Chillventa14.jpg",638,480,false]},"yoast_head":"<!-- This site is optimized with the Yoast SEO plugin v25.5 - https:\/\/yoast.com\/wordpress\/plugins\/seo\/ -->\n<title>Chillventa 2014: les tendances de la r\u00e9frig\u00e9ration - INTARCON<\/title>\n<meta name=\"description\" content=\"R\u00e9cemment la 4\u00e8me \u00e9dition de Chillventa, le plus important rencontre europ\u00e9en de technologie en r\u00e9frig\u00e9ration, ventilation et l\u2019air conditionn\u00e9, a eu lieu \u00e0 Nuremberg\" \/>\n<meta name=\"robots\" content=\"index, follow, max-snippet:-1, max-image-preview:large, max-video-preview:-1\" \/>\n<link rel=\"canonical\" href=\"https:\/\/www.intarcon.com\/fr\/chillventa-2014-las-tendances-de-la-refrigeration\/\" \/>\n<meta property=\"og:locale\" content=\"fr_FR\" \/>\n<meta property=\"og:type\" content=\"article\" \/>\n<meta property=\"og:title\" content=\"Chillventa 2014: les tendances de la r\u00e9frig\u00e9ration - INTARCON\" \/>\n<meta property=\"og:description\" content=\"R\u00e9cemment la 4\u00e8me \u00e9dition de Chillventa, le plus important rencontre europ\u00e9en de technologie en r\u00e9frig\u00e9ration, ventilation et l\u2019air conditionn\u00e9, a eu lieu \u00e0 Nuremberg\" \/>\n<meta property=\"og:url\" content=\"https:\/\/www.intarcon.com\/fr\/chillventa-2014-las-tendances-de-la-refrigeration\/\" \/>\n<meta property=\"og:site_name\" content=\"INTARCON\" \/>\n<meta property=\"article:publisher\" content=\"https:\/\/www.facebook.com\/intarcon\/\" \/>\n<meta property=\"article:published_time\" content=\"2014-10-18T19:25:41+00:00\" \/>\n<meta property=\"article:modified_time\" content=\"2024-12-12T07:22:41+00:00\" \/>\n<meta property=\"og:image\" content=\"https:\/\/www.intarcon.com\/wp-content\/uploads\/2014\/10\/Chillventa14.jpg\" \/>\n\t<meta property=\"og:image:width\" content=\"638\" \/>\n\t<meta property=\"og:image:height\" content=\"480\" \/>\n\t<meta property=\"og:image:type\" content=\"image\/jpeg\" \/>\n<meta name=\"author\" content=\"INTARCON\" \/>\n<meta name=\"twitter:card\" content=\"summary_large_image\" \/>\n<meta name=\"twitter:creator\" content=\"@Intarcon\" \/>\n<meta name=\"twitter:site\" content=\"@Intarcon\" \/>\n<meta name=\"twitter:label1\" content=\"Written by\" \/>\n\t<meta name=\"twitter:data1\" content=\"INTARCON\" \/>\n\t<meta name=\"twitter:label2\" content=\"Est. reading time\" \/>\n\t<meta name=\"twitter:data2\" content=\"2 minutes\" \/>\n<script type=\"application\/ld+json\" class=\"yoast-schema-graph\">{\"@context\":\"https:\/\/schema.org\",\"@graph\":[{\"@type\":\"WebPage\",\"@id\":\"https:\/\/www.intarcon.com\/fr\/chillventa-2014-las-tendances-de-la-refrigeration\/\",\"url\":\"https:\/\/www.intarcon.com\/fr\/chillventa-2014-las-tendances-de-la-refrigeration\/\",\"name\":\"Chillventa 2014: les tendances de la r\u00e9frig\u00e9ration - INTARCON\",\"isPartOf\":{\"@id\":\"https:\/\/www.intarcon.com\/fr\/#website\"},\"primaryImageOfPage\":{\"@id\":\"https:\/\/www.intarcon.com\/fr\/chillventa-2014-las-tendances-de-la-refrigeration\/#primaryimage\"},\"image\":{\"@id\":\"https:\/\/www.intarcon.com\/fr\/chillventa-2014-las-tendances-de-la-refrigeration\/#primaryimage\"},\"thumbnailUrl\":\"https:\/\/www.intarcon.com\/wp-content\/uploads\/2014\/10\/Chillventa14.jpg\",\"datePublished\":\"2014-10-18T19:25:41+00:00\",\"dateModified\":\"2024-12-12T07:22:41+00:00\",\"author\":{\"@id\":\"https:\/\/www.intarcon.com\/fr\/#\/schema\/person\/3953ab26cc806bd58bd91f8a62054c03\"},\"description\":\"R\u00e9cemment la 4\u00e8me \u00e9dition de Chillventa, le plus important rencontre europ\u00e9en de technologie en r\u00e9frig\u00e9ration, ventilation et l\u2019air conditionn\u00e9, a eu lieu \u00e0 Nuremberg\",\"breadcrumb\":{\"@id\":\"https:\/\/www.intarcon.com\/fr\/chillventa-2014-las-tendances-de-la-refrigeration\/#breadcrumb\"},\"inLanguage\":\"fr\",\"potentialAction\":[{\"@type\":\"ReadAction\",\"target\":[\"https:\/\/www.intarcon.com\/fr\/chillventa-2014-las-tendances-de-la-refrigeration\/\"]}]},{\"@type\":\"ImageObject\",\"inLanguage\":\"fr\",\"@id\":\"https:\/\/www.intarcon.com\/fr\/chillventa-2014-las-tendances-de-la-refrigeration\/#primaryimage\",\"url\":\"https:\/\/www.intarcon.com\/wp-content\/uploads\/2014\/10\/Chillventa14.jpg\",\"contentUrl\":\"https:\/\/www.intarcon.com\/wp-content\/uploads\/2014\/10\/Chillventa14.jpg\",\"width\":\"638\",\"height\":\"480\",\"caption\":\"chillventa-2014-las-tendencias-de-la-refrigeracion\"},{\"@type\":\"BreadcrumbList\",\"@id\":\"https:\/\/www.intarcon.com\/fr\/chillventa-2014-las-tendances-de-la-refrigeration\/#breadcrumb\",\"itemListElement\":[{\"@type\":\"ListItem\",\"position\":1,\"name\":\"Portada\",\"item\":\"https:\/\/www.intarcon.com\/fr\/\"},{\"@type\":\"ListItem\",\"position\":2,\"name\":\"Nouveaut\u00e9s\",\"item\":\"https:\/\/www.intarcon.com\/fr\/category\/nouveautes\/\"},{\"@type\":\"ListItem\",\"position\":3,\"name\":\"Chillventa 2014: les tendances de la r\u00e9frig\u00e9ration\"}]},{\"@type\":\"WebSite\",\"@id\":\"https:\/\/www.intarcon.com\/fr\/#website\",\"url\":\"https:\/\/www.intarcon.com\/fr\/\",\"name\":\"INTARCON\",\"description\":\"\",\"potentialAction\":[{\"@type\":\"SearchAction\",\"target\":{\"@type\":\"EntryPoint\",\"urlTemplate\":\"https:\/\/www.intarcon.com\/fr\/?s={search_term_string}\"},\"query-input\":{\"@type\":\"PropertyValueSpecification\",\"valueRequired\":true,\"valueName\":\"search_term_string\"}}],\"inLanguage\":\"fr\"},{\"@type\":\"Person\",\"@id\":\"https:\/\/www.intarcon.com\/fr\/#\/schema\/person\/3953ab26cc806bd58bd91f8a62054c03\",\"name\":\"INTARCON\",\"image\":{\"@type\":\"ImageObject\",\"inLanguage\":\"fr\",\"@id\":\"https:\/\/www.intarcon.com\/fr\/#\/schema\/person\/image\/\",\"url\":\"https:\/\/secure.gravatar.com\/avatar\/15e7dea3e8aff0fc73c1fbe5156ed313f6044f5727ad9a8c9752574cacdce03d?s=96&d=mm&r=g\",\"contentUrl\":\"https:\/\/secure.gravatar.com\/avatar\/15e7dea3e8aff0fc73c1fbe5156ed313f6044f5727ad9a8c9752574cacdce03d?s=96&d=mm&r=g\",\"caption\":\"INTARCON\"}}]}<\/script>\n<!-- \/ Yoast SEO plugin. -->","yoast_head_json":{"title":"Chillventa 2014: les tendances de la r\u00e9frig\u00e9ration - INTARCON","description":"R\u00e9cemment la 4\u00e8me \u00e9dition de Chillventa, le plus important rencontre europ\u00e9en de technologie en r\u00e9frig\u00e9ration, ventilation et l\u2019air conditionn\u00e9, a eu lieu \u00e0 Nuremberg","robots":{"index":"index","follow":"follow","max-snippet":"max-snippet:-1","max-image-preview":"max-image-preview:large","max-video-preview":"max-video-preview:-1"},"canonical":"https:\/\/www.intarcon.com\/fr\/chillventa-2014-las-tendances-de-la-refrigeration\/","og_locale":"fr_FR","og_type":"article","og_title":"Chillventa 2014: les tendances de la r\u00e9frig\u00e9ration - INTARCON","og_description":"R\u00e9cemment la 4\u00e8me \u00e9dition de Chillventa, le plus important rencontre europ\u00e9en de technologie en r\u00e9frig\u00e9ration, ventilation et l\u2019air conditionn\u00e9, a eu lieu \u00e0 Nuremberg","og_url":"https:\/\/www.intarcon.com\/fr\/chillventa-2014-las-tendances-de-la-refrigeration\/","og_site_name":"INTARCON","article_publisher":"https:\/\/www.facebook.com\/intarcon\/","article_published_time":"2014-10-18T19:25:41+00:00","article_modified_time":"2024-12-12T07:22:41+00:00","og_image":[{"width":638,"height":480,"url":"https:\/\/www.intarcon.com\/wp-content\/uploads\/2014\/10\/Chillventa14.jpg","type":"image\/jpeg"}],"author":"INTARCON","twitter_card":"summary_large_image","twitter_creator":"@Intarcon","twitter_site":"@Intarcon","twitter_misc":{"Written by":"INTARCON","Est. reading time":"2 minutes"},"schema":{"@context":"https:\/\/schema.org","@graph":[{"@type":"WebPage","@id":"https:\/\/www.intarcon.com\/fr\/chillventa-2014-las-tendances-de-la-refrigeration\/","url":"https:\/\/www.intarcon.com\/fr\/chillventa-2014-las-tendances-de-la-refrigeration\/","name":"Chillventa 2014: les tendances de la r\u00e9frig\u00e9ration - INTARCON","isPartOf":{"@id":"https:\/\/www.intarcon.com\/fr\/#website"},"primaryImageOfPage":{"@id":"https:\/\/www.intarcon.com\/fr\/chillventa-2014-las-tendances-de-la-refrigeration\/#primaryimage"},"image":{"@id":"https:\/\/www.intarcon.com\/fr\/chillventa-2014-las-tendances-de-la-refrigeration\/#primaryimage"},"thumbnailUrl":"https:\/\/www.intarcon.com\/wp-content\/uploads\/2014\/10\/Chillventa14.jpg","datePublished":"2014-10-18T19:25:41+00:00","dateModified":"2024-12-12T07:22:41+00:00","author":{"@id":"https:\/\/www.intarcon.com\/fr\/#\/schema\/person\/3953ab26cc806bd58bd91f8a62054c03"},"description":"R\u00e9cemment la 4\u00e8me \u00e9dition de Chillventa, le plus important rencontre europ\u00e9en de technologie en r\u00e9frig\u00e9ration, ventilation et l\u2019air conditionn\u00e9, a eu lieu \u00e0 Nuremberg","breadcrumb":{"@id":"https:\/\/www.intarcon.com\/fr\/chillventa-2014-las-tendances-de-la-refrigeration\/#breadcrumb"},"inLanguage":"fr","potentialAction":[{"@type":"ReadAction","target":["https:\/\/www.intarcon.com\/fr\/chillventa-2014-las-tendances-de-la-refrigeration\/"]}]},{"@type":"ImageObject","inLanguage":"fr","@id":"https:\/\/www.intarcon.com\/fr\/chillventa-2014-las-tendances-de-la-refrigeration\/#primaryimage","url":"https:\/\/www.intarcon.com\/wp-content\/uploads\/2014\/10\/Chillventa14.jpg","contentUrl":"https:\/\/www.intarcon.com\/wp-content\/uploads\/2014\/10\/Chillventa14.jpg","width":"638","height":"480","caption":"chillventa-2014-las-tendencias-de-la-refrigeracion"},{"@type":"BreadcrumbList","@id":"https:\/\/www.intarcon.com\/fr\/chillventa-2014-las-tendances-de-la-refrigeration\/#breadcrumb","itemListElement":[{"@type":"ListItem","position":1,"name":"Portada","item":"https:\/\/www.intarcon.com\/fr\/"},{"@type":"ListItem","position":2,"name":"Nouveaut\u00e9s","item":"https:\/\/www.intarcon.com\/fr\/category\/nouveautes\/"},{"@type":"ListItem","position":3,"name":"Chillventa 2014: les tendances de la r\u00e9frig\u00e9ration"}]},{"@type":"WebSite","@id":"https:\/\/www.intarcon.com\/fr\/#website","url":"https:\/\/www.intarcon.com\/fr\/","name":"INTARCON","description":"","potentialAction":[{"@type":"SearchAction","target":{"@type":"EntryPoint","urlTemplate":"https:\/\/www.intarcon.com\/fr\/?s={search_term_string}"},"query-input":{"@type":"PropertyValueSpecification","valueRequired":true,"valueName":"search_term_string"}}],"inLanguage":"fr"},{"@type":"Person","@id":"https:\/\/www.intarcon.com\/fr\/#\/schema\/person\/3953ab26cc806bd58bd91f8a62054c03","name":"INTARCON","image":{"@type":"ImageObject","inLanguage":"fr","@id":"https:\/\/www.intarcon.com\/fr\/#\/schema\/person\/image\/","url":"https:\/\/secure.gravatar.com\/avatar\/15e7dea3e8aff0fc73c1fbe5156ed313f6044f5727ad9a8c9752574cacdce03d?s=96&d=mm&r=g","contentUrl":"https:\/\/secure.gravatar.com\/avatar\/15e7dea3e8aff0fc73c1fbe5156ed313f6044f5727ad9a8c9752574cacdce03d?s=96&d=mm&r=g","caption":"INTARCON"}}]}},"_links":{"self":[{"href":"https:\/\/www.intarcon.com\/fr\/wp-json\/wp\/v2\/posts\/6911","targetHints":{"allow":["GET"]}}],"collection":[{"href":"https:\/\/www.intarcon.com\/fr\/wp-json\/wp\/v2\/posts"}],"about":[{"href":"https:\/\/www.intarcon.com\/fr\/wp-json\/wp\/v2\/types\/post"}],"author":[{"embeddable":true,"href":"https:\/\/www.intarcon.com\/fr\/wp-json\/wp\/v2\/users\/2"}],"replies":[{"embeddable":true,"href":"https:\/\/www.intarcon.com\/fr\/wp-json\/wp\/v2\/comments?post=6911"}],"version-history":[{"count":0,"href":"https:\/\/www.intarcon.com\/fr\/wp-json\/wp\/v2\/posts\/6911\/revisions"}],"wp:featuredmedia":[{"embeddable":true,"href":"https:\/\/www.intarcon.com\/fr\/wp-json\/wp\/v2\/media\/6915"}],"wp:attachment":[{"href":"https:\/\/www.intarcon.com\/fr\/wp-json\/wp\/v2\/media?parent=6911"}],"wp:term":[{"taxonomy":"category","embeddable":true,"href":"https:\/\/www.intarcon.com\/fr\/wp-json\/wp\/v2\/categories?post=6911"},{"taxonomy":"post_tag","embeddable":true,"href":"https:\/\/www.intarcon.com\/fr\/wp-json\/wp\/v2\/tags?post=6911"}],"curies":[{"name":"wp","href":"https:\/\/api.w.org\/{rel}","templated":true}]}}