{"id":54953,"date":"2022-03-31T14:29:57","date_gmt":"2022-03-31T12:29:57","guid":{"rendered":"https:\/\/www.intarcon.com\/?p=54953"},"modified":"2022-05-31T10:33:13","modified_gmt":"2022-05-31T08:33:13","slug":"engages-dans-la-formation","status":"publish","type":"post","link":"https:\/\/www.intarcon.com\/fr\/engages-dans-la-formation\/","title":{"rendered":"Engag\u00e9s dans la formation"},"content":{"rendered":"\t\t<div data-elementor-type=\"wp-post\" data-elementor-id=\"54953\" class=\"elementor elementor-54953 elementor-54882\" data-elementor-post-type=\"post\">\n\t\t\t\t\t\t<section class=\"elementor-section elementor-top-section elementor-element elementor-element-5048cb00 elementor-section-boxed elementor-section-height-default elementor-section-height-default\" data-id=\"5048cb00\" data-element_type=\"section\">\r\n\t\t\r\n\t\t\t\t\t\t\t<div class=\"elementor-container elementor-column-gap-default\">\r\n\t\t\t\t\t\t\t\t\t\t\t<div class=\"elementor-column elementor-col-100 elementor-top-column elementor-element elementor-element-e73a526\" data-id=\"e73a526\" data-element_type=\"column\">\r\n\t\t\t\t\t<div class=\"elementor-widget-wrap elementor-element-populated\">\r\n\t\t\t\t\t\t\t\t<div class=\"elementor-element elementor-element-11c8b7d9 elementor-widget elementor-widget-text-editor\" data-id=\"11c8b7d9\" data-element_type=\"widget\" data-widget_type=\"text-editor.default\">\n\t\t\t\t<div class=\"elementor-widget-container\">\n\t\t\t\t\t\t\t\t\tDepuis ses d\u00e9buts, INTARCON s&#8217;est engag\u00e9 \u00e0 former les jeunes qui seront les professionnels de demain. La preuve en est le soutien et la participation constants \u00e0 des activit\u00e9s et programmes de formation, ainsi que la collaboration avec la FP Dual.\r\n\r\nAu cours de l&#8217;ann\u00e9e \u00e9coul\u00e9e, INTARCON a embauch\u00e9 plus de 20 personnes issues de formations professionnelles pour des m\u00e9tiers aussi divers que la programmation web, la soudure, l&#8217;\u00e9lectricit\u00e9 ou les installations thermiques pour le service d&#8217;assistance technique.\r\n<h3><strong>Programmes de formation auxquels INTARCON a particip\u00e9<\/strong><\/h3>\r\n<ul>\r\n \t<li>Projet de l&#8217;<strong>Alliance pour la formation professionnelle duale de la <a href=\"http:\/\/www.fundacionbertelsmann.org\/\">Fondation Bertelsmann<\/a><\/strong>. La Fondation vise \u00e0 am\u00e9liorer la formation et l&#8217;employabilit\u00e9 de nos jeunes.<\/li>\r\n \t<li>Sponsorisation du concours <a href=\"https:\/\/spain-skills.es\/\"><strong>SpainSkill<\/strong> <\/a>qui s&#8217;est tenu \u00e0 IFEMA (Madrid). INTARCON a fait don de 15 <a href=\"https:\/\/www.intarcon.com\/fr\/technologie\/hfc\/unites-de-condensation\/\">unit\u00e9s de condensation<\/a> pour le concours dans la cat\u00e9gorie des installations de r\u00e9frig\u00e9ration. L&#8217;objectif de l&#8217;activit\u00e9 est de r\u00e9aliser une installation avec les diff\u00e9rents composants qui composent le syst\u00e8me de r\u00e9frig\u00e9ration, en plus, les participants puissent d\u00e9montrer leurs comp\u00e9tences en mati\u00e8re de soudage de tuyaux et de manipulation de fluides frigorig\u00e8nes qui ne causent pas de dommages \u00e0 l&#8217;environnement.<\/li>\r\n \t<li><strong>Conf\u00e9rence sur l&#8217;orientation professionnelle<\/strong> organis\u00e9e par <a href=\"https:\/\/sienaeducacion.com\/\">Siena Educaci\u00f3n<\/a>, en collaboration avec AEFYT. Juan Manuel Ca\u00f1adas, ing\u00e9nieur technico-commercial d&#8217;INTARCON a pu partager son exp\u00e9rience avec de jeunes lyc\u00e9ens qui d\u00e9cident de leur avenir scolaire et\/ou professionnel. L&#8217;objectif de cette conf\u00e9rence est d&#8217;attirer les talents vers le secteur de la r\u00e9frig\u00e9ration.<\/li>\r\n \t<li><strong>Grenn Cooling Programme<\/strong> de la Soci\u00e9t\u00e9 allemande pour la coop\u00e9ration internationale (<a href=\"https:\/\/www.giz.de\/de\/html\/index.html\">GIZ<\/a>). INTARCON a livr\u00e9 des unit\u00e9s <a href=\"https:\/\/www.intarcon.com\/fr\/produit\/intarblock-r290\/\">monoblocs R290<\/a> \u00e0 la Fondation Hedwig et Robert Samuel au Costa Rica. Cette initiative internationale vise \u00e0 lutter contre le changement climatique et \u00e0 promouvoir les technologies respectueuses de l&#8217;environnement dans le domaine de la r\u00e9frig\u00e9ration.<\/li>\r\n \t<li><strong>Atelier de r\u00e9frig\u00e9ration<\/strong> organis\u00e9 par <a href=\"https:\/\/www.aefyt.es\/\">AEFYT<\/a> et se d\u00e9roulant dans le cadre du salon C&amp;R. Il s&#8217;agit de sessions de formation en collaboration avec le Centre de formation aux technologies de la r\u00e9frig\u00e9ration et de la climatisation de Moratalaz, Madrid. Dans le cadre de cette formation, diff\u00e9rentes pratiques sont r\u00e9alis\u00e9es sur les derniers d\u00e9veloppements en mati\u00e8re de syst\u00e8mes de r\u00e9frig\u00e9ration, notamment des installations avec du glycol, du CO2 ou le suivi avec les technologies de l&#8217;information, dont les \u00e9quipements sont pr\u00eat\u00e9s pour transmettre les connaissances aux futurs techniciens frigoristes.<\/li>\r\n \t<li><strong>Cours expert universitaire sur les syst\u00e8mes de r\u00e9frig\u00e9ration<\/strong> \u00e0 l&#8217;<a href=\"http:\/\/www.uco.es\/\">Universit\u00e9 de Cordoue<\/a>. L&#8217;Escuela Polit\u00e9cnica Superior en collaboration avec les entreprises du secteur de la climatisation et de la r\u00e9frig\u00e9ration industrielle et commerciale, <strong>KEYTER INTARCON<\/strong> et les entreprises associ\u00e9es \u00e0 l&#8217;<a href=\"https:\/\/afarfrioyclima.com\/\">AFAR<\/a> (Asociaci\u00f3n Fabricantes Andaluces de Refrigeraci\u00f3n) organisent la troisi\u00e8me \u00e9dition de ce cours dont le contenu est le suivant : Fondamentaux thermodynamiques des syst\u00e8mes de r\u00e9frig\u00e9ration par compression ; fluides frigorig\u00e8nes, huiles et fluides secondaires ; technologie de la r\u00e9frig\u00e9ration ; s\u00e9lection des composants du syst\u00e8me de r\u00e9frig\u00e9ration ; syst\u00e8mes de contr\u00f4le appliqu\u00e9s \u00e0 la r\u00e9frig\u00e9ration ; ainsi que la r\u00e9glementation sur les syst\u00e8mes de r\u00e9frig\u00e9ration.<\/li>\r\n<\/ul>\t\t\t\t\t\t\t\t<\/div>\n\t\t\t\t<\/div>\n\t\t\t\t\t<\/div>\r\n\t\t\t\t<\/div>\r\n\t\t\t\t\t<\/div>\r\n\t\t\t\t<\/section>\r\n\t\t\t\t<section class=\"elementor-section elementor-top-section elementor-element elementor-element-e9d4b16 elementor-section-boxed elementor-section-height-default elementor-section-height-default\" data-id=\"e9d4b16\" data-element_type=\"section\">\r\n\t\t\r\n\t\t\t\t\t\t\t<div class=\"elementor-container elementor-column-gap-default\">\r\n\t\t\t\t\t\t\t\t\t\t\t<div class=\"elementor-column elementor-col-100 elementor-top-column elementor-element elementor-element-bb30521\" data-id=\"bb30521\" data-element_type=\"column\">\r\n\t\t\t\t\t<div class=\"elementor-widget-wrap elementor-element-populated\">\r\n\t\t\t\t\t\t\t\t<div class=\"elementor-element elementor-element-1ceaf9f elementor-position-left elementor-widget__width-initial elementor-fixed newsletter elementor-hidden-mobile elementor-vertical-align-top elementor-widget elementor-widget-image-box\" data-id=\"1ceaf9f\" data-element_type=\"widget\" data-settings=\"{&quot;_position&quot;:&quot;fixed&quot;}\" data-widget_type=\"image-box.default\">\n\t\t\t\t<div class=\"elementor-widget-container\">\n\t\t\t\t\t<div class=\"elementor-image-box-wrapper\"><figure class=\"elementor-image-box-img\"><a href=\"#elementor-action%3Aaction%3Dpopup%3Aopen%26settings%3DeyJpZCI6NjM2NDEsInRvZ2dsZSI6ZmFsc2V9\" tabindex=\"-1\"><img fetchpriority=\"high\" decoding=\"async\" width=\"453\" height=\"306\" src=\"https:\/\/www.intarcon.com\/wp-content\/uploads\/2022\/04\/cta-newsletter-INTARCON.webp\" class=\"attachment-full size-full wp-image-63428\" alt=\"Newsletter blog INTARCON\" srcset=\"https:\/\/www.intarcon.com\/wp-content\/uploads\/2022\/04\/cta-newsletter-INTARCON.webp 453w, https:\/\/www.intarcon.com\/wp-content\/uploads\/2022\/04\/cta-newsletter-INTARCON-400x270.webp 400w, https:\/\/www.intarcon.com\/wp-content\/uploads\/2022\/04\/cta-newsletter-INTARCON-367x248.webp 367w\" sizes=\"(max-width: 453px) 100vw, 453px\" \/><\/a><\/figure><div class=\"elementor-image-box-content\"><span class=\"elementor-image-box-title\"><a href=\"#elementor-action%3Aaction%3Dpopup%3Aopen%26settings%3DeyJpZCI6NjM2NDEsInRvZ2dsZSI6ZmFsc2V9\">Inscrire \u00e0 notre<BR> NEWSLETTER<\/a><\/span><\/div><\/div>\t\t\t\t<\/div>\n\t\t\t\t<\/div>\n\t\t\t\t\t<\/div>\r\n\t\t\t\t<\/div>\r\n\t\t\t\t\t<\/div>\r\n\t\t\t\t<\/section>\r\n\t\t\t\t<section class=\"elementor-section elementor-top-section elementor-element elementor-element-a2bfd1c elementor-section-boxed elementor-section-height-default elementor-section-height-default\" data-id=\"a2bfd1c\" data-element_type=\"section\">\r\n\t\t\r\n\t\t\t\t\t\t\t<div class=\"elementor-container elementor-column-gap-default\">\r\n\t\t\t\t\t\t\t\t\t\t\t<div class=\"elementor-column elementor-col-100 elementor-top-column elementor-element elementor-element-0f4d516\" data-id=\"0f4d516\" data-element_type=\"column\">\r\n\t\t\t\t\t<div class=\"elementor-widget-wrap elementor-element-populated\">\r\n\t\t\t\t\t\t\t\t<div class=\"elementor-element elementor-element-ccb8ffa elementor-widget__width-initial elementor-fixed calculadora-sombra elementor-hidden-desktop elementor-hidden-tablet elementor-position-top elementor-widget elementor-widget-image-box\" data-id=\"ccb8ffa\" data-element_type=\"widget\" id=\"popup-movil\" data-settings=\"{&quot;_position&quot;:&quot;fixed&quot;}\" data-widget_type=\"image-box.default\">\n\t\t\t\t<div class=\"elementor-widget-container\">\n\t\t\t\t\t<div class=\"elementor-image-box-wrapper\"><figure class=\"elementor-image-box-img\"><a href=\"#elementor-action%3Aaction%3Dpopup%3Aopen%26settings%3DeyJpZCI6NjM2NDEsInRvZ2dsZSI6ZmFsc2V9\" tabindex=\"-1\"><img fetchpriority=\"high\" decoding=\"async\" width=\"453\" height=\"306\" src=\"https:\/\/www.intarcon.com\/wp-content\/uploads\/2022\/04\/cta-newsletter-INTARCON.webp\" class=\"attachment-full size-full wp-image-63428\" alt=\"Newsletter blog INTARCON\" srcset=\"https:\/\/www.intarcon.com\/wp-content\/uploads\/2022\/04\/cta-newsletter-INTARCON.webp 453w, https:\/\/www.intarcon.com\/wp-content\/uploads\/2022\/04\/cta-newsletter-INTARCON-400x270.webp 400w, https:\/\/www.intarcon.com\/wp-content\/uploads\/2022\/04\/cta-newsletter-INTARCON-367x248.webp 367w\" sizes=\"(max-width: 453px) 100vw, 453px\" \/><\/a><\/figure><div class=\"elementor-image-box-content\"><p class=\"elementor-image-box-title\"><a href=\"#elementor-action%3Aaction%3Dpopup%3Aopen%26settings%3DeyJpZCI6NjM2NDEsInRvZ2dsZSI6ZmFsc2V9\">Inscrire \u00e0 notre<BR> NEWSLETTER<\/a><\/p><\/div><\/div>\t\t\t\t<\/div>\n\t\t\t\t<\/div>\n\t\t\t\t\t<\/div>\r\n\t\t\t\t<\/div>\r\n\t\t\t\t\t<\/div>\r\n\t\t\t\t<\/section>\r\n\t\t\t\t<\/div>\n\t\t","protected":false},"excerpt":{"rendered":"<p>Depuis ses d\u00e9buts, INTARCON s&#8217;est engag\u00e9 \u00e0 former les jeunes qui seront les professionnels de demain. La preuve en est le soutien et la participation constants \u00e0 des activit\u00e9s et programmes de formation, ainsi que la collaboration avec la FP Dual. Au cours de l&#8217;ann\u00e9e \u00e9coul\u00e9e, INTARCON a embauch\u00e9 plus de 20 personnes issues de [&hellip;]<\/p>\n","protected":false},"author":2,"featured_media":0,"comment_status":"closed","ping_status":"closed","sticky":false,"template":"","format":"standard","meta":{"footnotes":""},"categories":[215,470],"tags":[],"class_list":["post-54953","post","type-post","status-publish","format-standard","hentry","category-blog-fr","category-nouveautes"],"featured_image_src":{"landsacpe":false,"list":false,"medium":false,"full":false},"yoast_head":"<!-- This site is optimized with the Yoast SEO plugin v25.5 - https:\/\/yoast.com\/wordpress\/plugins\/seo\/ -->\n<title>Engag\u00e9s dans la formation - INTARCON<\/title>\n<meta name=\"description\" content=\"L&#039;engagement envers la formation est l&#039;un des piliers d&#039;INTARCON, qui apporte aux \u00e9tudiants ses connaissances approfondies en mati\u00e8re de r\u00e9frig\u00e9ration.\" \/>\n<meta name=\"robots\" content=\"index, follow, max-snippet:-1, max-image-preview:large, max-video-preview:-1\" \/>\n<link rel=\"canonical\" href=\"https:\/\/www.intarcon.com\/fr\/engages-dans-la-formation\/\" \/>\n<meta property=\"og:locale\" content=\"fr_FR\" \/>\n<meta property=\"og:type\" content=\"article\" \/>\n<meta property=\"og:title\" content=\"Engag\u00e9s dans la formation - INTARCON\" \/>\n<meta property=\"og:description\" content=\"L&#039;engagement envers la formation est l&#039;un des piliers d&#039;INTARCON, qui apporte aux \u00e9tudiants ses connaissances approfondies en mati\u00e8re de r\u00e9frig\u00e9ration.\" \/>\n<meta property=\"og:url\" content=\"https:\/\/www.intarcon.com\/fr\/engages-dans-la-formation\/\" \/>\n<meta property=\"og:site_name\" content=\"INTARCON\" \/>\n<meta property=\"article:publisher\" content=\"https:\/\/www.facebook.com\/intarcon\/\" \/>\n<meta property=\"article:published_time\" content=\"2022-03-31T12:29:57+00:00\" \/>\n<meta property=\"article:modified_time\" content=\"2022-05-31T08:33:13+00:00\" \/>\n<meta name=\"author\" content=\"INTARCON\" \/>\n<meta name=\"twitter:card\" content=\"summary_large_image\" \/>\n<meta name=\"twitter:creator\" content=\"@Intarcon\" \/>\n<meta name=\"twitter:site\" content=\"@Intarcon\" \/>\n<meta name=\"twitter:label1\" content=\"Written by\" \/>\n\t<meta name=\"twitter:data1\" content=\"INTARCON\" \/>\n\t<meta name=\"twitter:label2\" content=\"Est. reading time\" \/>\n\t<meta name=\"twitter:data2\" content=\"3 minutes\" \/>\n<script type=\"application\/ld+json\" class=\"yoast-schema-graph\">{\"@context\":\"https:\/\/schema.org\",\"@graph\":[{\"@type\":\"WebPage\",\"@id\":\"https:\/\/www.intarcon.com\/fr\/engages-dans-la-formation\/\",\"url\":\"https:\/\/www.intarcon.com\/fr\/engages-dans-la-formation\/\",\"name\":\"Engag\u00e9s dans la formation - INTARCON\",\"isPartOf\":{\"@id\":\"https:\/\/www.intarcon.com\/fr\/#website\"},\"primaryImageOfPage\":{\"@id\":\"https:\/\/www.intarcon.com\/fr\/engages-dans-la-formation\/#primaryimage\"},\"image\":{\"@id\":\"https:\/\/www.intarcon.com\/fr\/engages-dans-la-formation\/#primaryimage\"},\"thumbnailUrl\":\"https:\/\/www.intarcon.com\/wp-content\/uploads\/2022\/04\/cta-newsletter-INTARCON.webp\",\"datePublished\":\"2022-03-31T12:29:57+00:00\",\"dateModified\":\"2022-05-31T08:33:13+00:00\",\"author\":{\"@id\":\"https:\/\/www.intarcon.com\/fr\/#\/schema\/person\/3953ab26cc806bd58bd91f8a62054c03\"},\"description\":\"L'engagement envers la formation est l'un des piliers d'INTARCON, qui apporte aux \u00e9tudiants ses connaissances approfondies en mati\u00e8re de r\u00e9frig\u00e9ration.\",\"breadcrumb\":{\"@id\":\"https:\/\/www.intarcon.com\/fr\/engages-dans-la-formation\/#breadcrumb\"},\"inLanguage\":\"fr\",\"potentialAction\":[{\"@type\":\"ReadAction\",\"target\":[\"https:\/\/www.intarcon.com\/fr\/engages-dans-la-formation\/\"]}]},{\"@type\":\"ImageObject\",\"inLanguage\":\"fr\",\"@id\":\"https:\/\/www.intarcon.com\/fr\/engages-dans-la-formation\/#primaryimage\",\"url\":\"https:\/\/www.intarcon.com\/wp-content\/uploads\/2022\/04\/cta-newsletter-INTARCON.webp\",\"contentUrl\":\"https:\/\/www.intarcon.com\/wp-content\/uploads\/2022\/04\/cta-newsletter-INTARCON.webp\"},{\"@type\":\"BreadcrumbList\",\"@id\":\"https:\/\/www.intarcon.com\/fr\/engages-dans-la-formation\/#breadcrumb\",\"itemListElement\":[{\"@type\":\"ListItem\",\"position\":1,\"name\":\"Portada\",\"item\":\"https:\/\/www.intarcon.com\/fr\/\"},{\"@type\":\"ListItem\",\"position\":2,\"name\":\"Blog\",\"item\":\"https:\/\/www.intarcon.com\/fr\/category\/blog-fr\/\"},{\"@type\":\"ListItem\",\"position\":3,\"name\":\"Engag\u00e9s dans la formation\"}]},{\"@type\":\"WebSite\",\"@id\":\"https:\/\/www.intarcon.com\/fr\/#website\",\"url\":\"https:\/\/www.intarcon.com\/fr\/\",\"name\":\"INTARCON\",\"description\":\"\",\"potentialAction\":[{\"@type\":\"SearchAction\",\"target\":{\"@type\":\"EntryPoint\",\"urlTemplate\":\"https:\/\/www.intarcon.com\/fr\/?s={search_term_string}\"},\"query-input\":{\"@type\":\"PropertyValueSpecification\",\"valueRequired\":true,\"valueName\":\"search_term_string\"}}],\"inLanguage\":\"fr\"},{\"@type\":\"Person\",\"@id\":\"https:\/\/www.intarcon.com\/fr\/#\/schema\/person\/3953ab26cc806bd58bd91f8a62054c03\",\"name\":\"INTARCON\",\"image\":{\"@type\":\"ImageObject\",\"inLanguage\":\"fr\",\"@id\":\"https:\/\/www.intarcon.com\/fr\/#\/schema\/person\/image\/\",\"url\":\"https:\/\/secure.gravatar.com\/avatar\/15e7dea3e8aff0fc73c1fbe5156ed313f6044f5727ad9a8c9752574cacdce03d?s=96&d=mm&r=g\",\"contentUrl\":\"https:\/\/secure.gravatar.com\/avatar\/15e7dea3e8aff0fc73c1fbe5156ed313f6044f5727ad9a8c9752574cacdce03d?s=96&d=mm&r=g\",\"caption\":\"INTARCON\"}}]}<\/script>\n<!-- \/ Yoast SEO plugin. -->","yoast_head_json":{"title":"Engag\u00e9s dans la formation - INTARCON","description":"L'engagement envers la formation est l'un des piliers d'INTARCON, qui apporte aux \u00e9tudiants ses connaissances approfondies en mati\u00e8re de r\u00e9frig\u00e9ration.","robots":{"index":"index","follow":"follow","max-snippet":"max-snippet:-1","max-image-preview":"max-image-preview:large","max-video-preview":"max-video-preview:-1"},"canonical":"https:\/\/www.intarcon.com\/fr\/engages-dans-la-formation\/","og_locale":"fr_FR","og_type":"article","og_title":"Engag\u00e9s dans la formation - INTARCON","og_description":"L'engagement envers la formation est l'un des piliers d'INTARCON, qui apporte aux \u00e9tudiants ses connaissances approfondies en mati\u00e8re de r\u00e9frig\u00e9ration.","og_url":"https:\/\/www.intarcon.com\/fr\/engages-dans-la-formation\/","og_site_name":"INTARCON","article_publisher":"https:\/\/www.facebook.com\/intarcon\/","article_published_time":"2022-03-31T12:29:57+00:00","article_modified_time":"2022-05-31T08:33:13+00:00","author":"INTARCON","twitter_card":"summary_large_image","twitter_creator":"@Intarcon","twitter_site":"@Intarcon","twitter_misc":{"Written by":"INTARCON","Est. reading time":"3 minutes"},"schema":{"@context":"https:\/\/schema.org","@graph":[{"@type":"WebPage","@id":"https:\/\/www.intarcon.com\/fr\/engages-dans-la-formation\/","url":"https:\/\/www.intarcon.com\/fr\/engages-dans-la-formation\/","name":"Engag\u00e9s dans la formation - INTARCON","isPartOf":{"@id":"https:\/\/www.intarcon.com\/fr\/#website"},"primaryImageOfPage":{"@id":"https:\/\/www.intarcon.com\/fr\/engages-dans-la-formation\/#primaryimage"},"image":{"@id":"https:\/\/www.intarcon.com\/fr\/engages-dans-la-formation\/#primaryimage"},"thumbnailUrl":"https:\/\/www.intarcon.com\/wp-content\/uploads\/2022\/04\/cta-newsletter-INTARCON.webp","datePublished":"2022-03-31T12:29:57+00:00","dateModified":"2022-05-31T08:33:13+00:00","author":{"@id":"https:\/\/www.intarcon.com\/fr\/#\/schema\/person\/3953ab26cc806bd58bd91f8a62054c03"},"description":"L'engagement envers la formation est l'un des piliers d'INTARCON, qui apporte aux \u00e9tudiants ses connaissances approfondies en mati\u00e8re de r\u00e9frig\u00e9ration.","breadcrumb":{"@id":"https:\/\/www.intarcon.com\/fr\/engages-dans-la-formation\/#breadcrumb"},"inLanguage":"fr","potentialAction":[{"@type":"ReadAction","target":["https:\/\/www.intarcon.com\/fr\/engages-dans-la-formation\/"]}]},{"@type":"ImageObject","inLanguage":"fr","@id":"https:\/\/www.intarcon.com\/fr\/engages-dans-la-formation\/#primaryimage","url":"https:\/\/www.intarcon.com\/wp-content\/uploads\/2022\/04\/cta-newsletter-INTARCON.webp","contentUrl":"https:\/\/www.intarcon.com\/wp-content\/uploads\/2022\/04\/cta-newsletter-INTARCON.webp"},{"@type":"BreadcrumbList","@id":"https:\/\/www.intarcon.com\/fr\/engages-dans-la-formation\/#breadcrumb","itemListElement":[{"@type":"ListItem","position":1,"name":"Portada","item":"https:\/\/www.intarcon.com\/fr\/"},{"@type":"ListItem","position":2,"name":"Blog","item":"https:\/\/www.intarcon.com\/fr\/category\/blog-fr\/"},{"@type":"ListItem","position":3,"name":"Engag\u00e9s dans la formation"}]},{"@type":"WebSite","@id":"https:\/\/www.intarcon.com\/fr\/#website","url":"https:\/\/www.intarcon.com\/fr\/","name":"INTARCON","description":"","potentialAction":[{"@type":"SearchAction","target":{"@type":"EntryPoint","urlTemplate":"https:\/\/www.intarcon.com\/fr\/?s={search_term_string}"},"query-input":{"@type":"PropertyValueSpecification","valueRequired":true,"valueName":"search_term_string"}}],"inLanguage":"fr"},{"@type":"Person","@id":"https:\/\/www.intarcon.com\/fr\/#\/schema\/person\/3953ab26cc806bd58bd91f8a62054c03","name":"INTARCON","image":{"@type":"ImageObject","inLanguage":"fr","@id":"https:\/\/www.intarcon.com\/fr\/#\/schema\/person\/image\/","url":"https:\/\/secure.gravatar.com\/avatar\/15e7dea3e8aff0fc73c1fbe5156ed313f6044f5727ad9a8c9752574cacdce03d?s=96&d=mm&r=g","contentUrl":"https:\/\/secure.gravatar.com\/avatar\/15e7dea3e8aff0fc73c1fbe5156ed313f6044f5727ad9a8c9752574cacdce03d?s=96&d=mm&r=g","caption":"INTARCON"}}]}},"_links":{"self":[{"href":"https:\/\/www.intarcon.com\/fr\/wp-json\/wp\/v2\/posts\/54953","targetHints":{"allow":["GET"]}}],"collection":[{"href":"https:\/\/www.intarcon.com\/fr\/wp-json\/wp\/v2\/posts"}],"about":[{"href":"https:\/\/www.intarcon.com\/fr\/wp-json\/wp\/v2\/types\/post"}],"author":[{"embeddable":true,"href":"https:\/\/www.intarcon.com\/fr\/wp-json\/wp\/v2\/users\/2"}],"replies":[{"embeddable":true,"href":"https:\/\/www.intarcon.com\/fr\/wp-json\/wp\/v2\/comments?post=54953"}],"version-history":[{"count":0,"href":"https:\/\/www.intarcon.com\/fr\/wp-json\/wp\/v2\/posts\/54953\/revisions"}],"wp:attachment":[{"href":"https:\/\/www.intarcon.com\/fr\/wp-json\/wp\/v2\/media?parent=54953"}],"wp:term":[{"taxonomy":"category","embeddable":true,"href":"https:\/\/www.intarcon.com\/fr\/wp-json\/wp\/v2\/categories?post=54953"},{"taxonomy":"post_tag","embeddable":true,"href":"https:\/\/www.intarcon.com\/fr\/wp-json\/wp\/v2\/tags?post=54953"}],"curies":[{"name":"wp","href":"https:\/\/api.w.org\/{rel}","templated":true}]}}