{"id":21748,"date":"2021-01-21T16:00:35","date_gmt":"2021-01-21T14:00:35","guid":{"rendered":"https:\/\/www.intarcon.com\/intarcon-impulsa-su-plan-estrategico-2021-2025\/"},"modified":"2022-02-23T15:24:03","modified_gmt":"2022-02-23T13:24:03","slug":"intarcon-strengthens-management-team-successful-implementation-strategic-plan-2025","status":"publish","type":"post","link":"https:\/\/www.intarcon.com\/en\/intarcon-strengthens-management-team-successful-implementation-strategic-plan-2025\/","title":{"rendered":"INTARCON strengthens its management team for the successful implementation of its Strategic Plan 2021-2025"},"content":{"rendered":"\t\t<div data-elementor-type=\"wp-post\" data-elementor-id=\"21748\" class=\"elementor elementor-21748 elementor-21679\" data-elementor-post-type=\"post\">\n\t\t\t\t\t\t<section class=\"elementor-section elementor-top-section elementor-element elementor-element-4d645153 elementor-section-boxed elementor-section-height-default elementor-section-height-default\" data-id=\"4d645153\" data-element_type=\"section\">\r\n\t\t\r\n\t\t\t\t\t\t\t<div class=\"elementor-container elementor-column-gap-default\">\r\n\t\t\t\t\t\t\t\t\t\t\t<div class=\"elementor-column elementor-col-100 elementor-top-column elementor-element elementor-element-5f634cf1\" data-id=\"5f634cf1\" data-element_type=\"column\">\r\n\t\t\t\t\t<div class=\"elementor-widget-wrap elementor-element-populated\">\r\n\t\t\t\t\t\t\t\t<div class=\"elementor-element elementor-element-4c452989 elementor-widget elementor-widget-text-editor\" data-id=\"4c452989\" data-element_type=\"widget\" data-widget_type=\"text-editor.default\">\n\t\t\t\t<div class=\"elementor-widget-container\">\n\t\t\t\t\t\t\t\t\t<p>INTARCON refuerza su equipo directivo para impulsar su Plan Estrat\u00e9gico 2021-2025 con la incorporaci\u00f3n de <strong>Germ\u00e1n Gil<\/strong>, anterior Director de Desarrollo de Negocio para Am\u00e9rica del grupo,<strong> como Director Comercial de INTARCON<\/strong> responsabiliz\u00e1ndose de la buena marcha de las ventas en el mercado nacional y mercados internacionales, prescripci\u00f3n y Project Managers. <a href=\"https:\/\/www.linkedin.com\/in\/germangil\/\">Germ\u00e1n Gil<\/a> acumula una amplia experiencia en los sectores de la refrigeraci\u00f3n y el aire acondicionado, y estamos convencidos de que su incorporaci\u00f3n al equipo directivo supondr\u00e1 un gran impulso que nos permitir\u00e1 abordar el decisivo Plan Estrat\u00e9gico de impulso y transformaci\u00f3n de nuestra firma en gran empresa, suponiendo la expansi\u00f3n y el crecimiento de INTARCON, consolidando la relaci\u00f3n con nuestros clientes y colaboradores, y reforzando la atenci\u00f3n diaria que os profesamos.<\/p>\n<p>Por su parte, <a href=\"https:\/\/www.linkedin.com\/in\/javiercanocavanillas\/\">Javier Cano<\/a>, hasta la fecha Director Comercial, asume la Subdirecci\u00f3n General de INTARCON, responsabiliz\u00e1ndose de las \u00e1reas de Estrategia, Marketing, Ingenier\u00eda de Soluciones al Cliente y Formaci\u00f3n. Los restantes cargos del equipo directivo continuar\u00e1n bajo la misma direcci\u00f3n que hasta la fecha, con Jos\u00e9 Mar\u00eda Raya, como Director General de INTARCON; Mar\u00eda del Carmen Morales, como Directora de Administraci\u00f3n; Eduardo L\u00f3pez, como Director Financiero; Francisco Serrano, como Director de Operaciones Industriales; y Antonio S\u00e1nchez, como Director de Oficina T\u00e9cnica.<\/p>\n<h3><\/h3>\n<h3>PLAN ESTRAT\u00c9GICO 2021-2025<\/h3>\n<p>Este cambio supondr\u00e1 un gran impulso que permitir\u00e1 a la compa\u00f1\u00eda ampliar su estructura para poder abordar el decisivo Plan Estrat\u00e9gico 2021-2025 de transformaci\u00f3n de la empresa que tendr\u00e1 amplia repercusi\u00f3n en varios niveles y que supondr\u00e1 la expansi\u00f3n y el crecimiento de la firma.<\/p>\n<p>El Plan Estrat\u00e9gico incluir\u00e1 la ejecuci\u00f3n de una nueva planta productiva de 20.000 metros cuadrados de f\u00e1brica y oficina, donde se optimizar\u00e1 el servicio de fabricaci\u00f3n. Asimismo, incluir\u00e1 la implementaci\u00f3n de un Plan de Transformaci\u00f3n Digital que permitir\u00e1 el aumento de los niveles de calidad y servicio, as\u00ed como la ampliaci\u00f3n del mercado que abarca los cinco continentes.<\/p>\n<p>Los pr\u00f3ximos cuatro a\u00f1os tambi\u00e9n ser\u00e1n un momento decisivo para el desarrollo de nuevos productos m\u00e1s eficientes y respetuosos con el Medio Ambiente encaminados al cumplimiento del compromiso de INTARCON con los Objetivos Globales de Desarrollo Sostenible 2030 de Naciones Unidas. Igualmente, se continuar\u00e1 asumiendo la responsabilidad con la sociedad y el entorno en el desarrollo del I+D+i, trabajando en la inclusi\u00f3n del uso de <a href=\"https:\/\/www.intarcon.com\/refrigerantes-sustitutivos-naturales\/\">refrigerantes naturales<\/a>, como propano, di\u00f3xido de carbono y amon\u00edaco.<\/p>\n<h3><\/h3>\n<h3>40.000 EQUIPOS EN M\u00c1S DE 40 PA\u00cdSES<\/h3>\n<p>INTARCON, cuya \u00faltima facturaci\u00f3n anual ha superado los 18 millones de euros, se alza como el primer fabricante espa\u00f1ol en su gama de producto, gozando de una consolidada presencia en el mercado nacional con 10 delegaciones en el territorio a las que se suman las delegaciones comerciales en el extranjero. Hasta la fecha, hay m\u00e1s de 40.000 equipos INTARCON en servicio en m\u00e1s de 40 pa\u00edses diferentes, operando principalmente en Europa, Norte de \u00c1frica, Oriente Medio e Hispanoam\u00e9rica. En la actualidad, cuenta con 200 empleados y se encuentra en pleno proceso de expansi\u00f3n y crecimiento.<\/p>\n<p>INTARCON, perteneciente al grupo industrial KEYTER-INTARON-GENAQ cuya facturaci\u00f3n supera los 40 millones de euros, nace en 2007 como una iniciativa com\u00fan de un grupo de empresarios y profesionales de los sectores de la refrigeraci\u00f3n y el aire acondicionado para desarrollar una nueva gama de equipos de refrigeraci\u00f3n comercial, centrando su producci\u00f3n en soluciones paquetizadas de media potencia.<\/p>\t\t\t\t\t\t\t\t<\/div>\n\t\t\t\t<\/div>\n\t\t\t\t\t<\/div>\r\n\t\t\t\t<\/div>\r\n\t\t\t\t\t<\/div>\r\n\t\t\t\t<\/section>\r\n\t\t\t\t<\/div>\n\t\t","protected":false},"excerpt":{"rendered":"<p>INTARCON strengthens its management team for the successful implementation of its Strategic Plan 2021-2025 with Germ\u00e1n Gil, former Director of Business Development of the group for America, who will assume the roles of Commercial Manager of INTARCON taking responsibility for sales, prescription, and Project Managers. Germ\u00e1n Gil accumulates an extensive experience in the refrigeration and [&hellip;]<\/p>\n","protected":false},"author":2,"featured_media":21764,"comment_status":"closed","ping_status":"open","sticky":false,"template":"","format":"standard","meta":{"footnotes":""},"categories":[211,469],"tags":[],"class_list":["post-21748","post","type-post","status-publish","format-standard","has-post-thumbnail","hentry","category-blog-en","category-news-en"],"featured_image_src":{"landsacpe":["https:\/\/www.intarcon.com\/wp-content\/uploads\/2021\/02\/Post-blog-GERM\u00c1N-GIL_EN-V2.jpg",792,445,false],"list":["https:\/\/www.intarcon.com\/wp-content\/uploads\/2021\/02\/Post-blog-GERM\u00c1N-GIL_EN-V2-463x348.jpg",463,348,true],"medium":["https:\/\/www.intarcon.com\/wp-content\/uploads\/2021\/02\/Post-blog-GERM\u00c1N-GIL_EN-V2.jpg",792,445,false],"full":["https:\/\/www.intarcon.com\/wp-content\/uploads\/2021\/02\/Post-blog-GERM\u00c1N-GIL_EN-V2.jpg",792,445,false]},"yoast_head":"<!-- This site is optimized with the Yoast SEO plugin v25.5 - https:\/\/yoast.com\/wordpress\/plugins\/seo\/ -->\n<title>INTARCON strengthens its management team - Strategic Plan 2025<\/title>\n<meta name=\"description\" content=\"INTARCON strengthens its management team for the successful implementation of its Strategic Plan 2021-2025 with Germ\u00e1n Gil as new Comercial Manager.\" \/>\n<meta name=\"robots\" content=\"index, follow, max-snippet:-1, max-image-preview:large, max-video-preview:-1\" \/>\n<link rel=\"canonical\" href=\"https:\/\/www.intarcon.com\/en\/intarcon-strengthens-management-team-successful-implementation-strategic-plan-2025\/\" \/>\n<meta property=\"og:locale\" content=\"en_US\" \/>\n<meta property=\"og:type\" content=\"article\" \/>\n<meta property=\"og:title\" content=\"INTARCON strengthens its management team - Strategic Plan 2025\" \/>\n<meta property=\"og:description\" content=\"INTARCON strengthens its management team for the successful implementation of its Strategic Plan 2021-2025 with Germ\u00e1n Gil as new Comercial Manager.\" \/>\n<meta property=\"og:url\" content=\"https:\/\/www.intarcon.com\/en\/intarcon-strengthens-management-team-successful-implementation-strategic-plan-2025\/\" \/>\n<meta property=\"og:site_name\" content=\"INTARCON\" \/>\n<meta property=\"article:publisher\" content=\"https:\/\/www.facebook.com\/intarcon\/\" \/>\n<meta property=\"article:published_time\" content=\"2021-01-21T14:00:35+00:00\" \/>\n<meta property=\"article:modified_time\" content=\"2022-02-23T13:24:03+00:00\" \/>\n<meta property=\"og:image\" content=\"https:\/\/www.intarcon.com\/wp-content\/uploads\/2021\/02\/Post-blog-GERM\u00c1N-GIL_EN-V2.jpg\" \/>\n\t<meta property=\"og:image:width\" content=\"792\" \/>\n\t<meta property=\"og:image:height\" content=\"445\" \/>\n\t<meta property=\"og:image:type\" content=\"image\/jpeg\" \/>\n<meta name=\"author\" content=\"INTARCON\" \/>\n<meta name=\"twitter:card\" content=\"summary_large_image\" \/>\n<meta name=\"twitter:creator\" content=\"@Intarcon\" \/>\n<meta name=\"twitter:site\" content=\"@Intarcon\" \/>\n<meta name=\"twitter:label1\" content=\"Written by\" \/>\n\t<meta name=\"twitter:data1\" content=\"INTARCON\" \/>\n\t<meta name=\"twitter:label2\" content=\"Est. reading time\" \/>\n\t<meta name=\"twitter:data2\" content=\"2 minutes\" \/>\n<script type=\"application\/ld+json\" class=\"yoast-schema-graph\">{\"@context\":\"https:\/\/schema.org\",\"@graph\":[{\"@type\":\"WebPage\",\"@id\":\"https:\/\/www.intarcon.com\/en\/intarcon-strengthens-management-team-successful-implementation-strategic-plan-2025\/\",\"url\":\"https:\/\/www.intarcon.com\/en\/intarcon-strengthens-management-team-successful-implementation-strategic-plan-2025\/\",\"name\":\"INTARCON strengthens its management team - Strategic Plan 2025\",\"isPartOf\":{\"@id\":\"https:\/\/www.intarcon.com\/en\/#website\"},\"primaryImageOfPage\":{\"@id\":\"https:\/\/www.intarcon.com\/en\/intarcon-strengthens-management-team-successful-implementation-strategic-plan-2025\/#primaryimage\"},\"image\":{\"@id\":\"https:\/\/www.intarcon.com\/en\/intarcon-strengthens-management-team-successful-implementation-strategic-plan-2025\/#primaryimage\"},\"thumbnailUrl\":\"https:\/\/www.intarcon.com\/wp-content\/uploads\/2021\/02\/Post-blog-GERM\u00c1N-GIL_EN-V2.jpg\",\"datePublished\":\"2021-01-21T14:00:35+00:00\",\"dateModified\":\"2022-02-23T13:24:03+00:00\",\"author\":{\"@id\":\"https:\/\/www.intarcon.com\/en\/#\/schema\/person\/3953ab26cc806bd58bd91f8a62054c03\"},\"description\":\"INTARCON strengthens its management team for the successful implementation of its Strategic Plan 2021-2025 with Germ\u00e1n Gil as new Comercial Manager.\",\"breadcrumb\":{\"@id\":\"https:\/\/www.intarcon.com\/en\/intarcon-strengthens-management-team-successful-implementation-strategic-plan-2025\/#breadcrumb\"},\"inLanguage\":\"en\",\"potentialAction\":[{\"@type\":\"ReadAction\",\"target\":[\"https:\/\/www.intarcon.com\/en\/intarcon-strengthens-management-team-successful-implementation-strategic-plan-2025\/\"]}]},{\"@type\":\"ImageObject\",\"inLanguage\":\"en\",\"@id\":\"https:\/\/www.intarcon.com\/en\/intarcon-strengthens-management-team-successful-implementation-strategic-plan-2025\/#primaryimage\",\"url\":\"https:\/\/www.intarcon.com\/wp-content\/uploads\/2021\/02\/Post-blog-GERM\u00c1N-GIL_EN-V2.jpg\",\"contentUrl\":\"https:\/\/www.intarcon.com\/wp-content\/uploads\/2021\/02\/Post-blog-GERM\u00c1N-GIL_EN-V2.jpg\",\"width\":792,\"height\":445,\"caption\":\"We strengthened our management team to accelerate the INTARCON strategic plan.\"},{\"@type\":\"BreadcrumbList\",\"@id\":\"https:\/\/www.intarcon.com\/en\/intarcon-strengthens-management-team-successful-implementation-strategic-plan-2025\/#breadcrumb\",\"itemListElement\":[{\"@type\":\"ListItem\",\"position\":1,\"name\":\"Portada\",\"item\":\"https:\/\/www.intarcon.com\/en\/\"},{\"@type\":\"ListItem\",\"position\":2,\"name\":\"Blog\",\"item\":\"https:\/\/www.intarcon.com\/en\/category\/blog-en\/\"},{\"@type\":\"ListItem\",\"position\":3,\"name\":\"INTARCON strengthens its management team for the successful implementation of its Strategic Plan 2021-2025\"}]},{\"@type\":\"WebSite\",\"@id\":\"https:\/\/www.intarcon.com\/en\/#website\",\"url\":\"https:\/\/www.intarcon.com\/en\/\",\"name\":\"INTARCON\",\"description\":\"\",\"potentialAction\":[{\"@type\":\"SearchAction\",\"target\":{\"@type\":\"EntryPoint\",\"urlTemplate\":\"https:\/\/www.intarcon.com\/en\/?s={search_term_string}\"},\"query-input\":{\"@type\":\"PropertyValueSpecification\",\"valueRequired\":true,\"valueName\":\"search_term_string\"}}],\"inLanguage\":\"en\"},{\"@type\":\"Person\",\"@id\":\"https:\/\/www.intarcon.com\/en\/#\/schema\/person\/3953ab26cc806bd58bd91f8a62054c03\",\"name\":\"INTARCON\",\"image\":{\"@type\":\"ImageObject\",\"inLanguage\":\"en\",\"@id\":\"https:\/\/www.intarcon.com\/en\/#\/schema\/person\/image\/\",\"url\":\"https:\/\/secure.gravatar.com\/avatar\/15e7dea3e8aff0fc73c1fbe5156ed313f6044f5727ad9a8c9752574cacdce03d?s=96&d=mm&r=g\",\"contentUrl\":\"https:\/\/secure.gravatar.com\/avatar\/15e7dea3e8aff0fc73c1fbe5156ed313f6044f5727ad9a8c9752574cacdce03d?s=96&d=mm&r=g\",\"caption\":\"INTARCON\"}}]}<\/script>\n<!-- \/ Yoast SEO plugin. -->","yoast_head_json":{"title":"INTARCON strengthens its management team - Strategic Plan 2025","description":"INTARCON strengthens its management team for the successful implementation of its Strategic Plan 2021-2025 with Germ\u00e1n Gil as new Comercial Manager.","robots":{"index":"index","follow":"follow","max-snippet":"max-snippet:-1","max-image-preview":"max-image-preview:large","max-video-preview":"max-video-preview:-1"},"canonical":"https:\/\/www.intarcon.com\/en\/intarcon-strengthens-management-team-successful-implementation-strategic-plan-2025\/","og_locale":"en_US","og_type":"article","og_title":"INTARCON strengthens its management team - Strategic Plan 2025","og_description":"INTARCON strengthens its management team for the successful implementation of its Strategic Plan 2021-2025 with Germ\u00e1n Gil as new Comercial Manager.","og_url":"https:\/\/www.intarcon.com\/en\/intarcon-strengthens-management-team-successful-implementation-strategic-plan-2025\/","og_site_name":"INTARCON","article_publisher":"https:\/\/www.facebook.com\/intarcon\/","article_published_time":"2021-01-21T14:00:35+00:00","article_modified_time":"2022-02-23T13:24:03+00:00","og_image":[{"width":792,"height":445,"url":"https:\/\/www.intarcon.com\/wp-content\/uploads\/2021\/02\/Post-blog-GERM\u00c1N-GIL_EN-V2.jpg","type":"image\/jpeg"}],"author":"INTARCON","twitter_card":"summary_large_image","twitter_creator":"@Intarcon","twitter_site":"@Intarcon","twitter_misc":{"Written by":"INTARCON","Est. reading time":"2 minutes"},"schema":{"@context":"https:\/\/schema.org","@graph":[{"@type":"WebPage","@id":"https:\/\/www.intarcon.com\/en\/intarcon-strengthens-management-team-successful-implementation-strategic-plan-2025\/","url":"https:\/\/www.intarcon.com\/en\/intarcon-strengthens-management-team-successful-implementation-strategic-plan-2025\/","name":"INTARCON strengthens its management team - Strategic Plan 2025","isPartOf":{"@id":"https:\/\/www.intarcon.com\/en\/#website"},"primaryImageOfPage":{"@id":"https:\/\/www.intarcon.com\/en\/intarcon-strengthens-management-team-successful-implementation-strategic-plan-2025\/#primaryimage"},"image":{"@id":"https:\/\/www.intarcon.com\/en\/intarcon-strengthens-management-team-successful-implementation-strategic-plan-2025\/#primaryimage"},"thumbnailUrl":"https:\/\/www.intarcon.com\/wp-content\/uploads\/2021\/02\/Post-blog-GERM\u00c1N-GIL_EN-V2.jpg","datePublished":"2021-01-21T14:00:35+00:00","dateModified":"2022-02-23T13:24:03+00:00","author":{"@id":"https:\/\/www.intarcon.com\/en\/#\/schema\/person\/3953ab26cc806bd58bd91f8a62054c03"},"description":"INTARCON strengthens its management team for the successful implementation of its Strategic Plan 2021-2025 with Germ\u00e1n Gil as new Comercial Manager.","breadcrumb":{"@id":"https:\/\/www.intarcon.com\/en\/intarcon-strengthens-management-team-successful-implementation-strategic-plan-2025\/#breadcrumb"},"inLanguage":"en","potentialAction":[{"@type":"ReadAction","target":["https:\/\/www.intarcon.com\/en\/intarcon-strengthens-management-team-successful-implementation-strategic-plan-2025\/"]}]},{"@type":"ImageObject","inLanguage":"en","@id":"https:\/\/www.intarcon.com\/en\/intarcon-strengthens-management-team-successful-implementation-strategic-plan-2025\/#primaryimage","url":"https:\/\/www.intarcon.com\/wp-content\/uploads\/2021\/02\/Post-blog-GERM\u00c1N-GIL_EN-V2.jpg","contentUrl":"https:\/\/www.intarcon.com\/wp-content\/uploads\/2021\/02\/Post-blog-GERM\u00c1N-GIL_EN-V2.jpg","width":792,"height":445,"caption":"We strengthened our management team to accelerate the INTARCON strategic plan."},{"@type":"BreadcrumbList","@id":"https:\/\/www.intarcon.com\/en\/intarcon-strengthens-management-team-successful-implementation-strategic-plan-2025\/#breadcrumb","itemListElement":[{"@type":"ListItem","position":1,"name":"Portada","item":"https:\/\/www.intarcon.com\/en\/"},{"@type":"ListItem","position":2,"name":"Blog","item":"https:\/\/www.intarcon.com\/en\/category\/blog-en\/"},{"@type":"ListItem","position":3,"name":"INTARCON strengthens its management team for the successful implementation of its Strategic Plan 2021-2025"}]},{"@type":"WebSite","@id":"https:\/\/www.intarcon.com\/en\/#website","url":"https:\/\/www.intarcon.com\/en\/","name":"INTARCON","description":"","potentialAction":[{"@type":"SearchAction","target":{"@type":"EntryPoint","urlTemplate":"https:\/\/www.intarcon.com\/en\/?s={search_term_string}"},"query-input":{"@type":"PropertyValueSpecification","valueRequired":true,"valueName":"search_term_string"}}],"inLanguage":"en"},{"@type":"Person","@id":"https:\/\/www.intarcon.com\/en\/#\/schema\/person\/3953ab26cc806bd58bd91f8a62054c03","name":"INTARCON","image":{"@type":"ImageObject","inLanguage":"en","@id":"https:\/\/www.intarcon.com\/en\/#\/schema\/person\/image\/","url":"https:\/\/secure.gravatar.com\/avatar\/15e7dea3e8aff0fc73c1fbe5156ed313f6044f5727ad9a8c9752574cacdce03d?s=96&d=mm&r=g","contentUrl":"https:\/\/secure.gravatar.com\/avatar\/15e7dea3e8aff0fc73c1fbe5156ed313f6044f5727ad9a8c9752574cacdce03d?s=96&d=mm&r=g","caption":"INTARCON"}}]}},"_links":{"self":[{"href":"https:\/\/www.intarcon.com\/en\/wp-json\/wp\/v2\/posts\/21748","targetHints":{"allow":["GET"]}}],"collection":[{"href":"https:\/\/www.intarcon.com\/en\/wp-json\/wp\/v2\/posts"}],"about":[{"href":"https:\/\/www.intarcon.com\/en\/wp-json\/wp\/v2\/types\/post"}],"author":[{"embeddable":true,"href":"https:\/\/www.intarcon.com\/en\/wp-json\/wp\/v2\/users\/2"}],"replies":[{"embeddable":true,"href":"https:\/\/www.intarcon.com\/en\/wp-json\/wp\/v2\/comments?post=21748"}],"version-history":[{"count":0,"href":"https:\/\/www.intarcon.com\/en\/wp-json\/wp\/v2\/posts\/21748\/revisions"}],"wp:featuredmedia":[{"embeddable":true,"href":"https:\/\/www.intarcon.com\/en\/wp-json\/wp\/v2\/media\/21764"}],"wp:attachment":[{"href":"https:\/\/www.intarcon.com\/en\/wp-json\/wp\/v2\/media?parent=21748"}],"wp:term":[{"taxonomy":"category","embeddable":true,"href":"https:\/\/www.intarcon.com\/en\/wp-json\/wp\/v2\/categories?post=21748"},{"taxonomy":"post_tag","embeddable":true,"href":"https:\/\/www.intarcon.com\/en\/wp-json\/wp\/v2\/tags?post=21748"}],"curies":[{"name":"wp","href":"https:\/\/api.w.org\/{rel}","templated":true}]}}