{"id":72052,"date":"2022-11-24T12:42:22","date_gmt":"2022-11-24T11:42:22","guid":{"rendered":"https:\/\/www.intarcon.com\/soluciones-de-refrigeracion-para-la-industria-agroalimentaria\/"},"modified":"2024-06-04T15:59:18","modified_gmt":"2024-06-04T13:59:18","slug":"kaltetechnik-fur-die-agrar-und-ernahrungsindustrie","status":"publish","type":"post","link":"https:\/\/www.intarcon.com\/de\/kaltetechnik-fur-die-agrar-und-ernahrungsindustrie\/","title":{"rendered":"K\u00fchll\u00f6sungen f\u00fcr die Agrar- und Lebensmittelindustrie"},"content":{"rendered":"\t\t<div data-elementor-type=\"wp-post\" data-elementor-id=\"72052\" class=\"elementor elementor-72052 elementor-71660\" data-elementor-post-type=\"post\">\n\t\t\t\t\t\t<section class=\"elementor-section elementor-top-section elementor-element elementor-element-8e99ee7 elementor-section-boxed elementor-section-height-default elementor-section-height-default\" data-id=\"8e99ee7\" data-element_type=\"section\">\r\n\t\t\r\n\t\t\t\t\t\t\t<div class=\"elementor-container elementor-column-gap-default\">\r\n\t\t\t\t\t\t\t\t\t\t\t<div class=\"elementor-column elementor-col-100 elementor-top-column elementor-element elementor-element-1ec7ade\" data-id=\"1ec7ade\" data-element_type=\"column\">\r\n\t\t\t\t\t<div class=\"elementor-widget-wrap elementor-element-populated\">\r\n\t\t\t\t\t\t\t\t<div class=\"elementor-element elementor-element-ad2b35a elementor-widget elementor-widget-text-editor\" data-id=\"ad2b35a\" data-element_type=\"widget\" data-widget_type=\"text-editor.default\">\n\t\t\t\t<div class=\"elementor-widget-container\">\n\t\t\t\t\t\t\t\t\t<p><strong>Wir alle kennen die sozio\u00f6konomischen und \u00f6kologischen Vorteile, die sich aus der Verl\u00e4ngerung der Haltbarkeit von Lebensmitteln ergeben. Dies verdanken wir den st\u00e4ndigen Verbesserungen und Innovationen im Bereich der K\u00fchlung f\u00fcr die Agrar- und Ern\u00e4hrungsindustrie. Doch wie wird dies erreicht?<\/strong><\/p><p>Wie die WHO (Weltgesundheitsorganisation) in einem ihrer f\u00fcnf Schl\u00fcssel zur Erhaltung der Lebensmittelsicherheit darlegt (&#8220;Key 4: Keep food at safe temperatures: At temperatures below 5\u00b0C microbial growth slows or stops&#8221;), ist die K\u00fchlung einer der gro\u00dfen Verb\u00fcndeten bei der Lebensmittelkonservierung. Aus diesem Grund werden im Bereich der K\u00fchlung f\u00fcr die Agrar- und Lebensmittelindustrie st\u00e4ndig Fortschritte gemacht, um L\u00f6sungen zu finden, die die Energieeffizienz erh\u00f6hen und den \u00f6kologischen Fu\u00dfabdruck verringern. Letztlich geht es darum, das wichtigste Ziel f\u00fcr unsere Gesellschaft zu erreichen, n\u00e4mlich die Optimierung der Agrar- und Lebensmittelproduktion.<\/p>\t\t\t\t\t\t\t\t<\/div>\n\t\t\t\t<\/div>\n\t\t\t\t<div class=\"elementor-element elementor-element-eaeed58 elementor-widget elementor-widget-heading\" data-id=\"eaeed58\" data-element_type=\"widget\" data-widget_type=\"heading.default\">\n\t\t\t\t<div class=\"elementor-widget-container\">\n\t\t\t\t\t<h2 class=\"elementor-heading-title elementor-size-default\">Neue Paradigmen bei der Konservierung und K\u00fchlung in der Agrar- und Ern\u00e4hrungsindustrie<\/h2>\t\t\t\t<\/div>\n\t\t\t\t<\/div>\n\t\t\t\t<div class=\"elementor-element elementor-element-0ec0d12 elementor-widget elementor-widget-text-editor\" data-id=\"0ec0d12\" data-element_type=\"widget\" data-widget_type=\"text-editor.default\">\n\t\t\t\t<div class=\"elementor-widget-container\">\n\t\t\t\t\t\t\t\t\t<ul><li>Die Entwicklung energieeffizienter Klima- und K\u00fchlanlagen, die strenge Umweltvorschriften erf\u00fcllen, wie z. B. die Richtlinie ErP 2015\/1095\/EU \u00fcber \u00d6kodesign-Anforderungen, die Mindestwerte f\u00fcr COP (Coefficient of Performance) und SEPR (Seasonal Performance Factor) vorschreibt.<\/li><li>Die Verwendung von Gefrierkammern und Gefriertunneln.<\/li><li>Die Entwicklung von W\u00e4rmer\u00fcckgewinnungssystemen, die die Effizienz des Gesamtsystems verbessern (z. B. Milchindustrie, Milchk\u00fchlung &#8211; W\u00e4rme f\u00fcr die Pasteurisierung).<\/li><li>Die Substitution von Materialien wie Stahl durch Aluminium und die Verwendung von Materialien mit geringerer Umweltbelastung, die aus Naturfasern bestehen, verringern das Gewicht, die Kosten und den \u00f6kologischen Fu\u00dfabdruck der Ger\u00e4te.<\/li><li>Das Aufkommen von Regulierung und Kontrolle \u00fcber das IoT (Internet der Dinge), das auf der Schaffung eines Netzes von Ger\u00e4ten und der Technologie basiert, die die Kommunikation zwischen ihnen und der Cloud erleichtert. Auf diese Weise kann der Betrieb der Anlage dank der F\u00e4higkeit zur st\u00e4ndigen Verbesserung durch die Erfassung und Verarbeitung von Daten optimiert werden.<\/li><\/ul>\t\t\t\t\t\t\t\t<\/div>\n\t\t\t\t<\/div>\n\t\t\t\t<div class=\"elementor-element elementor-element-cc9219f elementor-widget elementor-widget-heading\" data-id=\"cc9219f\" data-element_type=\"widget\" data-widget_type=\"heading.default\">\n\t\t\t\t<div class=\"elementor-widget-container\">\n\t\t\t\t\t<h2 class=\"elementor-heading-title elementor-size-default\">Innovative Konservierungstechniken in der Entwicklung f\u00fcr die K\u00fchlung in der Agrar- und Ern\u00e4hrungsindustrie<\/h2>\t\t\t\t<\/div>\n\t\t\t\t<\/div>\n\t\t\t\t<div class=\"elementor-element elementor-element-85c66ac elementor-widget elementor-widget-text-editor\" data-id=\"85c66ac\" data-element_type=\"widget\" data-widget_type=\"text-editor.default\">\n\t\t\t\t<div class=\"elementor-widget-container\">\n\t\t\t\t\t\t\t\t\t<ul><li>Gefriertrocknung. Dehydro-Gefrier- oder Kryo-Trocknungsverfahren in Vakuumkammern, die mit K\u00fchlsystemen gekoppelt sind.<\/li><li>Kammern mit modifizierter Atmosph\u00e4re (sie verwenden Stickstoffgeneratoren, CO2-Absorber oder Ethylenw\u00e4scher, die die Kontrolle der Atmosph\u00e4re erm\u00f6glichen, in der das Obst- und Gem\u00fcseprodukt aufbewahrt wird, um die Atmung zu reduzieren und die Reifung zu verlangsamen).<\/li><li>Kammern mit hohem hydrostatischem Druck (sterilisieren unter Beibehaltung der organoleptischen und ern\u00e4hrungsphysiologischen Eigenschaften der Lebensmittel, im Gegensatz zu den Techniken der W\u00e4rmeanwendung).<\/li><li>Sterilisation mit superkritischem CO2. CO2 hat eine niedrige kritische Temperatur von 31\u00b0C, so dass w\u00e4rmeempfindliche organische Verbindungen ohne die Gefahr der Denaturierung oder Zersetzung verarbeitet werden k\u00f6nnen, und es ist ein kosteng\u00fcnstiges und ungiftiges K\u00e4ltemittel.<\/li><li>Ultraschall-unterst\u00fctztes Einfrieren (Verwendung von Ultraschall zur Verringerung der Gr\u00f6\u00dfe der Eiskristalle, die sich w\u00e4hrend des Einfrierens bilden).<\/li><\/ul>\t\t\t\t\t\t\t\t<\/div>\n\t\t\t\t<\/div>\n\t\t\t\t<div class=\"elementor-element elementor-element-a3dcb37 elementor-widget elementor-widget-image\" data-id=\"a3dcb37\" data-element_type=\"widget\" data-widget_type=\"image.default\">\n\t\t\t\t<div class=\"elementor-widget-container\">\n\t\t\t\t\t\t\t\t\t\t\t\t\t\t\t<img fetchpriority=\"high\" decoding=\"async\" width=\"2000\" height=\"1333\" src=\"https:\/\/www.intarcon.com\/wp-content\/uploads\/2022\/06\/Tipos-de-camaras-frigorificas-e1669719064995.webp\" class=\"attachment-large size-large wp-image-65224\" alt=\"Tipos de c\u00e1maras frigor\u00edficas\" \/>\t\t\t\t\t\t\t\t\t\t\t\t\t\t\t<\/div>\n\t\t\t\t<\/div>\n\t\t\t\t<div class=\"elementor-element elementor-element-6b949cf elementor-widget elementor-widget-heading\" data-id=\"6b949cf\" data-element_type=\"widget\" data-widget_type=\"heading.default\">\n\t\t\t\t<div class=\"elementor-widget-container\">\n\t\t\t\t\t<h2 class=\"elementor-heading-title elementor-size-default\">INTARCONs Entwicklung und Engagement f\u00fcr die Bedeutung der K\u00fchlung in der Lebensmittelindustrie<\/h2>\t\t\t\t<\/div>\n\t\t\t\t<\/div>\n\t\t\t\t<div class=\"elementor-element elementor-element-a1f70be elementor-widget elementor-widget-text-editor\" data-id=\"a1f70be\" data-element_type=\"widget\" data-widget_type=\"text-editor.default\">\n\t\t\t\t<div class=\"elementor-widget-container\">\n\t\t\t\t\t\t\t\t\t<p>Einige dieser Techniken werden von INTARCON entwickelt und erforscht. Der direkte Kontakt mit unseren Kunden erm\u00f6glicht es uns, ihre Probleme zu verstehen und ihre wichtigsten Anliegen zu l\u00f6sen:<\/p><ul><li>Das Risiko des Produktverlustes durch Auslaufen.<\/li><li>Ger\u00e4teausfall aufgrund eines defekten Kompressors.<\/li><li>Funktionsst\u00f6rungen bei extremen Temperaturen.<\/li><li>Hoher Stromverbrauch.<\/li><li>Kosten f\u00fcr K\u00e4ltemittelgas.<\/li><li>Etc.<\/li><\/ul>\t\t\t\t\t\t\t\t<\/div>\n\t\t\t\t<\/div>\n\t\t\t\t<div class=\"elementor-element elementor-element-bb4ef47 elementor-widget elementor-widget-text-editor\" data-id=\"bb4ef47\" data-element_type=\"widget\" data-widget_type=\"text-editor.default\">\n\t\t\t\t<div class=\"elementor-widget-container\">\n\t\t\t\t\t\t\t\t\t<p>Tag f\u00fcr Tag arbeiten wir an der Verbesserung der Ger\u00e4te, um das beste Produkt und den besten Service zu bieten: Pr\u00e4zision, Zuverl\u00e4ssigkeit und Effizienz bei der Installation.<\/p><p>INTARCON arbeitet daran, die Unterbrechung der K\u00fchlkette zu vermeiden (sichtbar in der Bildung von Reif oder verklumpten Bl\u00f6cken), um eine Verl\u00e4ngerung der Haltbarkeit und der Lebensmittelsicherheit sowie Stabilit\u00e4t in der Prozesslinie unter Einhaltung der Lebensmittelsicherheitsstandards und Erhaltung der organoleptischen Eigenschaften des Produkts zu erreichen.<\/p>\t\t\t\t\t\t\t\t<\/div>\n\t\t\t\t<\/div>\n\t\t\t\t<div class=\"elementor-element elementor-element-1647b13 elementor-widget elementor-widget-heading\" data-id=\"1647b13\" data-element_type=\"widget\" data-widget_type=\"heading.default\">\n\t\t\t\t<div class=\"elementor-widget-container\">\n\t\t\t\t\t<h2 class=\"elementor-heading-title elementor-size-default\">INTARCON K\u00fchltechnologien f\u00fcr die Lebensmittelindustrie<\/h2>\t\t\t\t<\/div>\n\t\t\t\t<\/div>\n\t\t\t\t<section class=\"elementor-section elementor-inner-section elementor-element elementor-element-01dbf05 elementor-section-boxed elementor-section-height-default elementor-section-height-default\" data-id=\"01dbf05\" data-element_type=\"section\">\r\n\t\t\r\n\t\t\t\t\t\t\t<div class=\"elementor-container elementor-column-gap-default\">\r\n\t\t\t\t\t\t\t\t\t\t\t<div class=\"elementor-column elementor-col-100 elementor-inner-column elementor-element elementor-element-dd7f538\" data-id=\"dd7f538\" data-element_type=\"column\">\r\n\t\t\t\t\t<div class=\"elementor-widget-wrap elementor-element-populated\">\r\n\t\t\t\t\t\t\t\t<div class=\"elementor-element elementor-element-5b26733 elementor-widget elementor-widget-heading\" data-id=\"5b26733\" data-element_type=\"widget\" data-widget_type=\"heading.default\">\n\t\t\t\t<div class=\"elementor-widget-container\">\n\t\t\t\t\t<h3 class=\"elementor-heading-title elementor-size-default\">Nat\u00fcrliche K\u00e4ltemittel<\/h3>\t\t\t\t<\/div>\n\t\t\t\t<\/div>\n\t\t\t\t<div class=\"elementor-element elementor-element-e0ff386 elementor-widget elementor-widget-text-editor\" data-id=\"e0ff386\" data-element_type=\"widget\" data-widget_type=\"text-editor.default\">\n\t\t\t\t<div class=\"elementor-widget-container\">\n\t\t\t\t\t\t\t\t\t<p>Verwendung von <a href=\"https:\/\/www.intarcon.com\/de\/technologie\/co2-kuhlsysteme\/\">CO2<\/a>, <a href=\"https:\/\/www.intarcon.com\/de\/technologie\/nh3-kaltetechnik\/\">NH3<\/a> und <a href=\"https:\/\/www.intarcon.com\/de\/technologie\/r290\/\">Propan<\/a> mit niedrigem GWP (Global Warming Potential), geringer F\u00fcllmenge und verringertem oder fast keinem Treibhauseffekt, wodurch die hohen Kosten, die durch die Verwendung von HFKW-K\u00e4ltemitteln entstehen, minimiert und die Umweltvorschriften eingehalten werden.<\/p>\t\t\t\t\t\t\t\t<\/div>\n\t\t\t\t<\/div>\n\t\t\t\t<div class=\"elementor-element elementor-element-6779791 elementor-widget elementor-widget-heading\" data-id=\"6779791\" data-element_type=\"widget\" data-widget_type=\"heading.default\">\n\t\t\t\t<div class=\"elementor-widget-container\">\n\t\t\t\t\t<h3 class=\"elementor-heading-title elementor-size-default\">CO2-Anlagen<\/h3>\t\t\t\t<\/div>\n\t\t\t\t<\/div>\n\t\t\t\t<div class=\"elementor-element elementor-element-f907146 elementor-widget elementor-widget-text-editor\" data-id=\"f907146\" data-element_type=\"widget\" data-widget_type=\"text-editor.default\">\n\t\t\t\t<div class=\"elementor-widget-container\">\n\t\t\t\t\t\t\t\t\t<p>Leistungsstarkes Ger\u00e4t mit doppelter Ansaugung, das gleichzeitig bei mittleren und sehr niedrigen Temperaturen (Tiefk\u00fchlung) arbeitet.<\/p>\t\t\t\t\t\t\t\t<\/div>\n\t\t\t\t<\/div>\n\t\t\t\t\t<\/div>\r\n\t\t\t\t<\/div>\r\n\t\t\t\t\t<\/div>\r\n\t\t\t\t<\/section>\r\n\t\t\t\t<section class=\"elementor-section elementor-inner-section elementor-element elementor-element-10a3f7c elementor-section-boxed elementor-section-height-default elementor-section-height-default\" data-id=\"10a3f7c\" data-element_type=\"section\">\r\n\t\t\r\n\t\t\t\t\t\t\t<div class=\"elementor-container elementor-column-gap-default\">\r\n\t\t\t\t\t\t\t\t\t\t\t<div class=\"elementor-column elementor-col-50 elementor-inner-column elementor-element elementor-element-fa7c134\" data-id=\"fa7c134\" data-element_type=\"column\">\r\n\t\t\t\t\t<div class=\"elementor-widget-wrap elementor-element-populated\">\r\n\t\t\t\t\t\t\t\t<div class=\"elementor-element elementor-element-ac62d68 elementor-widget elementor-widget-image\" data-id=\"ac62d68\" data-element_type=\"widget\" data-widget_type=\"image.default\">\n\t\t\t\t<div class=\"elementor-widget-container\">\n\t\t\t\t\t\t\t\t\t\t\t\t<figure class=\"wp-caption\">\n\t\t\t\t\t\t\t\t\t\t\t<a href=\"https:\/\/www.intarcon.com\/de\/produkt\/kalteanlagen-mit-nh3\/\">\n\t\t\t\t\t\t\t<img decoding=\"async\" src=\"https:\/\/www.intarcon.com\/wp-content\/uploads\/elementor\/thumbs\/planta-enfriadora-nh3-ammolite-qmuli7z6vlr6l0iefmei02lul2s50ztcv4f89uqens.webp\" title=\"planta-enfriadora-nh3-ammolite\" alt=\"Planta enfriadora NH3 para refrigeraci\u00f3n con amon\u00edaco - INTARCON\" loading=\"lazy\" \/>\t\t\t\t\t\t\t\t<\/a>\n\t\t\t\t\t\t\t\t\t\t\t<figcaption class=\"widget-image-caption wp-caption-text\">Ammolite-K\u00fchlanlage - INTARCON<\/figcaption>\n\t\t\t\t\t\t\t\t\t\t<\/figure>\n\t\t\t\t\t\t\t\t\t<\/div>\n\t\t\t\t<\/div>\n\t\t\t\t\t<\/div>\r\n\t\t\t\t<\/div>\r\n\t\t\t\t<div class=\"elementor-column elementor-col-50 elementor-inner-column elementor-element elementor-element-8a08ff1\" data-id=\"8a08ff1\" data-element_type=\"column\">\r\n\t\t\t\t\t<div class=\"elementor-widget-wrap elementor-element-populated\">\r\n\t\t\t\t\t\t\t\t<div class=\"elementor-element elementor-element-700ca5b elementor-widget elementor-widget-image\" data-id=\"700ca5b\" data-element_type=\"widget\" data-widget_type=\"image.default\">\n\t\t\t\t<div class=\"elementor-widget-container\">\n\t\t\t\t\t\t\t\t\t\t\t\t<figure class=\"wp-caption\">\n\t\t\t\t\t\t\t\t\t\t\t<a href=\"https:\/\/www.intarcon.com\/de\/technologie\/co2-kuhlsysteme\/\">\n\t\t\t\t\t\t\t<img decoding=\"async\" src=\"https:\/\/www.intarcon.com\/wp-content\/uploads\/elementor\/thumbs\/central-refrigeracion-co2-transcritico-eco2cube-qmukquwbx8aolo9a7slhez6s19ngy76nroqdbvazso.webp\" title=\"central-refrigeracion-co2-transcritico-eco2cube\" alt=\"Central de refrigeraci\u00f3n comercial de CO2 transcr\u00edtico ECO2CUBE - INTARCON\" loading=\"lazy\" \/>\t\t\t\t\t\t\t\t<\/a>\n\t\t\t\t\t\t\t\t\t\t\t<figcaption class=\"widget-image-caption wp-caption-text\">CO2-Anlagen - INTARCON<\/figcaption>\n\t\t\t\t\t\t\t\t\t\t<\/figure>\n\t\t\t\t\t\t\t\t\t<\/div>\n\t\t\t\t<\/div>\n\t\t\t\t\t<\/div>\r\n\t\t\t\t<\/div>\r\n\t\t\t\t\t<\/div>\r\n\t\t\t\t<\/section>\r\n\t\t\t\t<section class=\"elementor-section elementor-inner-section elementor-element elementor-element-39ca835 elementor-section-boxed elementor-section-height-default elementor-section-height-default\" data-id=\"39ca835\" data-element_type=\"section\">\r\n\t\t\r\n\t\t\t\t\t\t\t<div class=\"elementor-container elementor-column-gap-default\">\r\n\t\t\t\t\t\t\t\t\t\t\t<div class=\"elementor-column elementor-col-100 elementor-inner-column elementor-element elementor-element-31ae9e3\" data-id=\"31ae9e3\" data-element_type=\"column\">\r\n\t\t\t\t\t<div class=\"elementor-widget-wrap elementor-element-populated\">\r\n\t\t\t\t\t\t\t\t<div class=\"elementor-element elementor-element-e559707 elementor-widget elementor-widget-heading\" data-id=\"e559707\" data-element_type=\"widget\" data-widget_type=\"heading.default\">\n\t\t\t\t<div class=\"elementor-widget-container\">\n\t\t\t\t\t<h3 class=\"elementor-heading-title elementor-size-default\">Indirekte Systeme<\/h3>\t\t\t\t<\/div>\n\t\t\t\t<\/div>\n\t\t\t\t<div class=\"elementor-element elementor-element-6b2b2b5 elementor-widget elementor-widget-text-editor\" data-id=\"6b2b2b5\" data-element_type=\"widget\" data-widget_type=\"text-editor.default\">\n\t\t\t\t<div class=\"elementor-widget-container\">\n\t\t\t\t\t\t\t\t\t<p>Wasser-Glykol-K\u00e4ltesysteme (Waterloop-System, Kaltwassers\u00e4tze, Glykolring- und Luftk\u00fchler) reduzieren die K\u00e4ltemittelf\u00fcllung im System auf ein Minimum. Dies eliminiert das Risiko m\u00f6glicher HFKW-Lecks und hoher Kosten f\u00fcr die Bef\u00fcllung der K\u00e4ltemittelleitungen. Zus\u00e4tzlich zur Aufrechterhaltung einer schadstofffreien Produktionslinie und Atmosph\u00e4re werden das Risiko des Produktverderbs und m\u00f6gliche Risiken f\u00fcr Personal und gelagerte Produkte minimiert.<\/p>\t\t\t\t\t\t\t\t<\/div>\n\t\t\t\t<\/div>\n\t\t\t\t\t<\/div>\r\n\t\t\t\t<\/div>\r\n\t\t\t\t\t<\/div>\r\n\t\t\t\t<\/section>\r\n\t\t\t\t<section class=\"elementor-section elementor-inner-section elementor-element elementor-element-b42bb1a elementor-section-boxed elementor-section-height-default elementor-section-height-default\" data-id=\"b42bb1a\" data-element_type=\"section\">\r\n\t\t\r\n\t\t\t\t\t\t\t<div class=\"elementor-container elementor-column-gap-default\">\r\n\t\t\t\t\t\t\t\t\t\t\t<div class=\"elementor-column elementor-col-50 elementor-inner-column elementor-element elementor-element-aa082a2\" data-id=\"aa082a2\" data-element_type=\"column\">\r\n\t\t\t\t\t<div class=\"elementor-widget-wrap elementor-element-populated\">\r\n\t\t\t\t\t\t\t\t<div class=\"elementor-element elementor-element-bb1e3e5 elementor-widget elementor-widget-image\" data-id=\"bb1e3e5\" data-element_type=\"widget\" data-widget_type=\"image.default\">\n\t\t\t\t<div class=\"elementor-widget-container\">\n\t\t\t\t\t\t\t\t\t\t\t\t<figure class=\"wp-caption\">\n\t\t\t\t\t\t\t\t\t\t\t<a href=\"https:\/\/www.intarcon.com\/de\/technologie\/glykol\/kalteanlagen\/\">\n\t\t\t\t\t\t\t<img decoding=\"async\" src=\"https:\/\/www.intarcon.com\/wp-content\/uploads\/elementor\/thumbs\/planta-enfriadora-glicol-refrigeracion-intarwatt-rjoomrc6n13ecvhsqd7w33z9qpzqx48jukk8ftzl4o.webp\" title=\"planta-enfriadora-glicol-refrigeracion-intarwatt\" alt=\"Plantas enfriadoras de refrigeraci\u00f3n con glicol intarWatt - INTARCON\" loading=\"lazy\" \/>\t\t\t\t\t\t\t\t<\/a>\n\t\t\t\t\t\t\t\t\t\t\t<figcaption class=\"widget-image-caption wp-caption-text\">Glykol-K\u00fchlanlagen - INTARCON<\/figcaption>\n\t\t\t\t\t\t\t\t\t\t<\/figure>\n\t\t\t\t\t\t\t\t\t<\/div>\n\t\t\t\t<\/div>\n\t\t\t\t\t<\/div>\r\n\t\t\t\t<\/div>\r\n\t\t\t\t<div class=\"elementor-column elementor-col-50 elementor-inner-column elementor-element elementor-element-6bec66f\" data-id=\"6bec66f\" data-element_type=\"column\">\r\n\t\t\t\t\t<div class=\"elementor-widget-wrap elementor-element-populated\">\r\n\t\t\t\t\t\t\t\t<div class=\"elementor-element elementor-element-34ed399 elementor-widget elementor-widget-image\" data-id=\"34ed399\" data-element_type=\"widget\" data-widget_type=\"image.default\">\n\t\t\t\t<div class=\"elementor-widget-container\">\n\t\t\t\t\t\t\t\t\t\t\t\t<figure class=\"wp-caption\">\n\t\t\t\t\t\t\t\t\t\t\t<a href=\"https:\/\/www.intarcon.com\/de\/technologie\/waterloop-system\/\">\n\t\t\t\t\t\t\t<img decoding=\"async\" src=\"https:\/\/www.intarcon.com\/wp-content\/uploads\/elementor\/thumbs\/grupo-condensado-agua-waterloop-qmuhw29qihkswvknguza8f11babe5u3fawbqxhpy9k.webp\" title=\"grupo-condensado-agua-waterloop\" alt=\"Grupo frigor\u00edfico condensado por agua gama Waterloop -INTARCON\" loading=\"lazy\" \/>\t\t\t\t\t\t\t\t<\/a>\n\t\t\t\t\t\t\t\t\t\t\t<figcaption class=\"widget-image-caption wp-caption-text\">Sistema Wasserlauf  - INTARCON<\/figcaption>\n\t\t\t\t\t\t\t\t\t\t<\/figure>\n\t\t\t\t\t\t\t\t\t<\/div>\n\t\t\t\t<\/div>\n\t\t\t\t\t<\/div>\r\n\t\t\t\t<\/div>\r\n\t\t\t\t\t<\/div>\r\n\t\t\t\t<\/section>\r\n\t\t\t\t<div class=\"elementor-element elementor-element-102e7f3 elementor-widget elementor-widget-heading\" data-id=\"102e7f3\" data-element_type=\"widget\" data-widget_type=\"heading.default\">\n\t\t\t\t<div class=\"elementor-widget-container\">\n\t\t\t\t\t<h3 class=\"elementor-heading-title elementor-size-default\">Schnellk\u00fchler-Verdampfer f\u00fcr Gefriertunnel<\/h3>\t\t\t\t<\/div>\n\t\t\t\t<\/div>\n\t\t\t\t<div class=\"elementor-element elementor-element-59d03a4 elementor-widget elementor-widget-text-editor\" data-id=\"59d03a4\" data-element_type=\"widget\" data-widget_type=\"text-editor.default\">\n\t\t\t\t<div class=\"elementor-widget-container\">\n\t\t\t\t\t\t\t\t\t<p>Sie dienen einem der wichtigsten Schritte der Lebensmittelkonservierung, um die typischen Probleme des Einfrierens durch die Bildung von Eiskristallen in den Zellzwischenr\u00e4umen zu vermeiden. Dies f\u00fchrt dazu, dass Wasser aus den Zellen entweicht, um den Anstieg des osmotischen Drucks auszugleichen, was zu einer Austrocknung des Produkts und damit zu einem Gewichtsverlust f\u00fchrt. Zu diesem Zweck wurden Ger\u00e4te mit Gebl\u00e4sen mit hohem statischen Druck und hocheffizienten W\u00e4rmetauschern entwickelt, um die Gefrierzeit zu verk\u00fcrzen und die Bildung kleinerer Kristalle zu f\u00f6rdern, wodurch der Verlust an organoleptischen und physikalisch-chemischen Eigenschaften verringert wird.<\/p>\t\t\t\t\t\t\t\t<\/div>\n\t\t\t\t<\/div>\n\t\t\t\t<div class=\"elementor-element elementor-element-1317acd elementor-widget elementor-widget-image\" data-id=\"1317acd\" data-element_type=\"widget\" data-widget_type=\"image.default\">\n\t\t\t\t<div class=\"elementor-widget-container\">\n\t\t\t\t\t\t\t\t\t\t\t\t<figure class=\"wp-caption\">\n\t\t\t\t\t\t\t\t\t\t<img decoding=\"async\" width=\"590\" height=\"160\" src=\"https:\/\/www.intarcon.com\/wp-content\/uploads\/2022\/11\/kaninchen-muskel-querschnitt.webp\" class=\"attachment-large size-large wp-image-72059\" alt=\"Kaninchen-Muskel-Querschnitt - INTARCON\" srcset=\"https:\/\/www.intarcon.com\/wp-content\/uploads\/2022\/11\/kaninchen-muskel-querschnitt.webp 590w, https:\/\/www.intarcon.com\/wp-content\/uploads\/2022\/11\/kaninchen-muskel-querschnitt-400x108.webp 400w, https:\/\/www.intarcon.com\/wp-content\/uploads\/2022\/11\/kaninchen-muskel-querschnitt-367x100.webp 367w\" sizes=\"(max-width: 590px) 100vw, 590px\" \/>\t\t\t\t\t\t\t\t\t\t\t<figcaption class=\"widget-image-caption wp-caption-text\">Querschnitt eines Kaninchenmuskels (Caro Gonz\u00e1lez, J.R. &amp; Maldonado Vela, N.E. (2001). Studie \u00fcber die Auswirkungen des Einfrierens als Methode zur Konservierung von Kaninchenschlachtk\u00f6rpern.<\/figcaption>\n\t\t\t\t\t\t\t\t\t\t<\/figure>\n\t\t\t\t\t\t\t\t\t<\/div>\n\t\t\t\t<\/div>\n\t\t\t\t<section class=\"elementor-section elementor-inner-section elementor-element elementor-element-7ef2845 elementor-section-boxed elementor-section-height-default elementor-section-height-default\" data-id=\"7ef2845\" data-element_type=\"section\">\r\n\t\t\r\n\t\t\t\t\t\t\t<div class=\"elementor-container elementor-column-gap-default\">\r\n\t\t\t\t\t\t\t\t\t\t\t<div class=\"elementor-column elementor-col-100 elementor-inner-column elementor-element elementor-element-0cf7a0a\" data-id=\"0cf7a0a\" data-element_type=\"column\">\r\n\t\t\t\t\t<div class=\"elementor-widget-wrap elementor-element-populated\">\r\n\t\t\t\t\t\t\t\t<div class=\"elementor-element elementor-element-d13ea9c elementor-widget elementor-widget-heading\" data-id=\"d13ea9c\" data-element_type=\"widget\" data-widget_type=\"heading.default\">\n\t\t\t\t<div class=\"elementor-widget-container\">\n\t\t\t\t\t<h3 class=\"elementor-heading-title elementor-size-default\">Luftentkeimung und HEPA-Filter-Sterilisationssysteme<\/h3>\t\t\t\t<\/div>\n\t\t\t\t<\/div>\n\t\t\t\t<div class=\"elementor-element elementor-element-3a57923 elementor-widget elementor-widget-text-editor\" data-id=\"3a57923\" data-element_type=\"widget\" data-widget_type=\"text-editor.default\">\n\t\t\t\t<div class=\"elementor-widget-container\">\n\t\t\t\t\t\t\t\t\t<p>Dies ist der Fall bei unserem <a href=\"https:\/\/www.intarcon.com\/de\/technologie\/andere-technologien\/\">intarSANIT<\/a>, das durch Behandlung mit ultraviolettem C-Licht (UV-C) in R\u00e4umen der Lebensmittelverarbeitung und in Bereichen mit strengen Anforderungen an die Kontrolle von Bioaerosolen und Schwebstoffen (Bakterien, Pilze, Viren, PM2,5 usw.) funktioniert.<\/p>\t\t\t\t\t\t\t\t<\/div>\n\t\t\t\t<\/div>\n\t\t\t\t<div class=\"elementor-element elementor-element-161c7fd elementor-widget elementor-widget-heading\" data-id=\"161c7fd\" data-element_type=\"widget\" data-widget_type=\"heading.default\">\n\t\t\t\t<div class=\"elementor-widget-container\">\n\t\t\t\t\t<h3 class=\"elementor-heading-title elementor-size-default\">Batteriedimensionierung f\u00fcr tropische Umgebungen (45\u00baC und 50\u00baC)<\/h3>\t\t\t\t<\/div>\n\t\t\t\t<\/div>\n\t\t\t\t<div class=\"elementor-element elementor-element-5166878 elementor-widget elementor-widget-text-editor\" data-id=\"5166878\" data-element_type=\"widget\" data-widget_type=\"text-editor.default\">\n\t\t\t\t<div class=\"elementor-widget-container\">\n\t\t\t\t\t\t\t\t\t<p>Steigende H\u00f6chsttemperaturen und der Export in tropische Gebiete haben zu einer Batteriekonstruktion gef\u00fchrt, deren Betriebsbereich an diese neue Situation angepasst ist.<\/p>\t\t\t\t\t\t\t\t<\/div>\n\t\t\t\t<\/div>\n\t\t\t\t<div class=\"elementor-element elementor-element-9257aa2 elementor-widget elementor-widget-heading\" data-id=\"9257aa2\" data-element_type=\"widget\" data-widget_type=\"heading.default\">\n\t\t\t\t<div class=\"elementor-widget-container\">\n\t\t\t\t\t<h3 class=\"elementor-heading-title elementor-size-default\">Ger\u00e4te mit spezifischem Design und Funktionen wie z. B.:<\/h3>\t\t\t\t<\/div>\n\t\t\t\t<\/div>\n\t\t\t\t<div class=\"elementor-element elementor-element-cab4cf6 elementor-widget elementor-widget-text-editor\" data-id=\"cab4cf6\" data-element_type=\"widget\" data-widget_type=\"text-editor.default\">\n\t\t\t\t<div class=\"elementor-widget-container\">\n\t\t\t\t\t\t\t\t\t<ul><li><a href=\"https:\/\/www.intarcon.com\/de\/produkt\/gerate-fur-weinkeller\/\">K\u00fchlsysteme f\u00fcr Weinkeller.<\/a><\/li><li><a href=\"https:\/\/www.intarcon.com\/de\/produkt\/gerate-fur-die-lagerung-und-reifung-von-fleisch\/\">Ger\u00e4te zur Konservierung und Reifung von Fleisch.<\/a><\/li><\/ul>\t\t\t\t\t\t\t\t<\/div>\n\t\t\t\t<\/div>\n\t\t\t\t\t<\/div>\r\n\t\t\t\t<\/div>\r\n\t\t\t\t\t<\/div>\r\n\t\t\t\t<\/section>\r\n\t\t\t\t<section class=\"elementor-section elementor-inner-section elementor-element elementor-element-a5cba62 elementor-section-boxed elementor-section-height-default elementor-section-height-default\" data-id=\"a5cba62\" data-element_type=\"section\">\r\n\t\t\r\n\t\t\t\t\t\t\t<div class=\"elementor-container elementor-column-gap-default\">\r\n\t\t\t\t\t\t\t\t\t\t\t<div class=\"elementor-column elementor-col-50 elementor-inner-column elementor-element elementor-element-aaa07ee\" data-id=\"aaa07ee\" data-element_type=\"column\">\r\n\t\t\t\t\t<div class=\"elementor-widget-wrap elementor-element-populated\">\r\n\t\t\t\t\t\t\t\t<div class=\"elementor-element elementor-element-4d9476c elementor-widget elementor-widget-image\" data-id=\"4d9476c\" data-element_type=\"widget\" data-widget_type=\"image.default\">\n\t\t\t\t<div class=\"elementor-widget-container\">\n\t\t\t\t\t\t\t\t\t\t\t\t<figure class=\"wp-caption\">\n\t\t\t\t\t\t\t\t\t\t\t<a href=\"https:\/\/www.intarcon.com\/de\/technologie\/andere-technologien\/\">\n\t\t\t\t\t\t\t<img decoding=\"async\" src=\"https:\/\/www.intarcon.com\/wp-content\/uploads\/elementor\/thumbs\/esterilizacion-purificacion-aire-qmvv859a5uwgftppe2yj3q8xgi89gw0rtoxiqmaz7c.webp\" title=\"esterilizacion-purificacion-aire\" alt=\"Equipo de esterilizaci\u00f3n y purificaci\u00f3n del aire en salas - INTARCON\" loading=\"lazy\" \/>\t\t\t\t\t\t\t\t<\/a>\n\t\t\t\t\t\t\t\t\t\t\t<figcaption class=\"widget-image-caption wp-caption-text\">Behandlung und Reinigung der Luft - INTARCON<\/figcaption>\n\t\t\t\t\t\t\t\t\t\t<\/figure>\n\t\t\t\t\t\t\t\t\t<\/div>\n\t\t\t\t<\/div>\n\t\t\t\t\t<\/div>\r\n\t\t\t\t<\/div>\r\n\t\t\t\t<div class=\"elementor-column elementor-col-50 elementor-inner-column elementor-element elementor-element-e281a45\" data-id=\"e281a45\" data-element_type=\"column\">\r\n\t\t\t\t\t<div class=\"elementor-widget-wrap elementor-element-populated\">\r\n\t\t\t\t\t\t\t\t<div class=\"elementor-element elementor-element-6d39c4e elementor-widget elementor-widget-image\" data-id=\"6d39c4e\" data-element_type=\"widget\" data-widget_type=\"image.default\">\n\t\t\t\t<div class=\"elementor-widget-container\">\n\t\t\t\t\t\t\t\t\t\t\t\t<figure class=\"wp-caption\">\n\t\t\t\t\t\t\t\t\t\t\t<a href=\"https:\/\/www.intarcon.com\/de\/technologie\/hfc-kaltetechnik\/gewerbliche-split\/\">\n\t\t\t\t\t\t\t<img decoding=\"async\" src=\"https:\/\/www.intarcon.com\/wp-content\/uploads\/elementor\/thumbs\/equipo-semicompacto-alta-humedad-qmw1a4zt5nbf072fgt6pv7wd2hrrlufqsnmeht3260.webp\" title=\"equipo-semicompacto-alta-humedad\" alt=\"Equipo semicompacto de refrigeraci\u00f3n para alta humedad\" loading=\"lazy\" \/>\t\t\t\t\t\t\t\t<\/a>\n\t\t\t\t\t\t\t\t\t\t\t<figcaption class=\"widget-image-caption wp-caption-text\">Gewerbliche Split -INTARCON<\/figcaption>\n\t\t\t\t\t\t\t\t\t\t<\/figure>\n\t\t\t\t\t\t\t\t\t<\/div>\n\t\t\t\t<\/div>\n\t\t\t\t\t<\/div>\r\n\t\t\t\t<\/div>\r\n\t\t\t\t\t<\/div>\r\n\t\t\t\t<\/section>\r\n\t\t\t\t<div class=\"elementor-element elementor-element-14474c0 elementor-widget elementor-widget-heading\" data-id=\"14474c0\" data-element_type=\"widget\" data-widget_type=\"heading.default\">\n\t\t\t\t<div class=\"elementor-widget-container\">\n\t\t\t\t\t<h3 class=\"elementor-heading-title elementor-size-default\">Konstruktion von Ger\u00e4ten mit unabh\u00e4ngigen K\u00fchlkreisl\u00e4ufen<\/h3>\t\t\t\t<\/div>\n\t\t\t\t<\/div>\n\t\t\t\t<div class=\"elementor-element elementor-element-58479d3 elementor-widget elementor-widget-text-editor\" data-id=\"58479d3\" data-element_type=\"widget\" data-widget_type=\"text-editor.default\">\n\t\t\t\t<div class=\"elementor-widget-container\">\n\t\t\t\t\t\t\t\t\t<p>So kann das Ger\u00e4t im Falle einer St\u00f6rung mit geringerer K\u00fchlleistung weiter betrieben werden, w\u00e4hrend der fehlerhafte Kreislauf gewartet oder repariert wird.<\/p>\t\t\t\t\t\t\t\t<\/div>\n\t\t\t\t<\/div>\n\t\t\t\t<div class=\"elementor-element elementor-element-3841983 elementor-widget elementor-widget-heading\" data-id=\"3841983\" data-element_type=\"widget\" data-widget_type=\"heading.default\">\n\t\t\t\t<div class=\"elementor-widget-container\">\n\t\t\t\t\t<h3 class=\"elementor-heading-title elementor-size-default\">Ger\u00e4te mit Design und Funktionen f\u00fcr erh\u00f6hte Energieeffizienz<\/h3>\t\t\t\t<\/div>\n\t\t\t\t<\/div>\n\t\t\t\t<div class=\"elementor-element elementor-element-0a9b0be elementor-widget elementor-widget-text-editor\" data-id=\"0a9b0be\" data-element_type=\"widget\" data-widget_type=\"text-editor.default\">\n\t\t\t\t<div class=\"elementor-widget-container\">\n\t\t\t\t\t\t\t\t\t<ul><li><span style=\"text-decoration: underline;\"><strong>Kapazit\u00e4ts\u00e4nderungssystem (CRV).<\/strong><\/span> Eine Reihe von Ventilen, die es erm\u00f6glichen, die K\u00fchlleistung eines Kompressors stufenlos zu regulieren und dabei die aufgenommene elektrische Leistung zu reduzieren und den Kompressor zu sch\u00fctzen. Dieses System f\u00fchrt zu gleichm\u00e4\u00dfigen Kammertemperaturen mit weniger Kompressorstopps und -starts, so dass der Saugleitungsdruck konstant gehalten werden kann.<\/li><li><span style=\"text-decoration: underline;\"><strong>Dampfeinspritzsystem.<\/strong><\/span> Basierend auf dem Einsatz eines W\u00e4rmetauschers, der die Unterk\u00fchlung der Fl\u00fcssigkeit am Ausgang des Verfl\u00fcssigers und die Verdampfung des K\u00e4ltemittels in der Saugleitung bewirkt. Auf diese Weise wird in der Mitte des Verdichtungszyklus Dampf eingespritzt und die Gasaustrittstemperatur gesenkt. Schlie\u00dflich erh\u00f6ht es die K\u00fchlleistung und die Effizienz des K\u00e4ltemittelkreislaufs.<\/li><li><strong><u>Free Cooling<\/u><\/strong>. Ideal f\u00fcr Umgebungen, in denen die Au\u00dfentemperatur in den Wintermonaten ausreichend niedrig ist. Auf diese Weise erm\u00f6glicht es den Austausch der Wasser- oder Glykoltemperatur mit der Umgebung, um auf die Kompression und deren Stromverbrauch zu verzichten.<\/li><\/ul>\t\t\t\t\t\t\t\t<\/div>\n\t\t\t\t<\/div>\n\t\t\t\t<div class=\"elementor-element elementor-element-e637b10 elementor-widget elementor-widget-heading\" data-id=\"e637b10\" data-element_type=\"widget\" data-widget_type=\"heading.default\">\n\t\t\t\t<div class=\"elementor-widget-container\">\n\t\t\t\t\t<h3 class=\"elementor-heading-title elementor-size-default\">Energieeffiziente Ger\u00e4te<\/h3>\t\t\t\t<\/div>\n\t\t\t\t<\/div>\n\t\t\t\t<div class=\"elementor-element elementor-element-abac068 elementor-widget elementor-widget-text-editor\" data-id=\"abac068\" data-element_type=\"widget\" data-widget_type=\"text-editor.default\">\n\t\t\t\t<div class=\"elementor-widget-container\">\n\t\t\t\t\t\t\t\t\t<ul><li><span style=\"text-decoration: underline;\"><strong>Systeme zur W\u00e4rmer\u00fcckgewinnung.<\/strong><\/span> Sie erm\u00f6glichen die Wiederverwendung der im Kondensator abgeleiteten W\u00e4rmeenergie durch das System, wodurch Warmwasser entsteht, das f\u00fcr die Desinfektion von Oberfl\u00e4chen ben\u00f6tigt wird. Vermeidung des Einsatzes von Verbrennungsanlagen wie Heizkesseln oder elektrischen Anlagen zur Gewinnung des Stoffes (z. B. Brauereien, Molkereien usw.).<\/li><li><span style=\"text-decoration: underline;\"><strong>Schwebendes Kondenswasser.<\/strong><\/span> In Verfl\u00fcssigungss\u00e4tzen f\u00fchrt sie zu erheblichen Energieeinsparungen, da die Drehzahl der Ventilatoren entsprechend den Schwankungen der Au\u00dfentemperatur moduliert werden kann.<\/li><li><span style=\"text-decoration: underline;\"><strong>Hei\u00dfgasabtauung.<\/strong><\/span> Sie erm\u00f6glicht es, die hohe Ausblastemperatur des Kompressors zu nutzen, um den im Verdampfer der Kammer gebildeten Reif abzutauen, wodurch die W\u00e4rmezufuhr \u00fcber elektrische Widerst\u00e4nde vermieden und somit der Stromverbrauch reduziert wird.<\/li><li><span style=\"text-decoration: underline;\"><strong>Intelligentes Abtauen.<\/strong><\/span> Sie besteht darin, die notwendigen Abtauungen durchzuf\u00fchren und die programmierten zu verwerfen, dank fr\u00fcherer Aufzeichnungen \u00fcber deren Dauer oder den Zeitpunkt der Frostbildung.<\/li><li><span style=\"text-decoration: underline;\"><strong>Frequenzumrichter (<a href=\"https:\/\/www.intarcon.com\/de\/technologie\/hfc-kaltetechnik\/gewerbliche-split\/\">Inverter<\/a>)<\/strong><\/span>. Sie werden bei Kompressoren, Gebl\u00e4sen und Hydraulikpumpen eingesetzt, um den Stromverbrauch durch elektronische Sanftanl\u00e4ufe und die Modulation der Motordrehzahl zu senken und so die Lebensdauer dieser Komponenten zu verl\u00e4ngern.<\/li><\/ul>\t\t\t\t\t\t\t\t<\/div>\n\t\t\t\t<\/div>\n\t\t\t\t<div class=\"elementor-element elementor-element-68aec42 elementor-widget elementor-widget-image\" data-id=\"68aec42\" data-element_type=\"widget\" data-widget_type=\"image.default\">\n\t\t\t\t<div class=\"elementor-widget-container\">\n\t\t\t\t\t\t\t\t\t\t\t\t\t\t\t<img decoding=\"async\" width=\"1140\" height=\"445\" src=\"https:\/\/www.intarcon.com\/wp-content\/uploads\/2022\/09\/cabecera-evaporadores-de-refrigeracion-INTARCON.webp\" class=\"attachment-large size-large wp-image-69960\" alt=\"Cabecera evaporadores de refrigeraci\u00f3n INTARCON\" srcset=\"https:\/\/www.intarcon.com\/wp-content\/uploads\/2022\/09\/cabecera-evaporadores-de-refrigeracion-INTARCON.webp 1140w, https:\/\/www.intarcon.com\/wp-content\/uploads\/2022\/09\/cabecera-evaporadores-de-refrigeracion-INTARCON-768x300.webp 768w, https:\/\/www.intarcon.com\/wp-content\/uploads\/2022\/09\/cabecera-evaporadores-de-refrigeracion-INTARCON-640x250.webp 640w, https:\/\/www.intarcon.com\/wp-content\/uploads\/2022\/09\/cabecera-evaporadores-de-refrigeracion-INTARCON-400x156.webp 400w, https:\/\/www.intarcon.com\/wp-content\/uploads\/2022\/09\/cabecera-evaporadores-de-refrigeracion-INTARCON-367x143.webp 367w, https:\/\/www.intarcon.com\/wp-content\/uploads\/2022\/09\/cabecera-evaporadores-de-refrigeracion-INTARCON-600x234.webp 600w\" sizes=\"(max-width: 1140px) 100vw, 1140px\" \/>\t\t\t\t\t\t\t\t\t\t\t\t\t\t\t<\/div>\n\t\t\t\t<\/div>\n\t\t\t\t<div class=\"elementor-element elementor-element-52e2295 elementor-widget elementor-widget-heading\" data-id=\"52e2295\" data-element_type=\"widget\" data-widget_type=\"heading.default\">\n\t\t\t\t<div class=\"elementor-widget-container\">\n\t\t\t\t\t<h3 class=\"elementor-heading-title elementor-size-default\">Optional<\/h3>\t\t\t\t<\/div>\n\t\t\t\t<\/div>\n\t\t\t\t<div class=\"elementor-element elementor-element-b37c8de elementor-widget elementor-widget-text-editor\" data-id=\"b37c8de\" data-element_type=\"widget\" data-widget_type=\"text-editor.default\">\n\t\t\t\t<div class=\"elementor-widget-container\">\n\t\t\t\t\t\t\t\t\t<p>Erw\u00e4hnenswert sind auch einige der wichtigsten Sonderausstattungen bei K\u00fchll\u00f6sungen f\u00fcr die Agrar- und Lebensmittelindustrie:<\/p><ul><li style=\"list-style-type: none;\"><ul><li><strong>Korrosionsschutzbehandlung von Batterien.<\/strong> Es handelt sich um eine Polyurethan-Beschichtung, die die Korrosion der Batterie verhindert, wenn sie salzhaltigen Umgebungen und hoher Luftfeuchtigkeit ausgesetzt ist (z. B. Kondensatoren in K\u00fcstengebieten, Verdampfer in Fisch- oder Meeresfr\u00fcchtekammern usw.).<\/li><li><span style=\"text-decoration: underline;\"><strong>Warm-up-\u00c4rmel<\/strong><\/span>. Sie verhindern, dass w\u00e4hrend der Abtauung des Verdampfers W\u00e4rme in die Kammer \u00fcbertragen wird. Um die Temperaturschwankungen im Inneren der Kammer zu minimieren und eine Unterbrechung der K\u00fchlkette zu vermeiden.<\/li><li>Digitalisierungssystem (Kiconex). Die Fortschritte in der Ger\u00e4te\u00fcberwachung erm\u00f6glichen einen tiefgreifenden Wandel des Sektors und f\u00fchren zu Fortschritten in diesem Bereich:<ul><li>Automatisierung und Datenerfassung.<\/li><li>Zeitersparnis bei der vorbeugenden Wartung.<\/li><li>F\u00e4higkeit, m\u00f6gliche Ger\u00e4teausf\u00e4lle aus der Ferne vorherzusehen und zu visualisieren.<\/li><li>Umfassende Kontrolle der Ger\u00e4te, die eine Ferneinstellung des Ger\u00e4tebetriebs erm\u00f6glicht.<\/li><\/ul><\/li><\/ul><\/li><\/ul><p>In Zukunft werden die gesellschaftlichen Anforderungen in Bezug auf Lebensmittelsicherheit, effizienten Energieverbrauch, Verwendung nachhaltiger Materialien und Ger\u00e4te usw. steigen.<\/p><p>In der Zwischenzeit arbeitet <strong>INTARCON weiter an der L\u00f6sung k\u00fcnftiger Anforderungen.<\/strong><\/p>\t\t\t\t\t\t\t\t<\/div>\n\t\t\t\t<\/div>\n\t\t\t\t<div class=\"elementor-element elementor-element-f26b010 elementor-widget elementor-widget-image\" data-id=\"f26b010\" data-element_type=\"widget\" data-widget_type=\"image.default\">\n\t\t\t\t<div class=\"elementor-widget-container\">\n\t\t\t\t\t\t\t\t\t\t\t\t\t\t\t\t<a href=\"https:\/\/www.intarcon.com\/de\/technische-beratung\/\">\n\t\t\t\t\t\t\t<img loading=\"lazy\" decoding=\"async\" width=\"1191\" height=\"347\" src=\"https:\/\/www.intarcon.com\/wp-content\/uploads\/2022\/07\/CTA-Solicitar-Asesoria-DE.webp\" class=\"attachment-large size-large wp-image-68608\" alt=\"Technische Beratung anfordern - INTARCON\" srcset=\"https:\/\/www.intarcon.com\/wp-content\/uploads\/2022\/07\/CTA-Solicitar-Asesoria-DE.webp 1191w, https:\/\/www.intarcon.com\/wp-content\/uploads\/2022\/07\/CTA-Solicitar-Asesoria-DE-768x224.webp 768w, https:\/\/www.intarcon.com\/wp-content\/uploads\/2022\/07\/CTA-Solicitar-Asesoria-DE-640x186.webp 640w, https:\/\/www.intarcon.com\/wp-content\/uploads\/2022\/07\/CTA-Solicitar-Asesoria-DE-400x117.webp 400w, https:\/\/www.intarcon.com\/wp-content\/uploads\/2022\/07\/CTA-Solicitar-Asesoria-DE-367x107.webp 367w, https:\/\/www.intarcon.com\/wp-content\/uploads\/2022\/07\/CTA-Solicitar-Asesoria-DE-600x175.webp 600w\" sizes=\"(max-width: 1191px) 100vw, 1191px\" \/>\t\t\t\t\t\t\t\t<\/a>\n\t\t\t\t\t\t\t\t\t\t\t\t\t\t\t<\/div>\n\t\t\t\t<\/div>\n\t\t\t\t\t<\/div>\r\n\t\t\t\t<\/div>\r\n\t\t\t\t\t<\/div>\r\n\t\t\t\t<\/section>\r\n\t\t\t\t<\/div>\n\t\t","protected":false},"excerpt":{"rendered":"<p>Wir alle kennen die sozio\u00f6konomischen und \u00f6kologischen Vorteile, die sich aus der Verl\u00e4ngerung der Haltbarkeit von Lebensmitteln ergeben. Dies verdanken wir den st\u00e4ndigen Verbesserungen und Innovationen im Bereich der K\u00fchlung f\u00fcr die Agrar- und Ern\u00e4hrungsindustrie. Doch wie wird dies erreicht? Wie die WHO (Weltgesundheitsorganisation) in einem ihrer f\u00fcnf Schl\u00fcssel zur Erhaltung der Lebensmittelsicherheit darlegt (&#8220;Key [&hellip;]<\/p>\n","protected":false},"author":2,"featured_media":72233,"comment_status":"closed","ping_status":"open","sticky":false,"template":"","format":"standard","meta":{"footnotes":""},"categories":[679,676],"tags":[],"class_list":["post-72052","post","type-post","status-publish","format-standard","has-post-thumbnail","hentry","category-food-refrigeration","category-refrigeracion-alimentos"],"featured_image_src":{"landsacpe":["https:\/\/www.intarcon.com\/wp-content\/uploads\/2022\/11\/refrigeracion-para-la-industria-agroalimentaria-1140x445.webp",1140,445,true],"list":["https:\/\/www.intarcon.com\/wp-content\/uploads\/2022\/11\/refrigeracion-para-la-industria-agroalimentaria-463x348.webp",463,348,true],"medium":["https:\/\/www.intarcon.com\/wp-content\/uploads\/2022\/11\/refrigeracion-para-la-industria-agroalimentaria.webp",2375,927,false],"full":["https:\/\/www.intarcon.com\/wp-content\/uploads\/2022\/11\/refrigeracion-para-la-industria-agroalimentaria.webp",2375,927,false]},"yoast_head":"<!-- This site is optimized with the Yoast SEO plugin v25.5 - https:\/\/yoast.com\/wordpress\/plugins\/seo\/ -->\n<title>K\u00e4ltetechnik f\u00fcr die Agrar- und Ern\u00e4hrungsindustrie - INTARCON<\/title>\n<meta name=\"description\" content=\"Was wird mit K\u00fchll\u00f6sungen f\u00fcr die Agrar- und Ern\u00e4hrungsindustrie erreicht? Entdecken Sie ihre Entwicklung, ihren Werdegang und ihre Vorteile.\" \/>\n<meta name=\"robots\" content=\"index, follow, max-snippet:-1, max-image-preview:large, max-video-preview:-1\" \/>\n<link rel=\"canonical\" href=\"https:\/\/www.intarcon.com\/de\/kaltetechnik-fur-die-agrar-und-ernahrungsindustrie\/\" \/>\n<meta property=\"og:locale\" content=\"de_DE\" \/>\n<meta property=\"og:type\" content=\"article\" \/>\n<meta property=\"og:title\" content=\"K\u00e4ltetechnik f\u00fcr die Agrar- und Ern\u00e4hrungsindustrie - INTARCON\" \/>\n<meta property=\"og:description\" content=\"Was wird mit K\u00fchll\u00f6sungen f\u00fcr die Agrar- und Ern\u00e4hrungsindustrie erreicht? Entdecken Sie ihre Entwicklung, ihren Werdegang und ihre Vorteile.\" \/>\n<meta property=\"og:url\" content=\"https:\/\/www.intarcon.com\/de\/kaltetechnik-fur-die-agrar-und-ernahrungsindustrie\/\" \/>\n<meta property=\"og:site_name\" content=\"INTARCON\" \/>\n<meta property=\"article:publisher\" content=\"https:\/\/www.facebook.com\/intarcon\/\" \/>\n<meta property=\"article:published_time\" content=\"2022-11-24T11:42:22+00:00\" \/>\n<meta property=\"article:modified_time\" content=\"2024-06-04T13:59:18+00:00\" \/>\n<meta property=\"og:image\" content=\"https:\/\/www.intarcon.com\/wp-content\/uploads\/2022\/11\/refrigeracion-para-la-industria-agroalimentaria.webp\" \/>\n\t<meta property=\"og:image:width\" content=\"2375\" \/>\n\t<meta property=\"og:image:height\" content=\"927\" \/>\n\t<meta property=\"og:image:type\" content=\"image\/webp\" \/>\n<meta name=\"author\" content=\"INTARCON\" \/>\n<meta name=\"twitter:card\" content=\"summary_large_image\" \/>\n<meta name=\"twitter:creator\" content=\"@Intarcon\" \/>\n<meta name=\"twitter:site\" content=\"@Intarcon\" \/>\n<meta name=\"twitter:label1\" content=\"Written by\" \/>\n\t<meta name=\"twitter:data1\" content=\"INTARCON\" \/>\n\t<meta name=\"twitter:label2\" content=\"Est. reading time\" \/>\n\t<meta name=\"twitter:data2\" content=\"8 minutes\" \/>\n<script type=\"application\/ld+json\" class=\"yoast-schema-graph\">{\"@context\":\"https:\/\/schema.org\",\"@graph\":[{\"@type\":\"WebPage\",\"@id\":\"https:\/\/www.intarcon.com\/de\/kaltetechnik-fur-die-agrar-und-ernahrungsindustrie\/\",\"url\":\"https:\/\/www.intarcon.com\/de\/kaltetechnik-fur-die-agrar-und-ernahrungsindustrie\/\",\"name\":\"K\u00e4ltetechnik f\u00fcr die Agrar- und Ern\u00e4hrungsindustrie - INTARCON\",\"isPartOf\":{\"@id\":\"https:\/\/www.intarcon.com\/de\/#website\"},\"primaryImageOfPage\":{\"@id\":\"https:\/\/www.intarcon.com\/de\/kaltetechnik-fur-die-agrar-und-ernahrungsindustrie\/#primaryimage\"},\"image\":{\"@id\":\"https:\/\/www.intarcon.com\/de\/kaltetechnik-fur-die-agrar-und-ernahrungsindustrie\/#primaryimage\"},\"thumbnailUrl\":\"https:\/\/www.intarcon.com\/wp-content\/uploads\/2022\/11\/refrigeracion-para-la-industria-agroalimentaria.webp\",\"datePublished\":\"2022-11-24T11:42:22+00:00\",\"dateModified\":\"2024-06-04T13:59:18+00:00\",\"author\":{\"@id\":\"https:\/\/www.intarcon.com\/de\/#\/schema\/person\/3953ab26cc806bd58bd91f8a62054c03\"},\"description\":\"Was wird mit K\u00fchll\u00f6sungen f\u00fcr die Agrar- und Ern\u00e4hrungsindustrie erreicht? Entdecken Sie ihre Entwicklung, ihren Werdegang und ihre Vorteile.\",\"breadcrumb\":{\"@id\":\"https:\/\/www.intarcon.com\/de\/kaltetechnik-fur-die-agrar-und-ernahrungsindustrie\/#breadcrumb\"},\"inLanguage\":\"de\",\"potentialAction\":[{\"@type\":\"ReadAction\",\"target\":[\"https:\/\/www.intarcon.com\/de\/kaltetechnik-fur-die-agrar-und-ernahrungsindustrie\/\"]}]},{\"@type\":\"ImageObject\",\"inLanguage\":\"de\",\"@id\":\"https:\/\/www.intarcon.com\/de\/kaltetechnik-fur-die-agrar-und-ernahrungsindustrie\/#primaryimage\",\"url\":\"https:\/\/www.intarcon.com\/wp-content\/uploads\/2022\/11\/refrigeracion-para-la-industria-agroalimentaria.webp\",\"contentUrl\":\"https:\/\/www.intarcon.com\/wp-content\/uploads\/2022\/11\/refrigeracion-para-la-industria-agroalimentaria.webp\",\"width\":2375,\"height\":927,\"caption\":\"Soluciones de refrigeraci\u00f3n para la industria agroalimentaria - INTARCON\"},{\"@type\":\"BreadcrumbList\",\"@id\":\"https:\/\/www.intarcon.com\/de\/kaltetechnik-fur-die-agrar-und-ernahrungsindustrie\/#breadcrumb\",\"itemListElement\":[{\"@type\":\"ListItem\",\"position\":1,\"name\":\"Portada\",\"item\":\"https:\/\/www.intarcon.com\/de\/\"},{\"@type\":\"ListItem\",\"position\":2,\"name\":\"K\u00fchlung von Lebensmitteln\",\"item\":\"https:\/\/www.intarcon.com\/de\/category\/kuhlung-von-lebensmitteln\/\"},{\"@type\":\"ListItem\",\"position\":3,\"name\":\"K\u00fchll\u00f6sungen f\u00fcr die Agrar- und Lebensmittelindustrie\"}]},{\"@type\":\"WebSite\",\"@id\":\"https:\/\/www.intarcon.com\/de\/#website\",\"url\":\"https:\/\/www.intarcon.com\/de\/\",\"name\":\"INTARCON\",\"description\":\"\",\"potentialAction\":[{\"@type\":\"SearchAction\",\"target\":{\"@type\":\"EntryPoint\",\"urlTemplate\":\"https:\/\/www.intarcon.com\/de\/?s={search_term_string}\"},\"query-input\":{\"@type\":\"PropertyValueSpecification\",\"valueRequired\":true,\"valueName\":\"search_term_string\"}}],\"inLanguage\":\"de\"},{\"@type\":\"Person\",\"@id\":\"https:\/\/www.intarcon.com\/de\/#\/schema\/person\/3953ab26cc806bd58bd91f8a62054c03\",\"name\":\"INTARCON\",\"image\":{\"@type\":\"ImageObject\",\"inLanguage\":\"de\",\"@id\":\"https:\/\/www.intarcon.com\/de\/#\/schema\/person\/image\/\",\"url\":\"https:\/\/secure.gravatar.com\/avatar\/15e7dea3e8aff0fc73c1fbe5156ed313f6044f5727ad9a8c9752574cacdce03d?s=96&d=mm&r=g\",\"contentUrl\":\"https:\/\/secure.gravatar.com\/avatar\/15e7dea3e8aff0fc73c1fbe5156ed313f6044f5727ad9a8c9752574cacdce03d?s=96&d=mm&r=g\",\"caption\":\"INTARCON\"}}]}<\/script>\n<!-- \/ Yoast SEO plugin. -->","yoast_head_json":{"title":"K\u00e4ltetechnik f\u00fcr die Agrar- und Ern\u00e4hrungsindustrie - INTARCON","description":"Was wird mit K\u00fchll\u00f6sungen f\u00fcr die Agrar- und Ern\u00e4hrungsindustrie erreicht? Entdecken Sie ihre Entwicklung, ihren Werdegang und ihre Vorteile.","robots":{"index":"index","follow":"follow","max-snippet":"max-snippet:-1","max-image-preview":"max-image-preview:large","max-video-preview":"max-video-preview:-1"},"canonical":"https:\/\/www.intarcon.com\/de\/kaltetechnik-fur-die-agrar-und-ernahrungsindustrie\/","og_locale":"de_DE","og_type":"article","og_title":"K\u00e4ltetechnik f\u00fcr die Agrar- und Ern\u00e4hrungsindustrie - INTARCON","og_description":"Was wird mit K\u00fchll\u00f6sungen f\u00fcr die Agrar- und Ern\u00e4hrungsindustrie erreicht? Entdecken Sie ihre Entwicklung, ihren Werdegang und ihre Vorteile.","og_url":"https:\/\/www.intarcon.com\/de\/kaltetechnik-fur-die-agrar-und-ernahrungsindustrie\/","og_site_name":"INTARCON","article_publisher":"https:\/\/www.facebook.com\/intarcon\/","article_published_time":"2022-11-24T11:42:22+00:00","article_modified_time":"2024-06-04T13:59:18+00:00","og_image":[{"width":2375,"height":927,"url":"https:\/\/www.intarcon.com\/wp-content\/uploads\/2022\/11\/refrigeracion-para-la-industria-agroalimentaria.webp","type":"image\/webp"}],"author":"INTARCON","twitter_card":"summary_large_image","twitter_creator":"@Intarcon","twitter_site":"@Intarcon","twitter_misc":{"Written by":"INTARCON","Est. reading time":"8 minutes"},"schema":{"@context":"https:\/\/schema.org","@graph":[{"@type":"WebPage","@id":"https:\/\/www.intarcon.com\/de\/kaltetechnik-fur-die-agrar-und-ernahrungsindustrie\/","url":"https:\/\/www.intarcon.com\/de\/kaltetechnik-fur-die-agrar-und-ernahrungsindustrie\/","name":"K\u00e4ltetechnik f\u00fcr die Agrar- und Ern\u00e4hrungsindustrie - INTARCON","isPartOf":{"@id":"https:\/\/www.intarcon.com\/de\/#website"},"primaryImageOfPage":{"@id":"https:\/\/www.intarcon.com\/de\/kaltetechnik-fur-die-agrar-und-ernahrungsindustrie\/#primaryimage"},"image":{"@id":"https:\/\/www.intarcon.com\/de\/kaltetechnik-fur-die-agrar-und-ernahrungsindustrie\/#primaryimage"},"thumbnailUrl":"https:\/\/www.intarcon.com\/wp-content\/uploads\/2022\/11\/refrigeracion-para-la-industria-agroalimentaria.webp","datePublished":"2022-11-24T11:42:22+00:00","dateModified":"2024-06-04T13:59:18+00:00","author":{"@id":"https:\/\/www.intarcon.com\/de\/#\/schema\/person\/3953ab26cc806bd58bd91f8a62054c03"},"description":"Was wird mit K\u00fchll\u00f6sungen f\u00fcr die Agrar- und Ern\u00e4hrungsindustrie erreicht? Entdecken Sie ihre Entwicklung, ihren Werdegang und ihre Vorteile.","breadcrumb":{"@id":"https:\/\/www.intarcon.com\/de\/kaltetechnik-fur-die-agrar-und-ernahrungsindustrie\/#breadcrumb"},"inLanguage":"de","potentialAction":[{"@type":"ReadAction","target":["https:\/\/www.intarcon.com\/de\/kaltetechnik-fur-die-agrar-und-ernahrungsindustrie\/"]}]},{"@type":"ImageObject","inLanguage":"de","@id":"https:\/\/www.intarcon.com\/de\/kaltetechnik-fur-die-agrar-und-ernahrungsindustrie\/#primaryimage","url":"https:\/\/www.intarcon.com\/wp-content\/uploads\/2022\/11\/refrigeracion-para-la-industria-agroalimentaria.webp","contentUrl":"https:\/\/www.intarcon.com\/wp-content\/uploads\/2022\/11\/refrigeracion-para-la-industria-agroalimentaria.webp","width":2375,"height":927,"caption":"Soluciones de refrigeraci\u00f3n para la industria agroalimentaria - INTARCON"},{"@type":"BreadcrumbList","@id":"https:\/\/www.intarcon.com\/de\/kaltetechnik-fur-die-agrar-und-ernahrungsindustrie\/#breadcrumb","itemListElement":[{"@type":"ListItem","position":1,"name":"Portada","item":"https:\/\/www.intarcon.com\/de\/"},{"@type":"ListItem","position":2,"name":"K\u00fchlung von Lebensmitteln","item":"https:\/\/www.intarcon.com\/de\/category\/kuhlung-von-lebensmitteln\/"},{"@type":"ListItem","position":3,"name":"K\u00fchll\u00f6sungen f\u00fcr die Agrar- und Lebensmittelindustrie"}]},{"@type":"WebSite","@id":"https:\/\/www.intarcon.com\/de\/#website","url":"https:\/\/www.intarcon.com\/de\/","name":"INTARCON","description":"","potentialAction":[{"@type":"SearchAction","target":{"@type":"EntryPoint","urlTemplate":"https:\/\/www.intarcon.com\/de\/?s={search_term_string}"},"query-input":{"@type":"PropertyValueSpecification","valueRequired":true,"valueName":"search_term_string"}}],"inLanguage":"de"},{"@type":"Person","@id":"https:\/\/www.intarcon.com\/de\/#\/schema\/person\/3953ab26cc806bd58bd91f8a62054c03","name":"INTARCON","image":{"@type":"ImageObject","inLanguage":"de","@id":"https:\/\/www.intarcon.com\/de\/#\/schema\/person\/image\/","url":"https:\/\/secure.gravatar.com\/avatar\/15e7dea3e8aff0fc73c1fbe5156ed313f6044f5727ad9a8c9752574cacdce03d?s=96&d=mm&r=g","contentUrl":"https:\/\/secure.gravatar.com\/avatar\/15e7dea3e8aff0fc73c1fbe5156ed313f6044f5727ad9a8c9752574cacdce03d?s=96&d=mm&r=g","caption":"INTARCON"}}]}},"_links":{"self":[{"href":"https:\/\/www.intarcon.com\/de\/wp-json\/wp\/v2\/posts\/72052","targetHints":{"allow":["GET"]}}],"collection":[{"href":"https:\/\/www.intarcon.com\/de\/wp-json\/wp\/v2\/posts"}],"about":[{"href":"https:\/\/www.intarcon.com\/de\/wp-json\/wp\/v2\/types\/post"}],"author":[{"embeddable":true,"href":"https:\/\/www.intarcon.com\/de\/wp-json\/wp\/v2\/users\/2"}],"replies":[{"embeddable":true,"href":"https:\/\/www.intarcon.com\/de\/wp-json\/wp\/v2\/comments?post=72052"}],"version-history":[{"count":0,"href":"https:\/\/www.intarcon.com\/de\/wp-json\/wp\/v2\/posts\/72052\/revisions"}],"wp:featuredmedia":[{"embeddable":true,"href":"https:\/\/www.intarcon.com\/de\/wp-json\/wp\/v2\/media\/72233"}],"wp:attachment":[{"href":"https:\/\/www.intarcon.com\/de\/wp-json\/wp\/v2\/media?parent=72052"}],"wp:term":[{"taxonomy":"category","embeddable":true,"href":"https:\/\/www.intarcon.com\/de\/wp-json\/wp\/v2\/categories?post=72052"},{"taxonomy":"post_tag","embeddable":true,"href":"https:\/\/www.intarcon.com\/de\/wp-json\/wp\/v2\/tags?post=72052"}],"curies":[{"name":"wp","href":"https:\/\/api.w.org\/{rel}","templated":true}]}}